{"id":525422,"date":"2025-11-10T18:09:14","date_gmt":"2025-11-10T18:09:14","guid":{"rendered":"https:\/\/www.europesays.com\/fr\/525422\/"},"modified":"2025-11-10T18:09:14","modified_gmt":"2025-11-10T18:09:14","slug":"tabacs-boulangeries-boutiques-la-liste-des-commerces-ouverts-a-rennes-ce-mardi-11-novembre","status":"publish","type":"post","link":"https:\/\/www.europesays.com\/fr\/525422\/","title":{"rendered":"Tabacs, boulangeries, boutiques&#8230; La liste des commerces ouverts \u00e0 Rennes ce mardi 11-Novembre"},"content":{"rendered":"<p>            Par<br \/>\n        <strong><br \/>\n            <a href=\"https:\/\/actu.fr\/auteur\/laurene-fertin\" title=\"Consulter tous les articles de Laur\u00e8ne Fertin\" target=\"_blank\" rel=\"noopener\">Laur\u00e8ne Fertin<\/a><br \/>\n        <\/strong><\/p>\n<p>        Publi\u00e9 le<\/p>\n<p>            10 nov. 2025 \u00e0 18h13        <\/p>\n<p>Apr\u00e8s <a href=\"https:\/\/actu.fr\/bretagne\/rennes_35238\/boulangeries-tabacs-commerces-grands-magasins-pour-ce-1er-novembre-a-rennes-voici-ce-qui-est-ouvert_63378681.html\" target=\"_blank\" rel=\"noopener\">le samedi 1\u1d49\u02b3 novembre<\/a>, le mardi\u00a011-Novembre est \u00e9galement un jour f\u00e9ri\u00e9 \u00e0 Rennes. Si vous avez une emplette de derni\u00e8re minute \u00e0 faire, la r\u00e9daction vous liste<strong> les commerces ouverts<\/strong> pr\u00e8s de chez vous\u2009: boulangeries, bureaux de tabac, centres commerciaux, magasins de bricolage (entre autres).<\/p>\n<p>Les tabacs ouverts<\/p>\n<ul class=\" wall-content\">\n<li><strong>Le Reinitas<\/strong> au <a href=\"https:\/\/www.google.fr\/maps\/place\/Le+Reinitas\/@48.0956106,-1.653447,1013m\/data=!3m2!1e3!4b1!4m6!3m5!1s0x480edf09b58a120f:0x5591011266cf974c!8m2!3d48.095607!4d-1.6508721!16s%2Fg%2F11fj2h41k8?entry=ttu&amp;g_ep=EgoyMDI1MTEwNC4xIKXMDSoASAFQAw%3D%3D\" target=\"_blank\" rel=\"noopener\">115,<\/a><a href=\"https:\/\/www.google.fr\/maps\/place\/Le+Reinitas\/@48.0956106,-1.653447,1013m\/data=!3m2!1e3!4b1!4m6!3m5!1s0x480edf09b58a120f:0x5591011266cf974c!8m2!3d48.095607!4d-1.6508721!16s%2Fg%2F11fj2h41k8?entry=ttu&amp;g_ep=EgoyMDI1MTEwNC4xIKXMDSoASAFQAw%3D%3D\" target=\"_blank\" rel=\"noopener\"> rue de Vern<\/a>\u2009: ouvert de 7h30 \u00e0 12h30\u2009;<\/li>\n<li><strong>Tabac Presse La Bellangerais<\/strong>\u00a0<a href=\"https:\/\/www.google.fr\/maps\/place\/Tabac+Presse+la+Bellangerais\/@48.135991,-1.6698072,1012m\/data=!3m2!1e3!4b1!4m6!3m5!1s0x480edf8f680475a9:0x57b5ef75b6028f4f!8m2!3d48.1359874!4d-1.6672323!16s%2Fg%2F11r3sh_q_4?entry=ttu&amp;g_ep=EgoyMDI1MTEwNC4xIKXMDSoASAFQAw%3D%3D\" target=\"_blank\" rel=\"noopener\">au 3, rue du Morbihan<\/a>\u2009: ouvert le matin (horaires non pr\u00e9cis\u00e9s)\u2009;<\/li>\n<li><strong>Tabac Presse Loto Le Chiquito<\/strong>, <a href=\"https:\/\/www.google.fr\/maps\/place\/Tabac+Presse+Loto+le+Chiquito\/@48.3189026,-1.8318522,129064m\/data=!3m1!1e3!4m10!1m2!2m1!1sLe+Chiquito!3m6!1s0x480edf5818cb9621:0xbad12af5f644122d!8m2!3d48.1143273!4d-1.6810231!15sCgtMZSBDaGlxdWl0b5IBDHRvYmFjY29fc2hvcOABAA!16s%2Fg%2F11f5dn5_ff?entry=ttu&amp;g_ep=EgoyMDI1MTEwNC4xIKXMDSoASAFQAw%3D%3D\" target=\"_blank\" rel=\"noopener\">place Sainte-Anne<\/a>\u2009: de 10h30 jusqu\u2019\u00e0 18h\u2009;<\/li>\n<li><strong>Le Tonic<\/strong>, au <a href=\"https:\/\/www.google.fr\/maps\/place\/Le+Tonic\/@48.1000881,-1.6834754,1013m\/data=!3m2!1e3!4b1!4m6!3m5!1s0x480edfcf189d0a45:0x6e21bdbee6bcb505!8m2!3d48.1000845!4d-1.6809005!16s%2Fg%2F11b6d41zmh?entry=ttu&amp;g_ep=EgoyMDI1MTEwNC4xIKXMDSoASAFQAw%3D%3D\" target=\"_blank\" rel=\"noopener\">45, rue Ange-Blaize<\/a>\u2009: ouvert de 9h \u00e0 16h\u2009;<\/li>\n<li><strong>Au Vizir,<\/strong> au <a href=\"https:\/\/www.google.fr\/maps\/place\/Au+Vizir\/@48.1120343,-1.6817115,1012m\/data=!3m2!1e3!4b1!4m6!3m5!1s0x480ede341118c3d9:0xb69ce7d04727e3eb!8m2!3d48.1120307!4d-1.6791366!16s%2Fg%2F11c2kg8rny?entry=ttu&amp;g_ep=EgoyMDI1MTEwNC4xIKXMDSoASAFQAw%3D%3D\" target=\"_blank\" rel=\"noopener\">4, rue d\u2019Estr\u00e9es<\/a>\u2009: ouvert de 10h \u00e0 18h\u2009;<\/li>\n<li><strong>Tabac Presse Les Marelles,<\/strong> <a href=\"https:\/\/www.google.fr\/maps\/place\/Tabac+Presse+les+Marelles\/@48.0879613,-1.6235054,1013m\/data=!3m3!1e3!4b1!5s0x480edf47912d590d:0x77284fcf7e8e6fff!4m6!3m5!1s0x480edf47ee7b12c1:0x81cbe3041d74f42c!8m2!3d48.0879577!4d-1.6209305!16s%2Fg%2F11b6d77ng2?entry=ttu&amp;g_ep=EgoyMDI1MTEwNC4xIKXMDSoASAFQAw%3D%3D\" target=\"_blank\" rel=\"noopener\">place des Marelles \u00e0 Chantepie<\/a>\u2009: ouvert de 9h \u00e0 18h\u2009;<\/li>\n<li><strong>Tabac Presse Le Janvier<\/strong>, <a href=\"https:\/\/www.google.fr\/maps\/place\/\/@48.1053153,-1.6755446,1013m\/data=!3m1!1e3!4m5!1m2!2m1!1sTabac+Presse+le+janvier!3m1!15sChdUYWJhYyBQcmVzc2UgbGUgamFudmllcloZIhd0YWJhYyBwcmVzc2UgbGUgamFudmllcpIBDHRvYmFjY29fc2hvcJoBI0NoWkRTVWhOTUc5blMwVkpRMEZuU1VONGVXWnRORUZuRUFF4AEA-gEECGgQDg?entry=ttu&amp;g_ep=EgoyMDI1MTEwNC4xIKXMDSoASAFQAw%3D%3D\" target=\"_blank\" rel=\"noopener\">24, avenue Jean-Janvier<\/a>\u2009: ouvert de 9h \u00e0 19h\u2009;<\/li>\n<li><strong>Tabac Presse Au Bretagne, <\/strong><a href=\"https:\/\/www.google.fr\/maps\/place\/Au+Bretagne\/@48.1053259,-1.6781195,2025m\/data=!3m1!1e3!4m10!1m2!2m1!1sTabac+Presse+Au+Bretagne!3m6!1s0x480edfa0161c2e97:0x3884261ea36e59e!8m2!3d48.1091978!4d-1.6836013!15sChhUYWJhYyBQcmVzc2UgQXUgQnJldGFnbmVaGiIYdGFiYWMgcHJlc3NlIGF1IGJyZXRhZ25lkgEMdG9iYWNjb19zaG9wmgEkQ2hkRFNVaE5NRzluUzBWSlEwRm5TVVF5T0haMlNXeDNSUkFC4AEA-gEECAAQRw!16s%2Fg%2F11ng7c3jz7?entry=ttu&amp;g_ep=EgoyMDI1MTEwNC4xIKXMDSoASAFQAw%3D%3D\" target=\"_blank\" rel=\"noopener\">au 7, place de Bretagne<\/a>\u2009: ouvert de 10h \u00e0 18h\u2009;<\/li>\n<li><strong>Tabac Presse La Joffrerie,<\/strong> au <a href=\"https:\/\/www.google.com\/maps?hl=fr&amp;gl=fr&amp;um=1&amp;ie=UTF-8&amp;fb=1&amp;sa=X&amp;ftid=0x480ede34c55039b1:0xc04c723a291e8c5a\" target=\"_blank\" rel=\"noopener\">14, rue Mar\u00e9chal-Joffre<\/a>\u2009: ouvert de 9h \u00e0 19h.<\/li>\n<\/ul>\n<p class=\" wall-content\"><strong>Les tabacs ferm\u00e9s<\/strong>\u2009: Tabac Presse du Landry, Tabac Kennedy, La maison du fumeur, Tabac Presse Les Horizons, Tabac Presse du Pilate (ferm\u00e9 tous les jours f\u00e9ri\u00e9s).<\/p>\n<p class=\" wall-content\">Cette liste n\u2019est pas exhaustive\u2009: les bars-tabacs qui n\u2019ont pas \u00e9t\u00e9 mentionn\u00e9s dans cet article sont ceux qui n\u2019ont pas r\u00e9pondu \u00e0 nos sollicitations par t\u00e9l\u00e9phone.<\/p>\n<p>Les boulangeries ouvertes<\/p>\n<ul class=\" wall-content\">\n<li><strong>Maison Fontaine<\/strong>, <a href=\"https:\/\/www.google.fr\/maps\/place\/Boulangerie+Maison+Fontaine\/@48.0992937,-1.6557046,1013m\/data=!3m2!1e3!4b1!4m6!3m5!1s0x480edf007d997d27:0x4e16af2761f866d9!8m2!3d48.0992901!4d-1.6531297!16s%2Fg%2F11sfjs3wm_?entry=ttu&amp;g_ep=EgoyMDI1MTEwNC4xIKXMDSoASAFQAw%3D%3D\" target=\"_blank\" rel=\"noopener\">au 27, boulevard L\u00e9on-Bourgeois<\/a>\u2009: ouverte de 6h45 \u00e0 19h30\u2009;<\/li>\n<li><strong>Le Fournil Vasselot<\/strong>, <a href=\"https:\/\/www.google.fr\/maps\/place\/Le+Fournil+Vasselot\/@48.1086701,-1.6809776,1012m\/data=!3m2!1e3!4b1!4m6!3m5!1s0x480ede34c6603cc9:0x47c2c44f10fd89c7!8m2!3d48.1086665!4d-1.6784027!16s%2Fg%2F1tgf2m7z?entry=ttu&amp;g_ep=EgoyMDI1MTEwNC4xIKXMDSoASAFQAw%3D%3D\" target=\"_blank\" rel=\"noopener\">au 13, rue Vasselot<\/a>\u2009: ouvert de 7h \u00e0 20h\u2009;<\/li>\n<li><strong>L\u2019Attrape-Douceurs<\/strong>\u2009: quartier Sainte-Th\u00e9r\u00e8se au <a href=\"https:\/\/www.google.fr\/maps\/place\/15+Rue+Pierre+Lebelle,+35000+Rennes\/@48.0955583,-1.6654415,1013m\/data=!3m2!1e3!4b1!4m6!3m5!1s0x480edfa4d50c6887:0xb46fef21ff85a3fb!8m2!3d48.0955547!4d-1.6628666!16s%2Fg%2F11bz_4dsyd?entry=ttu&amp;g_ep=EgoyMDI1MTEwNC4xIKXMDSoASAFQAw%3D%3D\" target=\"_blank\" rel=\"noopener\">15, rue Pierre-Lebelle<\/a> ouvert de 7h \u00e0 13h\u2009; dans le quartier Br\u00e9quigny au <a href=\"https:\/\/www.google.fr\/maps\/place\/262+Rue+de+Nantes,+35136+Saint-Jacques-de-la-Lande\/@48.0910342,-1.6950967,1013m\/data=!3m2!1e3!4b1!4m6!3m5!1s0x480edfdf1d7559eb:0xa776f21410a1363f!8m2!3d48.0910306!4d-1.6925218!16s%2Fg%2F11bw416kl6?entry=ttu&amp;g_ep=EgoyMDI1MTEwNC4xIKXMDSoASAFQAw%3D%3D\" target=\"_blank\" rel=\"noopener\">262, rue de Nantes<\/a> ouvert de 7h \u00e0 19h\u2009; \u00e0 Betton au <a href=\"https:\/\/www.google.fr\/maps\/place\/14+Av.+d&#039;Armorique,+35830+Betton\/@48.1813285,-1.6406758,1011m\/data=!3m2!1e3!4b1!4m6!3m5!1s0x480edc5db3756fef:0xc3dc13ab2214d086!8m2!3d48.181325!4d-1.6381009!16s%2Fg%2F11nnk_01gm?entry=ttu&amp;g_ep=EgoyMDI1MTEwNC4xIKXMDSoASAFQAw%3D%3D\" target=\"_blank\" rel=\"noopener\">14, avenue Armorique<\/a> ouvert de 7h \u00e0 13h\u2009; au centre commercial les Longs-Champs, <a href=\"https:\/\/www.google.fr\/maps\/place\/5+All.+Morvan+Lebesque,+35700+Rennes\/@48.1307556,-1.6381427,1012m\/data=!3m2!1e3!4b1!4m6!3m5!1s0x480ede95783dde93:0x483e3cef201db55c!8m2!3d48.1307521!4d-1.6332718!16s%2Fg%2F11rjnfdg_r?entry=ttu&amp;g_ep=EgoyMDI1MTEwNC4xIKXMDSoASAFQAw%3D%3D\" target=\"_blank\" rel=\"noopener\">5, All\u00e9e Morvan-Lebesque<\/a> l\u2019enseigne sera <strong>ferm\u00e9e<\/strong>\u2009;<\/li>\n<li><strong>Grand-P\u00e8re Jules<\/strong>, au <a href=\"https:\/\/www.google.fr\/maps\/place\/Grand+p%C3%A8re+Jules+(Nemours)\/@48.1077944,-1.6829067,1012m\/data=!3m2!1e3!4b1!4m6!3m5!1s0x480edf8296a49089:0x881d24a9eb3fc6fd!8m2!3d48.1077908!4d-1.6803318!16s%2Fg%2F11y3_yhx28?entry=ttu&amp;g_ep=EgoyMDI1MTEwNC4xIKXMDSoASAFQAw%3D%3D\" target=\"_blank\" rel=\"noopener\">28, rue de Nemours<\/a>\u2009: ouvert de 7h30 \u00e0 13h30\u2009;<\/li>\n<li><strong>Boulangerie-p\u00e2tisserie Jeanne-d\u2019Arc,<\/strong> au <a href=\"https:\/\/www.google.fr\/maps\/place\/Boulangerie+Patisserie+Jeanne+d&#039;Arc\/@48.1152423,-1.6589583,1012m\/data=!3m2!1e3!4b1!4m6!3m5!1s0x480ede56f95eb27d:0xb90295798ef0115b!8m2!3d48.1152387!4d-1.6563834!16s%2Fg%2F11fylyqbyz?entry=ttu&amp;g_ep=EgoyMDI1MTEwNC4xIKXMDSoASAFQAw%3D%3D\" target=\"_blank\" rel=\"noopener\">10, rue Danton<\/a>\u2009: ouverte de 7h \u00e0 13h\u2009;<\/li>\n<li><strong>Boulangerie Chouet<\/strong>, au <a href=\"https:\/\/www.google.fr\/maps\/place\/Boulangerie+Chouet\/@48.1144494,-1.6053054,1012m\/data=!3m2!1e3!4b1!4m6!3m5!1s0x480ed92ea993e3b9:0xaedf489bf368208d!8m2!3d48.1144458!4d-1.6027305!16s%2Fg%2F1tcwqjkm?entry=ttu&amp;g_ep=EgoyMDI1MTEwNC4xIKXMDSoASAFQAw%3D%3D\" target=\"_blank\" rel=\"noopener\">4, rue de Paris<\/a> \u00e0 Cesson-S\u00e9vign\u00e9\u2009: ouvert de 7h30 \u00e0 13h\u2009;<\/li>\n<li><strong>Le Fournil de Bourgchevreuil<\/strong>, au centre commercial <a href=\"https:\/\/www.google.fr\/maps\/place\/Le+fournil+de+Bourgchevreuil\/@48.1223473,-1.6023426,1012m\/data=!3m2!1e3!4b1!4m6!3m5!1s0x480ed9da1ffa6b67:0xe35dd9369aa0dc!8m2!3d48.1223437!4d-1.5997677!16s%2Fg%2F11g1tdw4vt?entry=ttu&amp;g_ep=EgoyMDI1MTEwNC4xIKXMDSoASAFQAw%3D%3D\" target=\"_blank\" rel=\"noopener\">50, boulevard des M\u00e9tairies<\/a> \u00e0 Cesson-S\u00e9vign\u00e9\u2009: ouvert de 7h \u00e0 12h30\u2009;<\/li>\n<li><strong>Maison B\u00e9cam<\/strong>, au <a href=\"https:\/\/www.google.fr\/maps\/place\/Boulangerie+P%C3%A2tisserie+Maison+B%C3%A9cam+-+Rennes\/@47.6654119,-2.0494802,261418m\/data=!3m1!1e3!4m10!1m2!2m1!1sMAISON+B%C3%89CAM!3m6!1s0x480edf280fd8fd3d:0xaf033aa8d5e7eb38!8m2!3d48.118358!4d-1.671279!15sCg1NQUlTT04gQsOJQ0FNWg8iDW1haXNvbiBiw6ljYW2SAQZiYWtlcnngAQA!16s%2Fg%2F11x0pgb3_y?entry=ttu&amp;g_ep=EgoyMDI1MTEwNC4xIKXMDSoASAFQAw%3D%3D\" target=\"_blank\" rel=\"noopener\">69, rue Jean-Gu\u00e9henno<\/a>\u2009: ouvert de 7h \u00e0 20h\u2009;<\/li>\n<li><strong>Ange<\/strong>, au <a href=\"https:\/\/www.google.fr\/maps\/place\/BOULANGERIE+ANGE\/@48.1024162,-1.6784319,8101m\/data=!3m1!1e3!4m10!1m2!2m1!1sange+boulangerie!3m6!1s0x480edff58eb8f485:0xdc14353270e3c5a4!8m2!3d48.096849!4d-1.640539!15sChBhbmdlIGJvdWxhbmdlcmllIgOIAQFaEiIQYW5nZSBib3VsYW5nZXJpZZIBBmJha2VyeeABAA!16s%2Fg%2F11y8hmb8tn?entry=ttu&amp;g_ep=EgoyMDI1MTEwNC4xIKXMDSoASAFQAw%3D%3D\" target=\"_blank\" rel=\"noopener\">17, rue de Ch\u00e2teaugiron<\/a>\u2009: ouvert de 7h \u00e0 20h\u2009; <strong>ferm\u00e9<\/strong> en revanche \u00e0 la ZA de Bray (<a href=\"https:\/\/www.google.fr\/maps\/place\/ZA+de+Bray,+40+Rue+de+Bray,+35510+Cesson-S%C3%A9vign%C3%A9\/@48.1073435,-1.6179594,1012m\/data=!3m2!1e3!4b1!4m6!3m5!1s0x480edf298bafa08d:0x167a064cc501900!8m2!3d48.1073399!4d-1.6153845!16s%2Fg%2F11c43xqz1x?entry=ttu&amp;g_ep=EgoyMDI1MTEwNC4xIKXMDSoASAFQAw%3D%3D\" target=\"_blank\" rel=\"noopener\">40, rue de Bray<\/a>) \u00e0 Cesson-S\u00e9vign\u00e9\u2009;<\/li>\n<li><strong>Boulangerie du Thabor<\/strong>, au <a href=\"https:\/\/www.google.fr\/maps\/place\/La+Boulangerie+du+Thabor\/@48.1125551,-1.6688818,1012m\/data=!3m2!1e3!4b1!4m6!3m5!1s0x480ede4dd1752a17:0xf9ec4695c9b82b6d!8m2!3d48.1125515!4d-1.6663069!16s%2Fg%2F1vq9lpdj?entry=ttu&amp;g_ep=EgoyMDI1MTEwNC4xIKXMDSoASAFQAw%3D%3D\" target=\"_blank\" rel=\"noopener\">45, rue de Paris<\/a>\u2009: ouverte jusqu\u2019\u00e0 15h.<\/li>\n<\/ul>\n<p class=\" wall-content\"><strong>Les boulangeries ferm\u00e9es<\/strong>\u2009: Seize heures trente, rue Saint-Malo et rue Hoche, la boulangerie du Thabor (rue de Paris),<\/p>\n<p class=\" wall-content\">Cette liste n\u2019est pas exhaustive\u2009: les boulangeries qui n\u2019ont pas \u00e9t\u00e9 mentionn\u00e9es dans cet article sont ceux qui n\u2019ont pas r\u00e9pondu \u00e0 nos sollicitations par t\u00e9l\u00e9phone.<\/p>\n<p>Votre r\u00e9gion, votre actu !<\/p>\n<p>Recevez chaque jour les infos qui comptent pour vous.<\/p>\n<p>\t<a href=\"https:\/\/actu.fr\/newsletter\" class=\"ac-btn ac-btn--corner ac-btn--medium ac-btn--blue800\" target=\"_blank\" rel=\"noopener\">S&rsquo;incrire<\/a><br \/>\nLes commerces du centre-ville ouverts<\/p>\n<ul class=\" wall-content\">\n<li>Devred 1902\u2009; Yellow Korner\u2009; Adopt\u2019 parfumerie\u2009; Bonobo\u2009; Bayoo Tattoo\u2009; Devernois\u2009; Nuo\u2009; Des petits hauts\u2009; Princesse tam tam\u2009; Basilic and Co\u2009; La taverne de la marine\u2009; O bien \u00eatre\u2009; caroll\u2009; Sess\u00f9n\u2009; Nocibe\u2009; TBS\u2009; Sarah store\u2009; La F\u00e9e Cabosse\u2009; American Vintage\u2009; Zadig et Voltaire\u2009; Les Trois Marguerites\u2009; Fl\u00e2neurs\u2009; Breizh Caf\u00e9\u2009; Ty Chou\u2009; Le petit souk\u2009; Bexley\u2009; Signature-Training\u2009; Mousqueton\u2009; atelier du chocolat\u2009; Caudalie\u2009; Courbettes et galipettes\u2009; \u00c0 l\u2019Aise Breizh\u2009; Saga Cosmetics\u2009; Maison Bouvier\u2009; Subway\u2009; Boutique Linvosges\u2009; Krys\u2009; Leonidas\u2009; Ker Nan\u2009; Paul Marius\u2009; Cyrillus\u2009; Crea\u2009; Wow\u2009; Intimissimi\u2009; JS Gallery\u2009; Super U Rennes\u2009; Madura\u2009; Jojo\u2019s dough\u2009; Fromagerie Bale\u2009; ItsOnly\u2009; Bocage\u2009; Madura\u2009; Lafaurie\u2009; Made in frogs\u2009; Qu\u2019Importe l\u2019Ivresse\u2009; L\u2019amuse-bouche\u2009; Toscane\u2009; Outre mesure\u2009; Get Out\u2009!\u2009; Papa pique et maman coud\u2009; Un jour ailleurs\u2009; Les enfants d\u2019abord\u2009!\u2009; Galeries Lafayette\u2009; La Visitation\u2009; 7 Grammes\u2009; Le capitole.<\/li>\n<\/ul>\n<p>Les centres commerciaux ouverts<\/p>\n<ul class=\" wall-content\">\n<li><strong>Alma<\/strong>, de 10h \u00e0 19h\u2009;<\/li>\n<li><strong>Cleunay,<\/strong> de 9h30 \u00e0 19h\u2009;<\/li>\n<li><strong>Grand Quartier<\/strong>, de 10h \u00e0 19h (Super U, de 9h \u00e0 19h et Brico D\u00e9p\u00f4t, de 8h \u00e0 19h)\u2009;<\/li>\n<li><strong>Carrefour Rennes Cesson<\/strong> (horaires non pr\u00e9cis\u00e9s)\u2009;<\/li>\n<li><strong>Colombia,<\/strong> de 10h \u00e0 19h\u2009;<\/li>\n<li><strong>E. Leclerc Saint-Gr\u00e9goire Le Centre,<\/strong> de 10h \u00e0 19h\u2009;<\/li>\n<li><strong>La Visitation,<\/strong> de 10h \u00e0 19h\u2009;<\/li>\n<\/ul>\n<p class=\" wall-content\">Les centres commerciaux des <strong>Longs-Champs<\/strong> et des <strong>Trois soleils<\/strong> seront en revanche <strong>ferm\u00e9s.<\/strong><\/p>\n<p>Les grands magasins<\/p>\n<ul class=\" wall-content\">\n<li><strong>Decathlon Chantepie<\/strong> ouvert de 10h \u00e0 18h et <strong>Decathlon Betton<\/strong> de 10h \u00e0 19h\u2009;<\/li>\n<li><strong>Leroy Merlin<\/strong> Chantepie et Leroy Merlin Betton de 9h \u00e0 19h\u2009;<\/li>\n<li><strong>Castorama<\/strong> de Saint-Jacques-de-la-Lande de 9h \u00e0 19h\u2009;<\/li>\n<li><strong>Cultura<\/strong> Chantepie et Cultura Saint-Gr\u00e9goire de 10h \u00e0 19h.<\/li>\n<\/ul>\n<p class=\" wall-content\">Personnalisez votre actualit\u00e9 en ajoutant vos villes et m\u00e9dias en favori avec <a href=\"https:\/\/moncompte.actu.fr\" title=\"D\u00e9couvez Mon Actu\" rel=\"nofollow noopener\" data-trk=\"{&quot;cta&quot;:{&quot;action&quot;:&quot;https:\\\/\\\/moncompte.actu.fr&quot;,&quot;category&quot;:&quot;mon compte&quot;,&quot;from&quot;:&quot;article footer&quot;,&quot;name&quot;:&quot;Mon actu&quot;,&quot;type&quot;:&quot;cta&quot;}}\" target=\"_blank\">Mon Actu<\/a>.<\/p>\n","protected":false},"excerpt":{"rendered":"Par Laur\u00e8ne Fertin Publi\u00e9 le 10 nov. 2025 \u00e0 18h13 Apr\u00e8s le samedi 1\u1d49\u02b3 novembre, le mardi\u00a011-Novembre est&hellip;\n","protected":false},"author":2,"featured_media":525423,"comment_status":"","ping_status":"","sticky":false,"template":"","format":"standard","meta":{"footnotes":""},"categories":[2821],"tags":[1111,11,829,215,1777,674,1011,27,39144,12,584,25,104],"class_list":{"0":"post-525422","1":"post","2":"type-post","3":"status-publish","4":"format-standard","5":"has-post-thumbnail","7":"category-rennes","8":"tag-actu","9":"tag-actualites","10":"tag-bretagne","11":"tag-commerce","12":"tag-eu","13":"tag-europe","14":"tag-fr","15":"tag-france","16":"tag-jours-feries","17":"tag-news","18":"tag-rennes","19":"tag-republique-francaise","20":"tag-societe"},"share_on_mastodon":{"url":"https:\/\/pubeurope.com\/@fr\/115526747136918448","error":""},"_links":{"self":[{"href":"https:\/\/www.europesays.com\/fr\/wp-json\/wp\/v2\/posts\/525422","targetHints":{"allow":["GET"]}}],"collection":[{"href":"https:\/\/www.europesays.com\/fr\/wp-json\/wp\/v2\/posts"}],"about":[{"href":"https:\/\/www.europesays.com\/fr\/wp-json\/wp\/v2\/types\/post"}],"author":[{"embeddable":true,"href":"https:\/\/www.europesays.com\/fr\/wp-json\/wp\/v2\/users\/2"}],"replies":[{"embeddable":true,"href":"https:\/\/www.europesays.com\/fr\/wp-json\/wp\/v2\/comments?post=525422"}],"version-history":[{"count":0,"href":"https:\/\/www.europesays.com\/fr\/wp-json\/wp\/v2\/posts\/525422\/revisions"}],"wp:featuredmedia":[{"embeddable":true,"href":"https:\/\/www.europesays.com\/fr\/wp-json\/wp\/v2\/media\/525423"}],"wp:attachment":[{"href":"https:\/\/www.europesays.com\/fr\/wp-json\/wp\/v2\/media?parent=525422"}],"wp:term":[{"taxonomy":"category","embeddable":true,"href":"https:\/\/www.europesays.com\/fr\/wp-json\/wp\/v2\/categories?post=525422"},{"taxonomy":"post_tag","embeddable":true,"href":"https:\/\/www.europesays.com\/fr\/wp-json\/wp\/v2\/tags?post=525422"}],"curies":[{"name":"wp","href":"https:\/\/api.w.org\/{rel}","templated":true}]}}