{"id":525442,"date":"2025-11-10T18:19:15","date_gmt":"2025-11-10T18:19:15","guid":{"rendered":"https:\/\/www.europesays.com\/fr\/525442\/"},"modified":"2025-11-10T18:19:15","modified_gmt":"2025-11-10T18:19:15","slug":"a-toulouse-feelinks-ouvre-la-chasse","status":"publish","type":"post","link":"https:\/\/www.europesays.com\/fr\/525442\/","title":{"rendered":"A Toulouse, Feelinks ouvre la chasse !"},"content":{"rendered":"<p>Apr\u00e8s plus de vingt ans pass\u00e9s \u00e0 la t\u00eate d\u2019Es-T\u00eate, cabinet de recrutement qu\u2019il avait fond\u00e9 \u00e0 Toulouse, Laurent Besson entame une nouvelle \u00e9tape de sa carri\u00e8re. Il vient de rejoindre le groupe Feelinks, cr\u00e9\u00e9 en 2017 par Vincent Furlan, pour codiriger une entit\u00e9 sp\u00e9cialis\u00e9e dans la chasse de t\u00eates. \u00ab\u00a0L\u2019id\u00e9e d\u2019un rapprochement est n\u00e9e pendant le Covid, lorsque j\u2019ai r\u00e9uni plusieurs cabinets RH toulousains. Elle a germ\u00e9 depuis\u00a0\u00bb, raconte le CEO de Feelinks. \u00ab\u00a0Laurent est un expert de l\u2019executive search, une activit\u00e9 que je souhaitais d\u00e9velopper depuis longtemps. Et pour nous, c\u2019est un peu comme si on avait int\u00e9gr\u00e9 Mbapp\u00e9 dans l\u2019\u00e9quipe\u00a0!\u00a0\u00bb ajoute-t-il dans un sourire. De son c\u00f4t\u00e9, Laurent Besson se dit enthousiasm\u00e9 par ce nouveau cap\u00a0: \u00ab\u00a0Nos expertises sont compl\u00e9mentaires et la strat\u00e9gie de d\u00e9veloppement de Feelinks au national m\u2019ouvre de nouvelles perspectives.\u00a0\u00bb<\/p>\n<p>Une offre renforc\u00e9e et des ambitions nationales<\/p>\n<p>Avec ce rapprochement, le r\u00e9seau des deux associ\u00e9s vient consolider le portefeuille clients du groupe, qui compte une vingtaine de collaborateurs. Et une charg\u00e9e de d\u00e9veloppement vient d\u2019\u00eatre recrut\u00e9e pour accompagner la nouvelle activit\u00e9, baptis\u00e9e Feelinks Executive Search. Cette septi\u00e8me entit\u00e9 vient compl\u00e9ter un dispositif d\u00e9j\u00e0 tourn\u00e9 vers la croissance. \u00ab\u00a0Elle s\u2019imbrique parfaitement dans nos projets d\u2019expansion\u00a0\u00bb, souligne Vincent Furlan. Apr\u00e8s Toulouse, Nantes et Bayonne, Feelinks projette ainsi l\u2019ouverture d\u2019un cabinet \u00e0 Paris, puis un \u00e0 Lyon courant 2026.<\/p>\n<p>En attendant, Laurent Besson pr\u00e9pare ses premi\u00e8res missions. Dans sa ligne de mire, des cadres en charge des plus hautes responsabilit\u00e9s\u00a0: directeurs administratif et financier, directeurs marketing, directeurs des op\u00e9rations, directeurs des ressources humaines&#8230; Des profils bien souvent d\u00e9j\u00e0 en poste, qu\u2019il faut savoir approcher avec tact. \u00ab\u00a0Mon r\u00f4le consiste \u00e0 \u00e9tablir une relation de confiance, essentielle pour les candidats comme pour les clients\u00a0\u00bb, insiste le nouveau codirigeant de Feelinks Executive Search. Malgr\u00e9 un march\u00e9 du recrutement encore instable, la rentr\u00e9e s\u2019annonce encourageante\u00a0: \u00ab\u00a0Septembre se r\u00e9v\u00e8le meilleur que pr\u00e9vu, et l\u2019activit\u00e9 est particuli\u00e8rement soutenue pour Feelinks\u00a0\u00bb, constate-t-il. L\u2019ann\u00e9e derni\u00e8re, le groupe ind\u00e9pendant a r\u00e9alis\u00e9 2 millions d\u2019euros de chiffre d\u2019affaires.<br class=\"autobr\"\/><br \/>\nIngrid Lemelle<\/p>\n<p>Sur la photo\u00a0: Vincent Furlan (\u00e0 gauche) et Laurent Besson, associ\u00e9s de la nouvelle entit\u00e9 Feelinks Executive Search. Photo DR.<\/p>\n","protected":false},"excerpt":{"rendered":"Apr\u00e8s plus de vingt ans pass\u00e9s \u00e0 la t\u00eate d\u2019Es-T\u00eate, cabinet de recrutement qu\u2019il avait fond\u00e9 \u00e0 Toulouse,&hellip;\n","protected":false},"author":2,"featured_media":525443,"comment_status":"","ping_status":"","sticky":false,"template":"","format":"standard","meta":{"footnotes":""},"categories":[2816],"tags":[1111,11,341,1777,674,64512,1011,27,12,2680,7099,25,8322,2312],"class_list":{"0":"post-525442","1":"post","2":"type-post","3":"status-publish","4":"format-standard","5":"has-post-thumbnail","7":"category-toulouse","8":"tag-actu","9":"tag-actualites","10":"tag-emploi","11":"tag-eu","12":"tag-europe","13":"tag-feelinks","14":"tag-fr","15":"tag-france","16":"tag-news","17":"tag-occitanie","18":"tag-recrutement","19":"tag-republique-francaise","20":"tag-ressources-humaines","21":"tag-toulouse"},"share_on_mastodon":{"url":"https:\/\/pubeurope.com\/@fr\/115526786459104181","error":""},"_links":{"self":[{"href":"https:\/\/www.europesays.com\/fr\/wp-json\/wp\/v2\/posts\/525442","targetHints":{"allow":["GET"]}}],"collection":[{"href":"https:\/\/www.europesays.com\/fr\/wp-json\/wp\/v2\/posts"}],"about":[{"href":"https:\/\/www.europesays.com\/fr\/wp-json\/wp\/v2\/types\/post"}],"author":[{"embeddable":true,"href":"https:\/\/www.europesays.com\/fr\/wp-json\/wp\/v2\/users\/2"}],"replies":[{"embeddable":true,"href":"https:\/\/www.europesays.com\/fr\/wp-json\/wp\/v2\/comments?post=525442"}],"version-history":[{"count":0,"href":"https:\/\/www.europesays.com\/fr\/wp-json\/wp\/v2\/posts\/525442\/revisions"}],"wp:featuredmedia":[{"embeddable":true,"href":"https:\/\/www.europesays.com\/fr\/wp-json\/wp\/v2\/media\/525443"}],"wp:attachment":[{"href":"https:\/\/www.europesays.com\/fr\/wp-json\/wp\/v2\/media?parent=525442"}],"wp:term":[{"taxonomy":"category","embeddable":true,"href":"https:\/\/www.europesays.com\/fr\/wp-json\/wp\/v2\/categories?post=525442"},{"taxonomy":"post_tag","embeddable":true,"href":"https:\/\/www.europesays.com\/fr\/wp-json\/wp\/v2\/tags?post=525442"}],"curies":[{"name":"wp","href":"https:\/\/api.w.org\/{rel}","templated":true}]}}