{"id":525444,"date":"2025-11-10T18:20:37","date_gmt":"2025-11-10T18:20:37","guid":{"rendered":"https:\/\/www.europesays.com\/fr\/525444\/"},"modified":"2025-11-10T18:20:37","modified_gmt":"2025-11-10T18:20:37","slug":"ilevia-la-ligne-1-du-metro-de-lille-interrompue-ce-lundi-en-raison-dun-incident-sur-une-rame","status":"publish","type":"post","link":"https:\/\/www.europesays.com\/fr\/525444\/","title":{"rendered":"Il\u00e9via. La ligne 1 du m\u00e9tro de Lille interrompue ce lundi en raison d&rsquo;un incident sur une rame"},"content":{"rendered":"<p>            Par<br \/>\n        <strong><br \/>\n            <a href=\"https:\/\/actu.fr\/auteur\/redaction-lille\" title=\"Consulter tous les articles de R\u00e9daction Lille\" target=\"_blank\" rel=\"noopener\">R\u00e9daction Lille<\/a><br \/>\n        <\/strong><\/p>\n<p>        Publi\u00e9 le<\/p>\n<p>            10 nov. 2025 \u00e0 15h39        <\/p>\n<p><b>Une demi-heure d\u2019interruption annonc\u00e9e<\/b>, qui perturbe les trajets des voyageurs du r\u00e9seau. La ligne 1 du m\u00e9tro de <a href=\"https:\/\/actu.fr\/hauts-de-france\/lille_59350\/\" target=\"_blank\" rel=\"noopener\">Lille<\/a> est \u00e0 nouveau \u00e0 l\u2019arr\u00eat ce lundi 10 novembre 2025.<\/p>\n<p>La ligne 1 du m\u00e9tro de Lille \u00e0 l\u2019arr\u00eat ce lundi 10 novembre apr\u00e8s-midi<\/p>\n<p class=\" wall-content\">Il\u00e9via a fait l\u2019annonce \u00e0 15h25 sur <a href=\"https:\/\/x.com\/ilevia_metro\/status\/1987889347958362343\">le r\u00e9seau social X<\/a>, et a estim\u00e9 l\u2019heure de reprise \u00e0 15h55. La raison du contre-temps, \u00ab\u00a0<b>un incident sur une rame<\/b>\u00ab\u00a0. \u00c0 voir si le d\u00e9pannage ne prendra pas plus de temps, comme cela a parfois \u00e9t\u00e9 le cas par le pass\u00e9.<\/p>\n<p class=\" wall-content\">Patience, donc.<\/p>\n<p class=\" wall-content\">Personnalisez votre actualit\u00e9 en ajoutant vos villes et m\u00e9dias en favori avec <a href=\"https:\/\/moncompte.actu.fr\" title=\"D\u00e9couvez Mon Actu\" rel=\"nofollow noopener\" data-trk=\"{&quot;cta&quot;:{&quot;action&quot;:&quot;https:\\\/\\\/moncompte.actu.fr&quot;,&quot;category&quot;:&quot;mon compte&quot;,&quot;from&quot;:&quot;article footer&quot;,&quot;name&quot;:&quot;Mon actu&quot;,&quot;type&quot;:&quot;cta&quot;}}\" target=\"_blank\">Mon Actu<\/a>.<\/p>\n","protected":false},"excerpt":{"rendered":"Par R\u00e9daction Lille Publi\u00e9 le 10 nov. 2025 \u00e0 15h39 Une demi-heure d\u2019interruption annonc\u00e9e, qui perturbe les trajets&hellip;\n","protected":false},"author":2,"featured_media":525445,"comment_status":"","ping_status":"","sticky":false,"template":"","format":"standard","meta":{"footnotes":""},"categories":[2815],"tags":[1111,11,1777,674,1011,27,811,4288,1307,4047,12,25,104],"class_list":{"0":"post-525444","1":"post","2":"type-post","3":"status-publish","4":"format-standard","5":"has-post-thumbnail","7":"category-lille","8":"tag-actu","9":"tag-actualites","10":"tag-eu","11":"tag-europe","12":"tag-fr","13":"tag-france","14":"tag-hauts-de-france","15":"tag-ilevia","16":"tag-lille","17":"tag-metro","18":"tag-news","19":"tag-republique-francaise","20":"tag-societe"},"share_on_mastodon":{"url":"https:\/\/pubeurope.com\/@fr\/115526790197071568","error":""},"_links":{"self":[{"href":"https:\/\/www.europesays.com\/fr\/wp-json\/wp\/v2\/posts\/525444","targetHints":{"allow":["GET"]}}],"collection":[{"href":"https:\/\/www.europesays.com\/fr\/wp-json\/wp\/v2\/posts"}],"about":[{"href":"https:\/\/www.europesays.com\/fr\/wp-json\/wp\/v2\/types\/post"}],"author":[{"embeddable":true,"href":"https:\/\/www.europesays.com\/fr\/wp-json\/wp\/v2\/users\/2"}],"replies":[{"embeddable":true,"href":"https:\/\/www.europesays.com\/fr\/wp-json\/wp\/v2\/comments?post=525444"}],"version-history":[{"count":0,"href":"https:\/\/www.europesays.com\/fr\/wp-json\/wp\/v2\/posts\/525444\/revisions"}],"wp:featuredmedia":[{"embeddable":true,"href":"https:\/\/www.europesays.com\/fr\/wp-json\/wp\/v2\/media\/525445"}],"wp:attachment":[{"href":"https:\/\/www.europesays.com\/fr\/wp-json\/wp\/v2\/media?parent=525444"}],"wp:term":[{"taxonomy":"category","embeddable":true,"href":"https:\/\/www.europesays.com\/fr\/wp-json\/wp\/v2\/categories?post=525444"},{"taxonomy":"post_tag","embeddable":true,"href":"https:\/\/www.europesays.com\/fr\/wp-json\/wp\/v2\/tags?post=525444"}],"curies":[{"name":"wp","href":"https:\/\/api.w.org\/{rel}","templated":true}]}}