{"id":525446,"date":"2025-11-10T18:22:13","date_gmt":"2025-11-10T18:22:13","guid":{"rendered":"https:\/\/www.europesays.com\/fr\/525446\/"},"modified":"2025-11-10T18:22:13","modified_gmt":"2025-11-10T18:22:13","slug":"lille-va-porter-plainte-contre-certains-de-ses-supporters","status":"publish","type":"post","link":"https:\/\/www.europesays.com\/fr\/525446\/","title":{"rendered":"Lille va porter plainte contre certains de ses supporters"},"content":{"rendered":"<p>Le club de Lille en a marre. Les deux d\u00e9placements des Dogues la semaine derni\u00e8re, \u00e0 Belgrade dans le cadre de la Ligue Europa jeudi puis \u00e0 Strasbourg en Ligue 1 dimanche, ont \u00e9t\u00e9 le th\u00e9\u00e2tre de \u00ab\u00a0comportements intol\u00e9rables\u00a0\u00bb de certains supporters nordistes, \u00e0 commencer par \u00ab\u00a0des propos haineux et insultes racistes\u00a0\u00bb.<\/p>\n<p>Lundi, le Losc a r\u00e9agi, expliquant\u00a0dans un communiqu\u00e9 qu&rsquo;\u00ab une proc\u00e9dure d&rsquo;identification des individus mis en cause est actuellement en cours, en vue du d\u00e9p\u00f4t de plusieurs plaintes aupr\u00e8s des autorit\u00e9s polici\u00e8res \u00bb. Le club \u00ab entend obtenir \u00e0 leur encontre des poursuites judiciaires ainsi que les sanctions appropri\u00e9es \u00bb, ajoute-t-il.<\/p>\n<p>Une apologie du nazisme\u00a0?<\/p>\n<p>Ce communiqu\u00e9 fait suite \u00e0 la diffusion, sur les r\u00e9seaux sociaux, d&rsquo;une vid\u00e9o film\u00e9e dimanche lors de la d\u00e9faite (2-0) de Lille \u00e0 Strasbourg. Dans ce court extrait qui circule notamment sur Instagram, X et Tiktok, des supporters lillois font des doigts d&rsquo;honneur et crient des insultes racistes, visiblement en direction d&rsquo;une tribune de supporters de Strasbourg.<\/p>\n<p>Depuis dimanche soir, des supporters lillois ont \u00e9galement relay\u00e9 des propos racistes lors du d\u00e9placement de Lille \u00e0 Belgrade, jeudi en Ligue Europa face \u00e0 l&rsquo;Etoile Rouge (d\u00e9faite 1-0). \u00ab Si on chante pour le Losc, on chante pour le Reich \u00bb, aurait notamment dit l&rsquo;un des supporters ayant fait le d\u00e9placement, selon une publication sur X.<\/p>\n<p>Le s\u00e9nateur Patrick Kanner monte au cr\u00e9neau<\/p>\n<p>\u00ab Ces agissements sont inacceptables et totalement contraires aux valeurs que le club d\u00e9fend et promeut avec constance \u00bb, assure le club de Lille. \u00ab Ces personnes ne seront jamais les bienvenues au sein de la communaut\u00e9 du Losc et ne sauraient en aucun cas \u00eatre consid\u00e9r\u00e9es comme des supporters \u00bb, ajoute le club, qui entend prononcer \u00e0 leur encontre des interdictions d&rsquo;acc\u00e8s au stade.<\/p>\n<p>Le s\u00e9nateur PS du Nord Patrick Kanner, ancien ministre des Sports, a d\u00e9nonc\u00e9 sur X des \u00ab injures racistes (&#8230;) inacceptables \u00bb. \u00ab Le sport doit rassembler, jamais diviser. J&rsquo;ai confiance en la justice et en les instances du football pour sanctionner ces comportements indignes \u00bb, a ajout\u00e9 le patron des s\u00e9nateurs socialistes.<\/p>\n<p>Ce n&rsquo;est pas une premi\u00e8re puisqu&rsquo;en janvier 2024, des supporters des Dogues avaient d\u00e9j\u00e0 fait \u00e9cho de propos racistes envers des joueurs ou supporters \u00e9manant de la tribune visiteurs lors d&rsquo;un d\u00e9placement du Losc \u00e0 Chambly (Oise), en Coupe de France.<\/p>\n","protected":false},"excerpt":{"rendered":"Le club de Lille en a marre. Les deux d\u00e9placements des Dogues la semaine derni\u00e8re, \u00e0 Belgrade dans&hellip;\n","protected":false},"author":2,"featured_media":525447,"comment_status":"","ping_status":"","sticky":false,"template":"","format":"standard","meta":{"footnotes":""},"categories":[2815],"tags":[1111,11,1777,674,107,63,1011,27,811,1307,12,25,517,1947],"class_list":{"0":"post-525446","1":"post","2":"type-post","3":"status-publish","4":"format-standard","5":"has-post-thumbnail","7":"category-lille","8":"tag-actu","9":"tag-actualites","10":"tag-eu","11":"tag-europe","12":"tag-fil-info","13":"tag-football","14":"tag-fr","15":"tag-france","16":"tag-hauts-de-france","17":"tag-lille","18":"tag-news","19":"tag-republique-francaise","20":"tag-sport","21":"tag-sport-national"},"share_on_mastodon":{"url":"https:\/\/pubeurope.com\/@fr\/115526798654861341","error":""},"_links":{"self":[{"href":"https:\/\/www.europesays.com\/fr\/wp-json\/wp\/v2\/posts\/525446","targetHints":{"allow":["GET"]}}],"collection":[{"href":"https:\/\/www.europesays.com\/fr\/wp-json\/wp\/v2\/posts"}],"about":[{"href":"https:\/\/www.europesays.com\/fr\/wp-json\/wp\/v2\/types\/post"}],"author":[{"embeddable":true,"href":"https:\/\/www.europesays.com\/fr\/wp-json\/wp\/v2\/users\/2"}],"replies":[{"embeddable":true,"href":"https:\/\/www.europesays.com\/fr\/wp-json\/wp\/v2\/comments?post=525446"}],"version-history":[{"count":0,"href":"https:\/\/www.europesays.com\/fr\/wp-json\/wp\/v2\/posts\/525446\/revisions"}],"wp:featuredmedia":[{"embeddable":true,"href":"https:\/\/www.europesays.com\/fr\/wp-json\/wp\/v2\/media\/525447"}],"wp:attachment":[{"href":"https:\/\/www.europesays.com\/fr\/wp-json\/wp\/v2\/media?parent=525446"}],"wp:term":[{"taxonomy":"category","embeddable":true,"href":"https:\/\/www.europesays.com\/fr\/wp-json\/wp\/v2\/categories?post=525446"},{"taxonomy":"post_tag","embeddable":true,"href":"https:\/\/www.europesays.com\/fr\/wp-json\/wp\/v2\/tags?post=525446"}],"curies":[{"name":"wp","href":"https:\/\/api.w.org\/{rel}","templated":true}]}}