{"id":525448,"date":"2025-11-10T18:23:12","date_gmt":"2025-11-10T18:23:12","guid":{"rendered":"https:\/\/www.europesays.com\/fr\/525448\/"},"modified":"2025-11-10T18:23:12","modified_gmt":"2025-11-10T18:23:12","slug":"le-demi-echangeur-autoroutier-du-jas-de-rhodes-sur-la55-aux-pennes-mirabeau-mis-en-service","status":"publish","type":"post","link":"https:\/\/www.europesays.com\/fr\/525448\/","title":{"rendered":"Le demi-\u00e9changeur autoroutier du Jas de Rhodes sur l\u2019A55 aux Pennes-Mirabeau mis en service"},"content":{"rendered":"<p>\u00ab\u00a0Je n\u2019\u00e9tais pas certain de voir aboutir ce projet avant la fin de mon mandat\u00a0\u00bb, d\u00e9clarait le maire Michel Amiel le 8\u00a0janvier\u00a02025 <a href=\"https:\/\/www.laprovence.com\/article\/societe\/1954119858476815\/attendu-depuis-plus-de-30-ans-le-demi-echangeur-de-la55-va-enfin-soulager-les-habitants-des-pennes-mirabeau\" target=\"_blank\" rel=\"noopener\">lors de la pose de la premi\u00e8re pierre<\/a>. Ce projet est depuis longtemps dans les cartons puiqu&rsquo;on en parle depuis 1992. Les camions de la <a href=\"https:\/\/www.laprovence.com\/article\/faits-divers-justice\/18718119653501\/le-proces-de-lafarge-en-syrie-pour-financement-du-terrorisme-renvoye-au-18-decembre\" target=\"_blank\" rel=\"noopener\">soci\u00e9t\u00e9 Lafarge<\/a> qui devaient faire un d\u00e9tour de 22\u00a0km et emprunter la \u00ab\u00a0mont\u00e9e de l\u2019assassin\u00a0\u00bb pourront d\u00e9sormais acc\u00e9der directement \u00e0 la carri\u00e8re et reprendre ensuite l\u2019autoroute en direction de Marseille.<\/p>\n<p>Depuis le 6\u00a0novembre, le demi-\u00e9changeur de l\u2019A55 est en service. Il se situe juste \u00e0 l\u2019aplomb du \u00ab\u00a0pont des chasseurs\u00a0\u00bb, peu apr\u00e8s le tunnel des Treize-Vents, lorsque l\u2019on vient de Marseille en direction de l\u2019A7. Cela correspond \u00e0 environ 320 passages quotidiens de camions sur la commune qui n\u2019auront plus lieu d\u2019\u00eatre. Ce qui renforce la s\u00e9curit\u00e9 routi\u00e8re et diminue fortement les <a href=\"https:\/\/www.laprovence.com\/article\/france-monde\/1162518623724514\/paris-a-reduit-dun-quart-ses-emissions-de-gaz-a-effet-de-serre-en-dix-ans-selon-une-etude\" target=\"_blank\" rel=\"noopener\">\u00e9missions de gaz \u00e0 effet de serre<\/a>. Cet \u00e9quipement, qui n\u2019est pas utilisable par les voitures de particuliers, est ouvert du lundi au vendredi de 6h \u00e0 19h.<\/p>\n<p>\u00ab\u00a0L\u2019int\u00e9r\u00eat \u00e9cologique en termes de r\u00e9duction d\u2019empreinte carbone et \u00e9galement de fluidit\u00e9 de circulation sur les voies communales pennoises est \u00e9vident, d\u2019autant que Lafarge qui finance totalement le projet (3\u00a0M\u20ac) va c\u00e9der 89\u00a0ha de terrain au Conservatoire du littoral pour sanctuariser les espaces naturels des massifs de la Nerthe\u00a0\u00bb, a poursuivi le maire des Pennes-Mirabeau.<\/p>\n","protected":false},"excerpt":{"rendered":"\u00ab\u00a0Je n\u2019\u00e9tais pas certain de voir aboutir ce projet avant la fin de mon mandat\u00a0\u00bb, d\u00e9clarait le maire&hellip;\n","protected":false},"author":2,"featured_media":525449,"comment_status":"","ping_status":"","sticky":false,"template":"","format":"standard","meta":{"footnotes":""},"categories":[2814],"tags":[17,1111,11,10494,1007,64513,1777,674,1011,27,35016,28014,884,12,882,25,29842,104,3356],"class_list":{"0":"post-525448","1":"post","2":"type-post","3":"status-publish","4":"format-standard","5":"has-post-thumbnail","7":"category-marseille","8":"tag-17","9":"tag-actu","10":"tag-actualites","11":"tag-autoroutier","12":"tag-aux","13":"tag-demi-echangeur","14":"tag-eu","15":"tag-europe","16":"tag-fr","17":"tag-france","18":"tag-jas","19":"tag-la55","20":"tag-marseille","21":"tag-news","22":"tag-provence-alpes-cote-dazur","23":"tag-republique-francaise","24":"tag-rhodes","25":"tag-societe","26":"tag-sur"},"share_on_mastodon":{"url":"https:\/\/pubeurope.com\/@fr\/115526802182898302","error":""},"_links":{"self":[{"href":"https:\/\/www.europesays.com\/fr\/wp-json\/wp\/v2\/posts\/525448","targetHints":{"allow":["GET"]}}],"collection":[{"href":"https:\/\/www.europesays.com\/fr\/wp-json\/wp\/v2\/posts"}],"about":[{"href":"https:\/\/www.europesays.com\/fr\/wp-json\/wp\/v2\/types\/post"}],"author":[{"embeddable":true,"href":"https:\/\/www.europesays.com\/fr\/wp-json\/wp\/v2\/users\/2"}],"replies":[{"embeddable":true,"href":"https:\/\/www.europesays.com\/fr\/wp-json\/wp\/v2\/comments?post=525448"}],"version-history":[{"count":0,"href":"https:\/\/www.europesays.com\/fr\/wp-json\/wp\/v2\/posts\/525448\/revisions"}],"wp:featuredmedia":[{"embeddable":true,"href":"https:\/\/www.europesays.com\/fr\/wp-json\/wp\/v2\/media\/525449"}],"wp:attachment":[{"href":"https:\/\/www.europesays.com\/fr\/wp-json\/wp\/v2\/media?parent=525448"}],"wp:term":[{"taxonomy":"category","embeddable":true,"href":"https:\/\/www.europesays.com\/fr\/wp-json\/wp\/v2\/categories?post=525448"},{"taxonomy":"post_tag","embeddable":true,"href":"https:\/\/www.europesays.com\/fr\/wp-json\/wp\/v2\/tags?post=525448"}],"curies":[{"name":"wp","href":"https:\/\/api.w.org\/{rel}","templated":true}]}}