{"id":525452,"date":"2025-11-10T18:25:19","date_gmt":"2025-11-10T18:25:19","guid":{"rendered":"https:\/\/www.europesays.com\/fr\/525452\/"},"modified":"2025-11-10T18:25:19","modified_gmt":"2025-11-10T18:25:19","slug":"grande-vente-solidaire-au-palais-des-sports-de-gerland","status":"publish","type":"post","link":"https:\/\/www.europesays.com\/fr\/525452\/","title":{"rendered":"Grande Vente solidaire au Palais des Sports de Gerland"},"content":{"rendered":"<p>Ce week-end, la Grande Vente solidaire du Foyer Notre-Dame des Sans-Abri revient au Palais des Sports de Gerland. Deux jours pour faire de bonnes affaires tout en soutenant une association d\u2019aide aux plus d\u00e9munis.<\/p>\n<p>La <strong>Grande Vente solidaire<\/strong> du <strong>Foyer Notre-Dame des Sans-Abri<\/strong> revient au Palais des Sports de Gerland les 15 et 16 novembre 2025. Deux jours pour faire de <strong>bonnes affaires<\/strong> tout en apportant <strong>g\u00e9n\u00e9rosit\u00e9<\/strong> et en favorisant l\u2019<strong>inclusion<\/strong>.<\/p>\n<p>Des articles issus de la g\u00e9n\u00e9rosit\u00e9 des Lyonnais ont \u00e9t\u00e9 s\u00e9lectionn\u00e9s et seront mis en vente \u00e0 cette occasion\u2026<\/p>\n<p>Avec plus 2000m\u00b2 d\u2019exposition, cette <strong>grande vente solidaire<\/strong> vous permettra de trouver des <strong>v\u00eatements<\/strong>, <strong>meubles<\/strong>, <strong>jouets<\/strong>, <strong>livres<\/strong>, <strong>disques<\/strong>, <strong>accessoires<\/strong>, <strong>objets de brocante<\/strong> et bien d\u2019autres trouvailles de <strong>seconde-main<\/strong>\u2026 parfois revaloris\u00e9es par les \u00e9quipes en <strong>contrat d\u2019insertion professionnelle<\/strong>.<\/p>\n<p>Ecoutez aussi : <a href=\"https:\/\/www.lyondemain.fr\/restaurant-social-armee-du-salut-lyon\/\" target=\"_blank\" rel=\"noreferrer noopener\">Arm\u00e9e du Salut : un restaurant social mais pimpant\u2026<\/a><\/p>\n<p><img fetchpriority=\"high\" decoding=\"async\" width=\"1200\" height=\"675\" src=\"https:\/\/www.europesays.com\/fr\/wp-content\/uploads\/2025\/11\/Grande-Vente-Solidaire-bibelots.jpg\" alt=\"Grande Vente Solidaire\" class=\"wp-image-252378\"  \/><\/p>\n<p>Tous les articles vendus proviennent des dons<\/p>\n<p>Des articles 100% issus des <strong>dons<\/strong> faits au Foyer Notre-Dame des Sans-Abri. S\u00e9lectionn\u00e9s, r\u00e9par\u00e9s et valoris\u00e9s dans la m\u00e9tropole de Lyon par les <strong>salari\u00e9s en insertion professionnelle<\/strong> et les <strong>b\u00e9n\u00e9voles<\/strong> de l\u2019association.<\/p>\n<p>C\u2019est une <strong>participation directe au financement des actions sociales<\/strong> que m\u00e8ne <strong>Le Foyer Notre-Dame des Sans-Abri<\/strong> aupr\u00e8s des <strong>personnes en grande pr\u00e9carit\u00e9<\/strong> : <strong>accueil<\/strong>, <strong>h\u00e9bergement<\/strong>, <strong>accompagnement social et professionnel<\/strong>.<\/p>\n<blockquote class=\"instagram-media\" data-instgrm-captioned=\"\" data-instgrm-permalink=\"https:\/\/www.instagram.com\/p\/DQHe6WElURu\/?utm_source=ig_embed&amp;utm_campaign=loading\" data-instgrm-version=\"14\" style=\" background:#FFF; border:0; border-radius:3px; box-shadow:0 0 1px 0 rgba(0,0,0,0.5),0 1px 10px 0 rgba(0,0,0,0.15); margin: 1px; max-width:540px; min-width:326px; padding:0; width:99.375%; width:-webkit-calc(100% - 2px); width:calc(100% - 2px);\"\/>\n<p>Un <strong>village solidaire<\/strong> permettra de d\u00e9couvrir <strong>Le Foyer Notre Dame des Sans-Abri<\/strong>. Pour la deuxi\u00e8me ann\u00e9e cons\u00e9cutive, le <strong>village Foyer<\/strong> animera l\u2019\u00e9v\u00e9nement, avec une <strong>cabane \u00e0 r\u00e9cits <\/strong>pour \u00e9couter les t\u00e9moignages des <strong>personnes accompagn\u00e9es et accompagnantes<\/strong>,<\/p>\n<p>Mais aussi les cr\u00e9ations uniques de l\u2019<strong>atelier couture<\/strong>, enti\u00e8rement confectionn\u00e9es par les <strong>salari\u00e9s en insertion professionnelle<\/strong>,<\/p>\n<p>Un <strong>atelier maquillage<\/strong> et une tombola attendent les enfants, Le tout dans un d\u00e9cor festif et color\u00e9.<\/p>\n<p>Ecoutez aussi :<a href=\"https:\/\/www.lyondemain.fr\/lecritducoeur-sans-abri-lyon-alynea\/\" target=\"_blank\" rel=\"noreferrer noopener\"> 14000 personnes en attente d\u2019un logement<\/a><\/p>\n<p><img loading=\"lazy\" decoding=\"async\" width=\"1200\" height=\"675\" src=\"https:\/\/www.europesays.com\/fr\/wp-content\/uploads\/2025\/11\/Grande-Vente-Solidaire-seconde-main.jpg\" alt=\"seconde main\" class=\"wp-image-252377\"  \/><\/p>\n<p>Donateurs, b\u00e9n\u00e9voles, salari\u00e9s traditionnels ou en insertion, acheteurs\u2026 le cercle vertueux du Foyer Notre-Dame des Sans-Abri<\/p>\n<p>Faire ses achats \u00e0 la <strong>Grande Vente solidaire<\/strong> c\u2019est tout \u00e0 la fois <strong>faire de bonnes affaires<\/strong> avant les f\u00eates de fin d\u2019ann\u00e9e. Mais aussi soutenir une <strong>association lyonnaise qui agit chaque jour contre la grande pr\u00e9carit\u00e9 et l\u2019exclusion<\/strong>. <strong>Consommer de mani\u00e8re responsable<\/strong> gr\u00e2ce \u00e0 des <strong>produits de seconde main<\/strong>.<\/p>\n<p><strong>La Grande Vente Solidaire <\/strong>mobilise chaque ann\u00e9e <strong>300 b\u00e9n\u00e9voles<\/strong>. <strong>7 500 visiteurs<\/strong> avaient \u00e9t\u00e9 enregistr\u00e9s l\u2019an dernier. Elle avait rapport\u00e9 210 000 \u20ac \u00e0 l\u2019association.<\/p>\n<p>La <strong>Grande Vente solidaire<\/strong> c\u2019est un peu le paradis des chineurs avec des centaines d\u2019articles mis de c\u00f4t\u00e9 tout au long de l\u2019ann\u00e9e. Un rendez-vous \u00e0 ne pas manquer !<\/p>\n<p>Ecoutez aussi : <a href=\"https:\/\/www.lyondemain.fr\/canetientplus-coupes-budgetaires-associations\/\" target=\"_blank\" rel=\"noreferrer noopener\">les coupes budg\u00e9taires menacent les associations<\/a><\/p>\n<p>Ecoutez aussi <strong>Le Caf\u00e9 du Monde  Nouveau<\/strong>, le <strong>podcast <\/strong>du <strong>Foyer Notre-Dame des Sans-Abri<\/strong><\/p>\n<p><img loading=\"lazy\" decoding=\"async\" width=\"1200\" height=\"675\" src=\"https:\/\/www.europesays.com\/fr\/wp-content\/uploads\/2025\/11\/Grande-Vente-Solidaire-peluches.jpg\" alt=\"peluches\" class=\"wp-image-252375\"  \/><\/p>\n<p>Informations pratiques <\/p>\n<p>Lieu : <strong>Palais des Sports de Gerland<\/strong> <\/p>\n<p>M\u00e9tro B \/ Bus 60 : arr\u00eat Stade de Gerland Le LOU<\/p>\n<p>Tram T1 \/ Tram T6 \/ Bus 34 \/ Bus 64 : arr\u00eat Debourg<\/p>\n<p>Horaires d\u2019ouverture :<\/p>\n<p><strong>Samedi 15 novembre de 9h \u00e0 18h et dimanche 16 novembre 2025 de 10h \u00e0 18h<\/strong><\/p>\n<p>Tarifs : Entr\u00e9e classique le samedi : 5\u20ac. Entr\u00e9e classique le dimanche : 2\u20ac<\/p>\n<p>Gratuit pour les -16ans et les personnes en situation de handicap<\/p>\n<p>Entr\u00e9e \u00e0 tarif r\u00e9duit le samedi sur pr\u00e9sentation d\u2019un justificatif (attestation de paiement, de droits\u2026) : 3\u20ac<\/p>\n<p>Entr\u00e9e solidaire samedi et dimanche \u00e0 partir de 10\u20ac<\/p>\n<p><strong>Pr\u00e9ventes en ligne : <a href=\"https:\/\/www.helloasso.com\/associations\/fndsa\/evenements\/grande-vente-solidaire-2025\" target=\"_blank\" rel=\"noreferrer noopener\">ici<\/a> <\/strong><\/p>\n<p><strong>Le Foyer Notre-Dame des Sans-Abri<\/strong> accueille, h\u00e9berge, accompagne et ins\u00e8re professionnellement des personnes en grande pr\u00e9carit\u00e9. Des <strong>personnes sans-abri<\/strong>, des <strong>hommes et femmes isol\u00e9s<\/strong>, des <strong>jeunes en errance<\/strong>, des <strong>familles<\/strong>\u2026 Tous avec des parcours de vie compliqu\u00e9s\u2026<\/p>\n<p><strong>Le Foyer Notre-Dame des Sans-Abri<\/strong>  abrite quelques <strong>1991 places d\u2019h\u00e9bergement et de logement<\/strong>. <strong>9 626 personnes<\/strong> ont \u00e9t\u00e9 accompagn\u00e9es en 2024. <strong>905 personnes accompagn\u00e9es vers et dans l\u2019emploi par an<\/strong><\/p>\n<p>L\u2019association s\u2019appuie sur <strong>1000 b\u00e9n\u00e9voles et 450 salari\u00e9s<\/strong> dont <strong>145 en insertion professionnelle<\/strong>.<\/p>\n<p>Ecoutez aussi : <a href=\"https:\/\/www.lyondemain.fr\/douche-en-libre-acces-le-rize\/\" target=\"_blank\" rel=\"noreferrer noopener\">Une douche en libre acc\u00e8s au Rize \u00e0 Villeurbanne<\/a><\/p>\n<p><img loading=\"lazy\" decoding=\"async\" width=\"1200\" height=\"675\" src=\"https:\/\/www.europesays.com\/fr\/wp-content\/uploads\/2025\/11\/Grande-Vente-Solidaire-brocante.jpg\" alt=\"Grande Vente Solidaire\" class=\"wp-image-252376\"  \/><br \/>\nJ\u2019aime \u00e7a\u00a0:<\/p>\n<p>J\u2019aime chargement\u2026<\/p>\n<p><a class=\"sd-link-color\"\/><\/p>\n<p>\n\tArticles similaires\n<\/p>\n<p>\t\t\t\t<img decoding=\"async\" src=\"https:\/\/www.europesays.com\/fr\/wp-content\/uploads\/2025\/11\/1762799119_375_7866158698e17e8ed633c05e8f8e7fe5d9e057ad78661c4dc34e413abb6b9f19\" alt=\"G\u00e9rald Bouchon\"\/><\/p>\n<p>Pionnier des radios libres, passionn\u00e9 de radio, journaliste et dirigeant de m\u00e9dias \u00e9co-responsables..<\/p>\n<p>\t\t\t<script async src=\"\/\/www.instagram.com\/embed.js\"><\/script><\/p>\n","protected":false},"excerpt":{"rendered":"Ce week-end, la Grande Vente solidaire du Foyer Notre-Dame des Sans-Abri revient au Palais des Sports de Gerland.&hellip;\n","protected":false},"author":2,"featured_media":525453,"comment_status":"","ping_status":"","sticky":false,"template":"","format":"standard","meta":{"footnotes":""},"categories":[1889],"tags":[30309,1111,11,2430,6961,12393,1777,674,64514,1011,27,3909,2428,12,19825,25,15317,7167],"class_list":{"0":"post-525452","1":"post","2":"type-post","3":"status-publish","4":"format-standard","5":"has-post-thumbnail","7":"category-lyon","8":"tag-accompagnement-social","9":"tag-actu","10":"tag-actualites","11":"tag-auvergne-rhone-alpes","12":"tag-brocante","13":"tag-economie-circulaire","14":"tag-eu","15":"tag-europe","16":"tag-foyer-notre-dame-des-sans-abri","17":"tag-fr","18":"tag-france","19":"tag-hebergement-durgence","20":"tag-lyon","21":"tag-news","22":"tag-palais-des-sports","23":"tag-republique-francaise","24":"tag-sans-abri","25":"tag-seconde-main"},"share_on_mastodon":{"url":"https:\/\/pubeurope.com\/@fr\/115526810906145350","error":""},"_links":{"self":[{"href":"https:\/\/www.europesays.com\/fr\/wp-json\/wp\/v2\/posts\/525452","targetHints":{"allow":["GET"]}}],"collection":[{"href":"https:\/\/www.europesays.com\/fr\/wp-json\/wp\/v2\/posts"}],"about":[{"href":"https:\/\/www.europesays.com\/fr\/wp-json\/wp\/v2\/types\/post"}],"author":[{"embeddable":true,"href":"https:\/\/www.europesays.com\/fr\/wp-json\/wp\/v2\/users\/2"}],"replies":[{"embeddable":true,"href":"https:\/\/www.europesays.com\/fr\/wp-json\/wp\/v2\/comments?post=525452"}],"version-history":[{"count":0,"href":"https:\/\/www.europesays.com\/fr\/wp-json\/wp\/v2\/posts\/525452\/revisions"}],"wp:featuredmedia":[{"embeddable":true,"href":"https:\/\/www.europesays.com\/fr\/wp-json\/wp\/v2\/media\/525453"}],"wp:attachment":[{"href":"https:\/\/www.europesays.com\/fr\/wp-json\/wp\/v2\/media?parent=525452"}],"wp:term":[{"taxonomy":"category","embeddable":true,"href":"https:\/\/www.europesays.com\/fr\/wp-json\/wp\/v2\/categories?post=525452"},{"taxonomy":"post_tag","embeddable":true,"href":"https:\/\/www.europesays.com\/fr\/wp-json\/wp\/v2\/tags?post=525452"}],"curies":[{"name":"wp","href":"https:\/\/api.w.org\/{rel}","templated":true}]}}