{"id":525466,"date":"2025-11-10T18:33:14","date_gmt":"2025-11-10T18:33:14","guid":{"rendered":"https:\/\/www.europesays.com\/fr\/525466\/"},"modified":"2025-11-10T18:33:14","modified_gmt":"2025-11-10T18:33:14","slug":"en-russie-des-musiciens-en-detention-pour-avoir-interprete-des-chansons-dopposants-en-pleine-rue","status":"publish","type":"post","link":"https:\/\/www.europesays.com\/fr\/525466\/","title":{"rendered":"En Russie, des musiciens en d\u00e9tention pour avoir interpr\u00e9t\u00e9 des chansons d\u2019opposants en pleine rue"},"content":{"rendered":"<p>                     <img loading=\"lazy\" decoding=\"async\" src=\"https:\/\/www.europesays.com\/fr\/wp-content\/uploads\/2025\/11\/beefbc3_upload-1-uwlqt5siknte-357337.jpg\" alt=\"Diana Loginova, musicienne de rue de 18\u00a0ans connue sous le nom de \u00ab\u00a0Naoko\u00a0\u00bb, accus\u00e9e de discr\u00e9diter les forces arm\u00e9es russes, avant son audience, \u00e0 Saint-P\u00e9tersbourg, le 28\u00a0octobre\u00a02025. \"   width=\"664\" height=\"443\"\/>    Diana Loginova, musicienne de rue de 18\u00a0ans connue sous le nom de \u00ab\u00a0Naoko\u00a0\u00bb, accus\u00e9e de discr\u00e9diter les forces arm\u00e9es russes, avant son audience, \u00e0 Saint-P\u00e9tersbourg, le 28\u00a0octobre\u00a02025.  ANTON VAGANOV \/ REUTERS                 <\/p>\n<p class=\"article__paragraph  \">C\u2019est leur fa\u00e7on de protester contre le Kremlin et sa guerre en Ukraine\u00a0: reprendre, dans la rue, les couplets de chanteurs class\u00e9s \u00ab\u00a0agents de l\u2019\u00e9tranger\u00a0\u00bb en Russie et exil\u00e9s en Europe. Cet \u00e9t\u00e9, \u00e0 Saint-P\u00e9tersbourg, <a href=\"https:\/\/www.youtube.com\/watch?v=ht5NePYkEWU\" target=\"_blank\" rel=\"noopener nofollow\" title=\"Nouvelle fen\u00eatre\">Diana Loginova, son guitariste et son batteur ont improvis\u00e9 des concerts<\/a>, repris sur les r\u00e9seaux sociaux d\u2019opposants. En octobre, ils ont r\u00e9cidiv\u00e9. Chaque fois, les vid\u00e9os ont fait le tour du Web. Elles ont aussi fini sur les ordinateurs des forces de s\u00e9curit\u00e9. Les autorit\u00e9s appr\u00e9cient peu que ces jeunes chanteurs attirent quelques dizaines de passants, puis bien davantage sur la Toile, autour de chansons phares d\u2019artistes bien connus pour leur opposition au Kremlin. En cause, notamment\u00a0: Tu es soldat, le nouveau titre de Monetochka, l\u2019ic\u00f4ne de la pop rebelle russe en exil.<\/p>\n<p class=\"article__paragraph  \">La chanson de cette artiste, qui a fui la Russie d\u00e8s les premiers jours de l\u2019invasion de l\u2019Ukraine \u00e0 grande \u00e9chelle, en f\u00e9vrier\u00a02022, est aux antipodes des hymnes patriotiques inondant les \u00e9crans et les ondes de la propagande du Kremlin. Au contraire, c\u2019est une ode de soutien aux hommes revenus du front, bless\u00e9s et sans rep\u00e8res\u00a0: \u00ab\u00a0J\u2019aimerais te rafistoler, r\u00e9parer et recoudre ton c\u0153ur bris\u00e9\/ Peu importe la guerre que tu m\u00e8nes\/ Pardonne-moi, je serai de l\u2019autre c\u00f4t\u00e9\/ Tu es un soldat, je suis un po\u00e8te.\u00a0\u00bb<\/p>\n<p class=\"reading-mode-only \"><strong>Il vous reste 74.5% de cet article \u00e0 lire. La suite est r\u00e9serv\u00e9e aux abonn\u00e9s.<\/strong><\/p>\n","protected":false},"excerpt":{"rendered":"Diana Loginova, musicienne de rue de 18\u00a0ans connue sous le nom de \u00ab\u00a0Naoko\u00a0\u00bb, accus\u00e9e de discr\u00e9diter les forces&hellip;\n","protected":false},"author":2,"featured_media":525467,"comment_status":"","ping_status":"","sticky":false,"template":"","format":"standard","meta":{"footnotes":""},"categories":[1591],"tags":[11,1887,12,1885,1886,132],"class_list":{"0":"post-525466","1":"post","2":"type-post","3":"status-publish","4":"format-standard","5":"has-post-thumbnail","7":"category-russie","8":"tag-actualites","9":"tag-federation-de-russie","10":"tag-news","11":"tag-russia","12":"tag-russian-federation","13":"tag-russie"},"share_on_mastodon":{"url":"https:\/\/pubeurope.com\/@fr\/115526842286429691","error":""},"_links":{"self":[{"href":"https:\/\/www.europesays.com\/fr\/wp-json\/wp\/v2\/posts\/525466","targetHints":{"allow":["GET"]}}],"collection":[{"href":"https:\/\/www.europesays.com\/fr\/wp-json\/wp\/v2\/posts"}],"about":[{"href":"https:\/\/www.europesays.com\/fr\/wp-json\/wp\/v2\/types\/post"}],"author":[{"embeddable":true,"href":"https:\/\/www.europesays.com\/fr\/wp-json\/wp\/v2\/users\/2"}],"replies":[{"embeddable":true,"href":"https:\/\/www.europesays.com\/fr\/wp-json\/wp\/v2\/comments?post=525466"}],"version-history":[{"count":0,"href":"https:\/\/www.europesays.com\/fr\/wp-json\/wp\/v2\/posts\/525466\/revisions"}],"wp:featuredmedia":[{"embeddable":true,"href":"https:\/\/www.europesays.com\/fr\/wp-json\/wp\/v2\/media\/525467"}],"wp:attachment":[{"href":"https:\/\/www.europesays.com\/fr\/wp-json\/wp\/v2\/media?parent=525466"}],"wp:term":[{"taxonomy":"category","embeddable":true,"href":"https:\/\/www.europesays.com\/fr\/wp-json\/wp\/v2\/categories?post=525466"},{"taxonomy":"post_tag","embeddable":true,"href":"https:\/\/www.europesays.com\/fr\/wp-json\/wp\/v2\/tags?post=525466"}],"curies":[{"name":"wp","href":"https:\/\/api.w.org\/{rel}","templated":true}]}}