{"id":525468,"date":"2025-11-10T18:34:13","date_gmt":"2025-11-10T18:34:13","guid":{"rendered":"https:\/\/www.europesays.com\/fr\/525468\/"},"modified":"2025-11-10T18:34:13","modified_gmt":"2025-11-10T18:34:13","slug":"angelina-jolie-a-ete-temoin-des-drones-traquant-des-civils-en-ukraine","status":"publish","type":"post","link":"https:\/\/www.europesays.com\/fr\/525468\/","title":{"rendered":"Angelina Jolie a \u00e9t\u00e9 t\u00e9moin des drones \u00ab traquant \u00bb des civils en Ukraine"},"content":{"rendered":"<p class=\"mb-4 text-lg md:leading-8 break-words\"><strong>guerre &#8211; Il s\u2019agit de la deuxi\u00e8me visite de l\u2019actrice am\u00e9ricaine et activiste depuis l\u2019invasion de la Russie en 2022<\/strong><\/p>\n<p class=\"mb-4 text-lg md:leading-8 break-words\">Angelina Jolie garde un sentiment d\u2019incompr\u00e9hension m\u00eal\u00e9 d\u2019espoir apr\u00e8s <a href=\"https:\/\/www.20minutes.fr\/monde\/ukraine\/4183889-20251106-guerre-ukraine-angelina-jolie-kherson-ville-occupee-plusieurs-mois-russie?at_medium=RSS%20feed&amp;at_campaign=ynews&amp;utm_source=yahoo&amp;utm_medium=rss&amp;utm_campaign=news_feed&amp;utm_content=in_article_link\" rel=\"nofollow noopener\" target=\"_blank\" data-ylk=\"slk:sa visite en Ukraine ce mois-ci;elm:context_link;itc:0;sec:content-canvas\" class=\"link \">sa visite en Ukraine ce mois-ci<\/a>, la deuxi\u00e8me depuis l\u2019invasion du pays par la Russie en 2022. La <a href=\"https:\/\/www.20minutes.fr\/arts-stars\/people\/4178445-20251010-angelina-jolie-revele-avoir-plus-jamais-mis-pieds-domaine-miraval-apres-separation-brad-pitt?at_medium=RSS%20feed&amp;at_campaign=ynews&amp;utm_source=yahoo&amp;utm_medium=rss&amp;utm_campaign=news_feed&amp;utm_content=in_article_link\" rel=\"nofollow noopener\" target=\"_blank\" data-ylk=\"slk:star hollywoodienne;elm:context_link;itc:0;sec:content-canvas\" class=\"link \">star hollywoodienne<\/a> a publi\u00e9 des images sur les r\u00e9seaux sociaux de son s\u00e9jour dans les villes de Mikola\u00efv et Kherson, dans le sud du pays, avec un message faisant part de ses r\u00e9flexions sur les civils affect\u00e9s par le conflit.<\/p>\n<p class=\"mb-4 text-lg md:leading-8 break-words\">\u00ab La menace des drones \u00e9tait constante et pesante \u00bb, peut-on lire dans la l\u00e9gende du post, qui contient notamment une vid\u00e9o montrant un mur recouvert de photos de soldats ukrainiens, tandis qu\u2019une sir\u00e8ne assourdissante retentit dans le fond.<\/p>\n<p class=\"mb-4 text-lg md:leading-8 break-words\">Sur les autres images, l\u2019ancienne \u00e9missaire de l\u2019ONU pour les r\u00e9fugi\u00e9s d\u00e9voile une partie du quotidien des \u00ab familles vivant sur le front \u00bb. L\u2019on voit deux femmes assises sur ce qui semble \u00eatre des lits d\u2019h\u00f4pitaux, positionn\u00e9s devant des fen\u00eatres barricad\u00e9es, ou encore un groupe de personnes travaillant sur un chantier et la com\u00e9dienne souriant \u00e0 un enfant assis pr\u00e8s d\u2019elle.<\/p>\n<p>\u00ab Difficiles \u00bb et \u00ab inspirants \u00bb<\/p>\n<p class=\"mb-4 text-lg md:leading-8 break-words\">Dans la l\u00e9gende, la \u00ab\u00a0https:\/\/www.20minutes.fr\/arts-stars\/cinema\/4136924-20250204-ressemble-maria-callas-ressembler-angelina-jolie-interprete-ideale-jouer-cantatrice?at_medium=RSS%20feed&amp;at_campaign=ynews&amp;utm_source=yahoo&amp;utm_medium=rss&amp;utm_campaign=news_feed&amp;utm_content=in_article_link\u00a0\u00bb&gt;star de Maria a fait part de son exp\u00e9rience sous la menace \u00ab constante \u00bb de \u00ab drones utilis\u00e9s pour traquer, chasser et terroriser les gens \u00bb.<\/p>\n<p class=\"mb-4 text-lg md:leading-8 break-words\">\u00ab Il y a eu un moment o\u00f9 nous avons d\u00fb faire une pause et attendre pendant qu\u2019un drone survolait la zone. Je portais un \u00e9quipement de protection, et pour moi, cela n\u2019a dur\u00e9 que quelques jours. Les familles qui vivent ici doivent supporter cela tous les jours \u00bb, a-t-elle pr\u00e9cis\u00e9, ajoutant(&#8230;)<\/p>\n<p class=\"mb-4 text-lg md:leading-8 break-words\"><a href=\"https:\/\/www.20minutes.fr\/arts-stars\/people\/4184822-20251110-angelina-jolie-temoin-drones-traquant-civils-ukraine?at_medium=RSS%20feed&amp;at_campaign=ynews&amp;utm_source=yahoo&amp;utm_medium=rss&amp;utm_campaign=news_feed&amp;utm_content=read_more_link\" rel=\"nofollow noopener\" target=\"_blank\" data-ylk=\"slk:Lire la suite sur 20minutes;elm:context_link;itc:0;sec:content-canvas\" class=\"link \">Lire la suite sur 20minutes<\/a><\/p>\n<p>\u00c0 lire aussi :<br \/><a href=\"https:\/\/www.20minutes.fr\/monde\/ukraine\/4168926-20250821-guerre-ukraine-russie-accusee-tortures-sexuelles-horribles-civils?at_medium=RSS%20feed&amp;at_campaign=ynews&amp;utm_source=yahoo&amp;utm_medium=rss&amp;utm_campaign=news_feed&amp;utm_content=related_content_link\" rel=\"nofollow noopener\" target=\"_blank\" data-ylk=\"slk:Guerre en Ukraine : La Russie accus\u00e9e de tortures sexuelles \u00ab horribles \u00bb sur des civils;elm:context_link;itc:0;sec:content-canvas\" class=\"link \">Guerre en Ukraine : La Russie accus\u00e9e de tortures sexuelles \u00ab horribles \u00bb sur des civils<\/a><br \/><a href=\"https:\/\/www.20minutes.fr\/monde\/ukraine\/4183889-20251106-guerre-ukraine-angelina-jolie-kherson-ville-occupee-plusieurs-mois-russie?at_medium=RSS%20feed&amp;at_campaign=ynews&amp;utm_source=yahoo&amp;utm_medium=rss&amp;utm_campaign=news_feed&amp;utm_content=related_content_link\" rel=\"nofollow noopener\" target=\"_blank\" data-ylk=\"slk:Guerre en Ukraine : Angelina Jolie \u00e0 Kherson, ville occup\u00e9e plusieurs mois par la Russie;elm:context_link;itc:0;sec:content-canvas\" class=\"link \">Guerre en Ukraine : Angelina Jolie \u00e0 Kherson, ville occup\u00e9e plusieurs mois par la Russie<\/a><\/p>\n","protected":false},"excerpt":{"rendered":"guerre &#8211; Il s\u2019agit de la deuxi\u00e8me visite de l\u2019actrice am\u00e9ricaine et activiste depuis l\u2019invasion de la Russie&hellip;\n","protected":false},"author":2,"featured_media":525469,"comment_status":"","ping_status":"","sticky":false,"template":"","format":"standard","meta":{"footnotes":""},"categories":[1590],"tags":[11,15216,1777,674,28370,2489,12,220],"class_list":{"0":"post-525468","1":"post","2":"type-post","3":"status-publish","4":"format-standard","5":"has-post-thumbnail","7":"category-ukraine","8":"tag-actualites","9":"tag-angelina-jolie","10":"tag-eu","11":"tag-europe","12":"tag-kherson","13":"tag-la-russie","14":"tag-news","15":"tag-ukraine"},"share_on_mastodon":{"url":"https:\/\/pubeurope.com\/@fr\/115526845523911837","error":""},"_links":{"self":[{"href":"https:\/\/www.europesays.com\/fr\/wp-json\/wp\/v2\/posts\/525468","targetHints":{"allow":["GET"]}}],"collection":[{"href":"https:\/\/www.europesays.com\/fr\/wp-json\/wp\/v2\/posts"}],"about":[{"href":"https:\/\/www.europesays.com\/fr\/wp-json\/wp\/v2\/types\/post"}],"author":[{"embeddable":true,"href":"https:\/\/www.europesays.com\/fr\/wp-json\/wp\/v2\/users\/2"}],"replies":[{"embeddable":true,"href":"https:\/\/www.europesays.com\/fr\/wp-json\/wp\/v2\/comments?post=525468"}],"version-history":[{"count":0,"href":"https:\/\/www.europesays.com\/fr\/wp-json\/wp\/v2\/posts\/525468\/revisions"}],"wp:featuredmedia":[{"embeddable":true,"href":"https:\/\/www.europesays.com\/fr\/wp-json\/wp\/v2\/media\/525469"}],"wp:attachment":[{"href":"https:\/\/www.europesays.com\/fr\/wp-json\/wp\/v2\/media?parent=525468"}],"wp:term":[{"taxonomy":"category","embeddable":true,"href":"https:\/\/www.europesays.com\/fr\/wp-json\/wp\/v2\/categories?post=525468"},{"taxonomy":"post_tag","embeddable":true,"href":"https:\/\/www.europesays.com\/fr\/wp-json\/wp\/v2\/tags?post=525468"}],"curies":[{"name":"wp","href":"https:\/\/api.w.org\/{rel}","templated":true}]}}