{"id":52547,"date":"2025-04-25T19:52:17","date_gmt":"2025-04-25T19:52:17","guid":{"rendered":"https:\/\/www.europesays.com\/fr\/52547\/"},"modified":"2025-04-25T19:52:17","modified_gmt":"2025-04-25T19:52:17","slug":"laurent-turquois-maire-de-saint-sebastien-sur-loire-a-remis-sa-demission-au-prefet","status":"publish","type":"post","link":"https:\/\/www.europesays.com\/fr\/52547\/","title":{"rendered":"Laurent Turquois, maire de Saint-S\u00e9bastien-sur-Loire, a remis sa d\u00e9mission au pr\u00e9fet"},"content":{"rendered":"<p>Laurent Turquois, maire de Saint-S\u00e9bastien-sur-Loire, ville de 29\u00a0000\u00a0habitants au sud de Nantes, a remis cette semaine sa d\u00e9mission au pr\u00e9fet de Loire-Atlantique. Ce chef de file de la droite et du centre au D\u00e9partement avait annonc\u00e9, d\u00e9but mars, sa volont\u00e9 d\u2019arr\u00eater la politique.<strong> \u00ab\u00a0J\u2019ai 53\u00a0ans. Si je rempile en 2026, \u00e7a m\u2019am\u00e8ne \u00e0 60\u00a0ans. Et \u00e0 60\u00a0ans, je ne retrouverai pas de boulot\u00a0! Donc si je repars, c\u2019est en visant un autre mandant encore, en 2032\u00a0! Cela signifie quatre mandats\u00a0! \u00c7a ne correspond ni \u00e0 mes valeurs, ni \u00e0 mes engagements personnels\u00a0\u00bb<\/strong>, <a href=\"https:\/\/nantes.maville.com\/actu\/actudet_-municipales-2026.-le-maire-de-saint-sebastien-laurent-turquois-va-arreter-la-politique-et-l-explique-_52716-6703821_actu.Htm\" target=\"_blank\" rel=\"noopener\">avait-il expliqu\u00e9 dans un entretien \u00e0 Ouest-France<\/a>.<\/p>\n<p>Le nouveau maire sera \u00e9lu mardi 6\u00a0mai, \u00e0 l\u2019occasion d\u2019un conseil municipal extraordinaire. <a href=\"https:\/\/nantes.maville.com\/actu\/actudet_-laurent-turquois-maire-de-saint-sebastien-a-l-heure-de-passer-la-main-le-contrat-a-ete-tenu-_8-6706694_actu.Htm\" target=\"_blank\" rel=\"noopener\">Son successeur pressenti est l\u2019actuel premier adjoint, Thomas Boucher<\/a>. \u00c2g\u00e9 de 42\u00a0ans, ce multiple champion du monde de roller dans les ann\u00e9es 2000 est aujourd\u2019hui d\u00e9tach\u00e9 aupr\u00e8s de la f\u00e9d\u00e9ration fran\u00e7aise de roller au minist\u00e8re des Sports. \u00c9lu depuis 2008, il s\u2019occupait, depuis 2020, des finances et des grands projets.<\/p>\n<p>\u00a0<\/p>\n","protected":false},"excerpt":{"rendered":"Laurent Turquois, maire de Saint-S\u00e9bastien-sur-Loire, ville de 29\u00a0000\u00a0habitants au sud de Nantes, a remis cette semaine sa d\u00e9mission&hellip;\n","protected":false},"author":2,"featured_media":52548,"comment_status":"","ping_status":"","sticky":false,"template":"","format":"standard","meta":{"footnotes":""},"categories":[2818],"tags":[1111,11,13189,1777,674,1011,27,3955,5107,766,12,2636,14583,14582,25,3524,14581],"class_list":{"0":"post-52547","1":"post","2":"type-post","3":"status-publish","4":"format-standard","5":"has-post-thumbnail","7":"category-nantes","8":"tag-actu","9":"tag-actualites","10":"tag-demission","11":"tag-eu","12":"tag-europe","13":"tag-fr","14":"tag-france","15":"tag-laurent","16":"tag-maire","17":"tag-nantes","18":"tag-news","19":"tag-pays-de-la-loire","20":"tag-prefet","21":"tag-remis","22":"tag-republique-francaise","23":"tag-saint-sebastien-sur-loire","24":"tag-turquois"},"share_on_mastodon":{"url":"https:\/\/pubeurope.com\/@fr\/114400352333000545","error":""},"_links":{"self":[{"href":"https:\/\/www.europesays.com\/fr\/wp-json\/wp\/v2\/posts\/52547","targetHints":{"allow":["GET"]}}],"collection":[{"href":"https:\/\/www.europesays.com\/fr\/wp-json\/wp\/v2\/posts"}],"about":[{"href":"https:\/\/www.europesays.com\/fr\/wp-json\/wp\/v2\/types\/post"}],"author":[{"embeddable":true,"href":"https:\/\/www.europesays.com\/fr\/wp-json\/wp\/v2\/users\/2"}],"replies":[{"embeddable":true,"href":"https:\/\/www.europesays.com\/fr\/wp-json\/wp\/v2\/comments?post=52547"}],"version-history":[{"count":0,"href":"https:\/\/www.europesays.com\/fr\/wp-json\/wp\/v2\/posts\/52547\/revisions"}],"wp:featuredmedia":[{"embeddable":true,"href":"https:\/\/www.europesays.com\/fr\/wp-json\/wp\/v2\/media\/52548"}],"wp:attachment":[{"href":"https:\/\/www.europesays.com\/fr\/wp-json\/wp\/v2\/media?parent=52547"}],"wp:term":[{"taxonomy":"category","embeddable":true,"href":"https:\/\/www.europesays.com\/fr\/wp-json\/wp\/v2\/categories?post=52547"},{"taxonomy":"post_tag","embeddable":true,"href":"https:\/\/www.europesays.com\/fr\/wp-json\/wp\/v2\/tags?post=52547"}],"curies":[{"name":"wp","href":"https:\/\/api.w.org\/{rel}","templated":true}]}}