{"id":525470,"date":"2025-11-10T18:35:13","date_gmt":"2025-11-10T18:35:13","guid":{"rendered":"https:\/\/www.europesays.com\/fr\/525470\/"},"modified":"2025-11-10T18:35:13","modified_gmt":"2025-11-10T18:35:13","slug":"laccord-sur-la-fin-de-la-paralysie-budgetaire-creuse-le-fosse-entre-democrates","status":"publish","type":"post","link":"https:\/\/www.europesays.com\/fr\/525470\/","title":{"rendered":"l&rsquo;accord sur la fin de la paralysie budg\u00e9taire creuse le foss\u00e9 entre d\u00e9mocrates"},"content":{"rendered":"<p>Les fonctionnaires f\u00e9d\u00e9raux en cong\u00e9 sans solde vont reprendre leur poste. Ceux occupant des emplois essentiels qui travaillaient sans salaire seront pay\u00e9s de nouveau. L\u2019aide alimentaire aux Am\u00e9ricains les plus modestes sera r\u00e9tablie. Le trafic a\u00e9rien va \u00e9galement reprendre normalement, peut-\u00eatre \u00e0 temps avant le pic de voyages pendant la f\u00eate de Thanksgiving. Le S\u00e9nat a ouvert la voie <a href=\"https:\/\/www.ledauphine.com\/politique\/2025\/11\/10\/on-s-approche-de-la-fin-du-i-shutdown-i-les-senateurs-democrates-ouvrent-la-voie-a-une-sortie-de-crise\" target=\"_blank\" rel=\"nofollow noopener\">\u00e0 la fin de la plus longue paralysie budg\u00e9taire de l\u2019histoire des \u00c9tats-Unis<\/a> en adoptant une reprise des discussions sur le projet de loi de finances par 60 voix contre 40.<\/p>\n<p>C\u2019est une victoire politique pour <a href=\"https:\/\/www.ledauphine.com\/p\/donald-trump\" target=\"_blank\" rel=\"nofollow noopener\">Donald Trump<\/a>, qui vient presque effacer ses <a href=\"https:\/\/www.ledauphine.com\/elections\/2025\/11\/05\/zohran-mamdani-elu-maire-de-new-york\" target=\"_blank\" rel=\"nofollow noopener\">revers \u00e9lectoraux de la semaine derni\u00e8re<\/a>. Le pr\u00e9sident am\u00e9ricain prend sa revanche apr\u00e8s les succ\u00e8s des d\u00e9mocrates aux \u00e9lections locales pour la mairie de New York et pour les postes de gouverneur dans le New Jersey et en Virginie. Apr\u00e8s 40 jours de bras de fer, les d\u00e9mocrates ont c\u00e9d\u00e9 les premiers, en prenant le risque de divisions au sein du parti qui pourraient leur co\u00fbter cher un an avant les mid-terms, les \u00e9lections de mi-mandat. Huit s\u00e9nateurs de l\u2019aile centriste ont apport\u00e9 les voix qui manquaient aux r\u00e9publicains pour obtenir la \u201csuper majorit\u00e9\u201d indispensable pour sortir du shutdown.<\/p>\n<p>  Pas de contrepartie obtenue<\/p>\n<p>Ces d\u00e9mocrates mod\u00e9r\u00e9s ont expliqu\u00e9 qu\u2019ils ne pouvaient pas continuer \u00e0 faire subir \u00e0 leurs concitoyens les <a href=\"https:\/\/www.ledauphine.com\/economie\/2025\/10\/28\/comment-je-fais-pour-manger-apres-quatre-semaines-de-i-shutdown-i-des-fonctionnaires-ebranles\" target=\"_blank\" rel=\"nofollow noopener\">cons\u00e9quences de l\u2019absence de budget<\/a>, en risquant notamment de priver d\u2019aide alimentaire un Am\u00e9ricain sur huit. Les dissidents ont \u00e9t\u00e9 critiqu\u00e9s car ils n\u2019ont pas obtenu la contrepartie exig\u00e9e par le parti d\u00e9mocrate pour mettre fin \u00e0 la paralysie budg\u00e9taire, qui \u00e9tait une prolongation des subventions permettant aux plus d\u00e9favoris\u00e9s de b\u00e9n\u00e9ficier d\u2019une assurance sant\u00e9. Les r\u00e9publicains ont accept\u00e9 un d\u00e9bat parlementaire sur l\u2019Obamacare en fin d\u2019ann\u00e9e, mais sans garantie de vote sur cette mesure ch\u00e8re aux d\u00e9mocrates \u00e0 laquelle s\u2019oppose Donald Trump.<\/p>\n<p>\u00ab\u00a0Je ne peux pas soutenir un accord qui laisse des millions d\u2019Am\u00e9ricains dans l\u2019incertitude quant \u00e0 leur acc\u00e8s aux soins de sant\u00e9 ou \u00e0 leur capacit\u00e9 \u00e0 se soigner\u00a0\u00bb, a r\u00e9agi le s\u00e9nateur d\u00e9mocrate de Virginie Mark Warner. Les d\u00e9mocrates ont toutefois obtenu la r\u00e9int\u00e9gration des milliers de fonctionnaires licenci\u00e9s pendant le shutdown et l\u2019arr\u00eat des r\u00e9ductions d\u2019effectifs jusqu\u2019en janvier\u00a02026.<\/p>\n<p>  Un parti \u00e9cartel\u00e9<\/p>\n<p>La fermet\u00e9 de Donald Trump face aux h\u00e9sitations du parti d\u00e9mocrate a pay\u00e9. Le compromis arrach\u00e9 \u00e0 une poign\u00e9e de s\u00e9nateurs d\u00e9mocrates met \u00e0 nouveau en lumi\u00e8re les faiblesses des opposants au pr\u00e9sident am\u00e9ricain, un an apr\u00e8s sa victoire contre <a href=\"https:\/\/www.ledauphine.com\/p\/kamala-harris\" target=\"_blank\" rel=\"nofollow noopener\">Kamala Harris<\/a>. Le parti d\u00e9mocrate reste \u00e9cartel\u00e9 entre les partisans d\u2019une ligne tr\u00e8s \u00e0 gauche incarn\u00e9e par le <a href=\"https:\/\/www.ledauphine.com\/politique\/2025\/11\/03\/ex-rappeur-et-socialiste-qui-est-zohran-mamdani-en-passe-d-etre-elu-maire-de-new-york\" target=\"_blank\" rel=\"nofollow noopener\">nouveau maire de New York Zohran Mamdani<\/a> et des \u00e9lus centristes comme Abigail Spanberger. La nouvelle gouverneure de Virginie a fait basculer cet \u00c9tat-clef dans le camp d\u00e9mocrate avec une ligne mod\u00e9r\u00e9e sur fond de m\u00e9contentement face aux politiques de Donald Trump.<\/p>\n<p>La fin annonc\u00e9e du shutdown risque d\u2019\u00eatre provisoire car le budget n\u2019est financ\u00e9 que jusqu\u2019\u00e0 la fin janvier\u00a02026. Un nouveau blocage reste possible avant les \u00e9lections de mi-mandat surtout que les Am\u00e9ricains jugent Donald Trump et les r\u00e9publicains plus responsables de la paralysie budg\u00e9taire que les d\u00e9mocrates.<\/p>\n","protected":false},"excerpt":{"rendered":"Les fonctionnaires f\u00e9d\u00e9raux en cong\u00e9 sans solde vont reprendre leur poste. Ceux occupant des emplois essentiels qui travaillaient&hellip;\n","protected":false},"author":2,"featured_media":525471,"comment_status":"","ping_status":"","sticky":false,"template":"","format":"standard","meta":{"footnotes":""},"categories":[1589],"tags":[11,33,73,1866,107,3183,329,12,316,1864,1865,1863,308],"class_list":{"0":"post-525470","1":"post","2":"type-post","3":"status-publish","4":"format-standard","5":"has-post-thumbnail","7":"category-etats-unis","8":"tag-actualites","9":"tag-economie","10":"tag-etats-unis","11":"tag-etats-unis-damerique","12":"tag-fil-info","13":"tag-finance-et-fiscalite","14":"tag-france-monde","15":"tag-news","16":"tag-politique","17":"tag-united-states","18":"tag-united-states-of-america","19":"tag-us","20":"tag-usa"},"share_on_mastodon":{"url":"https:\/\/pubeurope.com\/@fr\/115526849313451147","error":""},"_links":{"self":[{"href":"https:\/\/www.europesays.com\/fr\/wp-json\/wp\/v2\/posts\/525470","targetHints":{"allow":["GET"]}}],"collection":[{"href":"https:\/\/www.europesays.com\/fr\/wp-json\/wp\/v2\/posts"}],"about":[{"href":"https:\/\/www.europesays.com\/fr\/wp-json\/wp\/v2\/types\/post"}],"author":[{"embeddable":true,"href":"https:\/\/www.europesays.com\/fr\/wp-json\/wp\/v2\/users\/2"}],"replies":[{"embeddable":true,"href":"https:\/\/www.europesays.com\/fr\/wp-json\/wp\/v2\/comments?post=525470"}],"version-history":[{"count":0,"href":"https:\/\/www.europesays.com\/fr\/wp-json\/wp\/v2\/posts\/525470\/revisions"}],"wp:featuredmedia":[{"embeddable":true,"href":"https:\/\/www.europesays.com\/fr\/wp-json\/wp\/v2\/media\/525471"}],"wp:attachment":[{"href":"https:\/\/www.europesays.com\/fr\/wp-json\/wp\/v2\/media?parent=525470"}],"wp:term":[{"taxonomy":"category","embeddable":true,"href":"https:\/\/www.europesays.com\/fr\/wp-json\/wp\/v2\/categories?post=525470"},{"taxonomy":"post_tag","embeddable":true,"href":"https:\/\/www.europesays.com\/fr\/wp-json\/wp\/v2\/tags?post=525470"}],"curies":[{"name":"wp","href":"https:\/\/api.w.org\/{rel}","templated":true}]}}