{"id":525472,"date":"2025-11-10T18:36:13","date_gmt":"2025-11-10T18:36:13","guid":{"rendered":"https:\/\/www.europesays.com\/fr\/525472\/"},"modified":"2025-11-10T18:36:13","modified_gmt":"2025-11-10T18:36:13","slug":"une-pollution-plastique-cause-par-un-incident-dans-une-station-depuration","status":"publish","type":"post","link":"https:\/\/www.europesays.com\/fr\/525472\/","title":{"rendered":"une pollution plastique caus\u00e9 par un incident dans une station d\u2019\u00e9puration"},"content":{"rendered":"<p>De nombreux granul\u00e9s de plastique se sont \u00e9chou\u00e9s ces derniers jours sur des plages du sud de l\u2019Angleterre, une pollution caus\u00e9e de fa\u00e7on \u00ab\u00a0tr\u00e8s probable\u00a0\u00bb par un incident dans une station d\u2019\u00e9puration, a reconnu lundi 10\u00a0novembre la compagnie locale des eaux.<\/p>\n<p>Southern Water,<a href=\"https:\/\/www.la-croix.com\/international\/le-royaume-uni-tire-les-lecons-des-echecs-des-privatisations-20240911\" data-tracking=\"inpage_click\" data-tracking-action=\"lire un article\" data-tracking-category=\"recirculation\" rel=\"nofollow noopener\" target=\"_blank\"> soci\u00e9t\u00e9 priv\u00e9e r<\/a>esponsable de la collecte et du traitement des eaux us\u00e9es dans plusieurs comt\u00e9s du sud, s\u2019est dite \u00ab\u00a0profond\u00e9ment d\u00e9sol\u00e9e\u00a0\u00bb pour le d\u00e9versement de ces composants, \u00e9parpill\u00e9s sur des plages dont celle de Camber Sands, et qui se comptent en \u00ab\u00a0millions\u00a0\u00bb selon une organisation environnementale.<\/p>\n<p>\u00ab\u00a0Il est tr\u00e8s probable que les billes proviennent de notre station de traitement des eaux us\u00e9es d\u2019Eastbourne\u00a0\u00bb, \u00e0 une cinquantaine de kilom\u00e8tres \u00e0 l\u2019ouest sur la c\u00f4te, a indiqu\u00e9 la compagnie dans un communiqu\u00e9. \u00ab\u00a0Nous avons identifi\u00e9 une d\u00e9faillance d\u2019un filtre \u00e0 tamis qui aurait, lors de fortes pluies, conduit \u00e0 la lib\u00e9ration dans la mer de ces billes\u00a0\u00bb, a-t-elle expliqu\u00e9.<\/p>\n<p>L\u2019Agence pour l\u2019environnement m\u00e8ne une \u00ab\u00a0enqu\u00eate approfondie\u00a0\u00bb et \u00ab\u00a0examine les mesures r\u00e9glementaires \u00e0 prendre\u00a0\u00bb, a d\u00e9clar\u00e9 la ministre d\u00e9l\u00e9gu\u00e9e charg\u00e9e de l\u2019eau, Emma Hardy.<\/p>\n<p>\u00ab\u00a0Pire cas de pollution\u00a0\u00bb plastique observ\u00e9 dans la r\u00e9gion<\/p>\n<p>L\u2019organisation locale Strandliners, qui lutte contre la pollution plastique, a estim\u00e9 qu\u2019il s\u2019agissait du \u00ab\u00a0pire cas de pollution par des granul\u00e9s de plastique\u00a0\u00bb jamais observ\u00e9 dans la r\u00e9gion.<\/p>\n<p>Ces billes noires de quelques millim\u00e8tres, qui servent \u00e0 filtrer les bact\u00e9ries dans les eaux des stations d\u2019\u00e9puration, sont tr\u00e8s difficiles \u00e0 retirer apr\u00e8s s\u2019\u00eatre m\u00e9lang\u00e9es au sable et aux algues. \u00ab\u00a0L\u2019impact sur l\u2019environnement et la faune locale peut \u00eatre catastrophique. Les oiseaux et les animaux marins confondent facilement ces granul\u00e9s toxiques avec de la nourriture\u00a0\u00bb, a pr\u00e9venu Strandliners.<\/p>\n<p>Son directeur, Andy Dinsdale, a \u00e9valu\u00e9 leur nombre \u00e0 des \u00ab\u00a0millions\u00a0\u00bb dans un article du Guardian. Le conseil du comt\u00e9 de Rother, qui dirige les op\u00e9rations de nettoyage, a dit esp\u00e9rer que la majorit\u00e9 des granul\u00e9s soient retir\u00e9s lundi apr\u00e8s plusieurs jours d\u2019efforts de b\u00e9n\u00e9voles et professionnels, tout en soulignant que des billes continueraient de se d\u00e9poser avec les mar\u00e9es.<\/p>\n<p>Depuis des ann\u00e9es, les compagnies britanniques des eaux sont critiqu\u00e9es pour des rejets d<a href=\"https:\/\/www.la-croix.com\/economie\/tamise-trop-polluee-pas-de-plongeon-pour-le-vainqueur-de-la-course-cambridge-oxford-20240414\" data-tracking=\"inpage_click\" data-tracking-action=\"lire un article\" data-tracking-category=\"recirculation\" rel=\"nofollow noopener\" target=\"_blank\">\u2019eaux us\u00e9es dans la mer et les rivi\u00e8res<\/a>, et pour un manque d\u2019investissements dans leurs infrastructures. Le gouvernement a notamment durci les sanctions contre leurs patrons s\u2019ils ne respectent pas la loi, et annonc\u00e9 cet \u00e9t\u00e9 une r\u00e9forme des instances de r\u00e9gulation du secteur.<\/p>\n","protected":false},"excerpt":{"rendered":"De nombreux granul\u00e9s de plastique se sont \u00e9chou\u00e9s ces derniers jours sur des plages du sud de l\u2019Angleterre,&hellip;\n","protected":false},"author":2,"featured_media":525473,"comment_status":"","ping_status":"","sticky":false,"template":"","format":"standard","meta":{"footnotes":""},"categories":[1588],"tags":[11,1777,674,12,473,1853,1851,1850,1852],"class_list":{"0":"post-525472","1":"post","2":"type-post","3":"status-publish","4":"format-standard","5":"has-post-thumbnail","7":"category-royaume-uni","8":"tag-actualites","9":"tag-eu","10":"tag-europe","11":"tag-news","12":"tag-royaume-uni","13":"tag-royaume-uni-de-grande-bretagne-et-dirlande-du-nord","14":"tag-uk","15":"tag-united-kingdom","16":"tag-united-kingdom-of-great-britain-and-northern-ireland"},"share_on_mastodon":{"url":"https:\/\/pubeurope.com\/@fr\/115526853241137479","error":""},"_links":{"self":[{"href":"https:\/\/www.europesays.com\/fr\/wp-json\/wp\/v2\/posts\/525472","targetHints":{"allow":["GET"]}}],"collection":[{"href":"https:\/\/www.europesays.com\/fr\/wp-json\/wp\/v2\/posts"}],"about":[{"href":"https:\/\/www.europesays.com\/fr\/wp-json\/wp\/v2\/types\/post"}],"author":[{"embeddable":true,"href":"https:\/\/www.europesays.com\/fr\/wp-json\/wp\/v2\/users\/2"}],"replies":[{"embeddable":true,"href":"https:\/\/www.europesays.com\/fr\/wp-json\/wp\/v2\/comments?post=525472"}],"version-history":[{"count":0,"href":"https:\/\/www.europesays.com\/fr\/wp-json\/wp\/v2\/posts\/525472\/revisions"}],"wp:featuredmedia":[{"embeddable":true,"href":"https:\/\/www.europesays.com\/fr\/wp-json\/wp\/v2\/media\/525473"}],"wp:attachment":[{"href":"https:\/\/www.europesays.com\/fr\/wp-json\/wp\/v2\/media?parent=525472"}],"wp:term":[{"taxonomy":"category","embeddable":true,"href":"https:\/\/www.europesays.com\/fr\/wp-json\/wp\/v2\/categories?post=525472"},{"taxonomy":"post_tag","embeddable":true,"href":"https:\/\/www.europesays.com\/fr\/wp-json\/wp\/v2\/tags?post=525472"}],"curies":[{"name":"wp","href":"https:\/\/api.w.org\/{rel}","templated":true}]}}