{"id":525474,"date":"2025-11-10T18:37:32","date_gmt":"2025-11-10T18:37:32","guid":{"rendered":"https:\/\/www.europesays.com\/fr\/525474\/"},"modified":"2025-11-10T18:37:32","modified_gmt":"2025-11-10T18:37:32","slug":"apres-la-france-lallemagne-plaide-pour-la-liberation-de-boualem-sansal","status":"publish","type":"post","link":"https:\/\/www.europesays.com\/fr\/525474\/","title":{"rendered":"Apr\u00e8s la France, l&rsquo;Allemagne plaide pour la lib\u00e9ration de Boualem Sansal"},"content":{"rendered":"\n<p class=\"text-center py-0 mb-2\">\n<a href=\"https:\/\/news.google.com\/publications\/CAAqMQgKIitDQklTR2dnTWFoWUtGRzFoWjJoeVpXSmxiV1Z5WjJWdWRDNXVaWGR6S0FBUAE?hl=fr&amp;gl=FR&amp;ceid=FR%3Afr\" target=\"_blank\" style=\"cursor: pointer;\" rel=\"noopener\"><br \/>\n<img loading=\"lazy\" decoding=\"async\" data-lazyloaded=\"1\" width=\"728\" height=\"90\" src=\"https:\/\/www.europesays.com\/fr\/wp-content\/uploads\/2025\/08\/google-news-banner.jpg\" alt=\"\" \/><br \/>\n<\/a><\/p>\n<p>L\u2019affaire de l\u2019\u00e9crivain franco-alg\u00e9rien Boualem Sansal, incarc\u00e9r\u00e9 depuis plus d\u2019un an, prend une dimension internationale accrue. Apr\u00e8s les appels discrets et un \u00ab\u00a0dialogue exigeant\u00a0\u00bb men\u00e9 par Paris, c\u2019est d\u00e9sormais le Pr\u00e9sident allemand Frank-Walter Steinmeier qui est mont\u00e9 au cr\u00e9neau, lan\u00e7ant un appel humanitaire direct \u00e0 son homologue alg\u00e9rien, Abdelmadjid Tebboune, pour une gr\u00e2ce pr\u00e9sidentielle.<\/p>\n<p>Le Pr\u00e9sident allemand a exhort\u00e9 Alger \u00e0 faire preuve d\u2019un \u00ab\u00a0geste humanitaire\u00a0\u00bb \u00e0 l\u2019\u00e9gard de Boualem Sansal, arr\u00eat\u00e9 le 16 novembre 2024. Le plaidoyer se fonde principalement sur des raisons de sant\u00e9 li\u00e9es \u00e0 l\u2019\u00e2ge de l\u2019\u00e9crivain.<\/p>\n<p>Dans un communiqu\u00e9, M. Steinmeier a non seulement appel\u00e9 \u00e0 sa lib\u00e9ration, mais a aussi propos\u00e9 que Boualem Sansal soit transf\u00e9r\u00e9 en Allemagne pour \u00ab\u00a0y b\u00e9n\u00e9ficier de soins m\u00e9dicaux compte tenu de son \u00e2ge avanc\u00e9 et de son \u00e9tat de sant\u00e9 fragile\u00a0\u00bb. Le chef d\u2019\u00c9tat allemand a soulign\u00e9 qu\u2019une telle d\u00e9cision serait l\u2019expression d\u2019une \u00ab\u00a0attitude humanitaire et d\u2019une vision politique \u00e0 long terme\u00a0\u00bb, refl\u00e9tant les bonnes relations bilat\u00e9rales entre les deux pays.<\/p>\n<p><strong>Le rappel de l\u2019inculpation et le contexte tendu<\/strong><\/p>\n<p>Cette affaire s\u2019est greff\u00e9e sur une crise diplomatique sans pr\u00e9c\u00e9dent entre Alger et Paris, marqu\u00e9e par le rappel des ambassadeurs et des expulsions de fonctionnaires. La prise de position officielle de l\u2019Allemagne s\u2019ajoute aux d\u00e9marches d\u00e9j\u00e0 entreprises par la France.<\/p>\n<p>L\u2019opinion internationale, sensibilis\u00e9e \u00e0 l\u2019\u00e9tat de sant\u00e9 de l\u2019\u00e9crivain, esp\u00e8re d\u00e9sormais une issue rapide. Ces appels politiques et humanitaires visent \u00e0 obtenir la gr\u00e2ce pr\u00e9sidentielle, seule solution rapide pour le Franco-Alg\u00e9rien. La d\u00e9t\u00e9rioration de son \u00e9tat de sant\u00e9 en d\u00e9tention rend cette attente d\u2019autant plus urgente.<\/p>\n<p>Incarc\u00e9r\u00e9 en Alg\u00e9rie depuis le\u00a016 novembre 2024, apr\u00e8s avoir obtenu la nationalit\u00e9 fran\u00e7aise en juin 2024, et quelques semaines apr\u00e8s avoir contest\u00e9 les fronti\u00e8res actuelles du pays avec le Maroc\u00a0dans le m\u00e9dia fran\u00e7ais d\u2019 extr\u00eame droite Fronti\u00e8res, l\u2019arrestation de Boualem Sansal a eu pour effet d\u2019intensifier la\u00a0crise diplomatique entre Alger et Paris. Le\u00a027 mars 2025, il a \u00e9t\u00e9 condamn\u00e9 \u00e0 une peine de cinq ans de prison ferme et \u00e0 une amende de 500\u00a0000 Da.<\/p>\n<p>  &#8211;<br \/>\n&#8211;<\/p>\n","protected":false},"excerpt":{"rendered":"L\u2019affaire de l\u2019\u00e9crivain franco-alg\u00e9rien Boualem Sansal, incarc\u00e9r\u00e9 depuis plus d\u2019un an, prend une dimension internationale accrue. Apr\u00e8s les&hellip;\n","protected":false},"author":2,"featured_media":525475,"comment_status":"","ping_status":"","sticky":false,"template":"","format":"standard","meta":{"footnotes":""},"categories":[1587],"tags":[11,15,672,1804,1805,1803,1777,674,1801,4567,12,1802,64515,96],"class_list":{"0":"post-525474","1":"post","2":"type-post","3":"status-publish","4":"format-standard","5":"has-post-thumbnail","7":"category-allemagne","8":"tag-actualites","9":"tag-algerie","10":"tag-allemagne","11":"tag-bundesrepublik-deutschland","12":"tag-de","13":"tag-deutschland","14":"tag-eu","15":"tag-europe","16":"tag-germany","17":"tag-grace","18":"tag-news","19":"tag-republique-federale-dallemagne","20":"tag-sansal","21":"tag-une"},"share_on_mastodon":{"url":"https:\/\/pubeurope.com\/@fr\/115526857673561083","error":""},"_links":{"self":[{"href":"https:\/\/www.europesays.com\/fr\/wp-json\/wp\/v2\/posts\/525474","targetHints":{"allow":["GET"]}}],"collection":[{"href":"https:\/\/www.europesays.com\/fr\/wp-json\/wp\/v2\/posts"}],"about":[{"href":"https:\/\/www.europesays.com\/fr\/wp-json\/wp\/v2\/types\/post"}],"author":[{"embeddable":true,"href":"https:\/\/www.europesays.com\/fr\/wp-json\/wp\/v2\/users\/2"}],"replies":[{"embeddable":true,"href":"https:\/\/www.europesays.com\/fr\/wp-json\/wp\/v2\/comments?post=525474"}],"version-history":[{"count":0,"href":"https:\/\/www.europesays.com\/fr\/wp-json\/wp\/v2\/posts\/525474\/revisions"}],"wp:featuredmedia":[{"embeddable":true,"href":"https:\/\/www.europesays.com\/fr\/wp-json\/wp\/v2\/media\/525475"}],"wp:attachment":[{"href":"https:\/\/www.europesays.com\/fr\/wp-json\/wp\/v2\/media?parent=525474"}],"wp:term":[{"taxonomy":"category","embeddable":true,"href":"https:\/\/www.europesays.com\/fr\/wp-json\/wp\/v2\/categories?post=525474"},{"taxonomy":"post_tag","embeddable":true,"href":"https:\/\/www.europesays.com\/fr\/wp-json\/wp\/v2\/tags?post=525474"}],"curies":[{"name":"wp","href":"https:\/\/api.w.org\/{rel}","templated":true}]}}