{"id":525478,"date":"2025-11-10T18:39:11","date_gmt":"2025-11-10T18:39:11","guid":{"rendered":"https:\/\/www.europesays.com\/fr\/525478\/"},"modified":"2025-11-10T18:39:11","modified_gmt":"2025-11-10T18:39:11","slug":"les-pays-candidats-a-lue-doivent-choisir-leur-camp-avant-de-rejoindre-lunion-declare-marta-kos","status":"publish","type":"post","link":"https:\/\/www.europesays.com\/fr\/525478\/","title":{"rendered":"Les pays candidats \u00e0 l&rsquo;UE doivent choisir leur camp avant de rejoindre l&rsquo;Union, d\u00e9clare Marta Kos"},"content":{"rendered":"<p class=\"mb-4 text-lg md:leading-8 break-words\">Les pays qui attendent de rejoindre l&rsquo;Union europ\u00e9enne doivent prendre une d\u00e9cision g\u00e9opolitique et choisir leur camp avant d&rsquo;entrer dans l&rsquo;Union, a d\u00e9clar\u00e9 Marta Kos, commissaire europ\u00e9enne \u00e0 l&rsquo;\u00e9largissement, lors d&rsquo;un entretien exclusif avec Euronews apr\u00e8s avoir pr\u00e9sent\u00e9 son bilan annuel.<\/p>\n<p class=\"mb-4 text-lg md:leading-8 break-words\">Ses commentaires interviennent apr\u00e8s que la Commission europ\u00e9enne a publi\u00e9 cette semaine une mise \u00e0 jour du processus d&rsquo;\u00e9largissement pour les candidats, y compris l&rsquo;Ukraine, la Moldavie et les Balkans occidentaux.<\/p>\n<p class=\"mb-4 text-lg md:leading-8 break-words\">Apr\u00e8s l&rsquo;invasion de l&rsquo;Ukraine par la Russie, l&rsquo;UE a relanc\u00e9 les efforts d&rsquo;\u00e9largissement qui avaient \u00e9t\u00e9 interrompus, soulignant la concurrence g\u00e9opolitique pour l&rsquo;influence dans la r\u00e9gion.<\/p>\n<p class=\"mb-4 text-lg md:leading-8 break-words\">\u00ab Nous pourrions voir l&rsquo;Europe unie pour la premi\u00e8re fois sous un m\u00eame toit, mais cela signifie aussi faire des choix \u00bb, a d\u00e9clar\u00e9 Marta Kos lors du sommet de l&rsquo;\u00e9largissement d&rsquo;Euronews qui s&rsquo;est tenu \u00e0 Bruxelles cette semaine.<\/p>\n<p class=\"mb-4 text-lg md:leading-8 break-words\">\u00ab Si un pays se tourne vers la Russie ou n&rsquo;applique pas de sanctions, c&rsquo;est quelque chose que nous ne pouvons pas tol\u00e9rer. \u00bb<\/p>\n<p class=\"mb-4 text-lg md:leading-8 break-words\">Si l&rsquo;UE affirme vouloir \u00e9largir l&rsquo;Union, elle insiste \u00e9galement sur le fait que des conditions doivent \u00eatre remplies et que les nouveaux membres doivent partager des points de vue fondamentaux sur des questions essentielles afin d&rsquo;\u00e9viter que l&rsquo;exp\u00e9rience hongroise ne se r\u00e9p\u00e8te. Le pays, sous la houlette du Premier ministre Viktor Orb\u00e1n, s&rsquo;est \u00e9cart\u00e9 du consensus europ\u00e9en et poursuit une politique agressive de veto sur les politiques communes.<\/p>\n<p class=\"mb-4 text-lg md:leading-8 break-words\">Pour \u00e9viter cela, la Commission \u00e9tudie des garanties plus fortes pour les nouveaux membres en ce qui concerne l\u2019\u00c9tat de droit, car \u00ab il est important pour les Etats membres et les citoyens europ\u00e9ens \u00bb que les pays candidats tiennent leurs promesses une fois qu&rsquo;ils sont devenus membres, a d\u00e9clar\u00e9 Marta Kos.<\/p>\n<p>Une adh\u00e9sion \u00e0 deux niveaux ?<\/p>\n<p class=\"mb-4 text-lg md:leading-8 break-words\">Interrog\u00e9e sur la possibilit\u00e9 de priver les nouveaux \u00c9tats membres de leur droit de vote pendant une p\u00e9riode de probation, Marta Kos a d\u00e9clar\u00e9 \u00e0 Euronews qu&rsquo;elle n&rsquo;\u00e9tait pas favorable \u00e0 une adh\u00e9sion \u00e0 deux niveaux.<\/p>\n<p class=\"mb-4 text-lg md:leading-8 break-words\">\u00ab Je m&rsquo;y oppose formellement. Nous ne pouvons pas avoir de citoyens de seconde zone \u00bb, a-t-elle ajout\u00e9.<\/p>\n<p class=\"mb-4 text-lg md:leading-8 break-words\">Marta Kos a \u00e9galement exhort\u00e9 les \u00c9tats membres \u00e0 donner une impulsion politique au-del\u00e0 des travaux techniques afin de sortir le processus de l&rsquo;impasse dans laquelle il se trouve en raison du veto d&rsquo;Orb\u00e1n sur l&rsquo;Ukraine, qui a emp\u00each\u00e9 l&rsquo;ouverture des n\u00e9gociations sur les groupes de pays, et qui sont pourtant une \u00e9tape n\u00e9cessaire, et a \u00e9galement eu des r\u00e9percussions sur la Moldavie.<\/p>\n<p class=\"mb-4 text-lg md:leading-8 break-words\">Dans son rapport, la Commission indique que le Mont\u00e9n\u00e9gro pourrait \u00eatre le premier pays \u00e0 rejoindre l&rsquo;Union europ\u00e9enne, avec l&rsquo;Albanie. Elle a \u00e9galement salu\u00e9 les efforts de la Moldavie et a exhort\u00e9 l&rsquo;Ukraine \u00e0 poursuivre son programme de r\u00e9formes, notamment en mati\u00e8re de lutte contre la corruption.<\/p>\n<p class=\"mb-4 text-lg md:leading-8 break-words\">La Commission a not\u00e9 que Kiev a r\u00e9alis\u00e9 des progr\u00e8s significatifs dans des circonstances de guerre extraordinaires.<\/p>\n<p class=\"mb-4 text-lg md:leading-8 break-words\">En ce qui concerne la Serbie, elle a not\u00e9 que le pays avait recul\u00e9 en mati\u00e8re d&rsquo;\u00c9tat de droit et a d\u00e9nonc\u00e9 le recours excessif \u00e0 la force polici\u00e8re pour r\u00e9primer les manifestants. Le gouvernement du pr\u00e9sident serbe Aleksandar Vu\u010di\u0107 est confront\u00e9 \u00e0 des protestations extraordinaires depuis un an, suite \u00e0 l&rsquo;effondrement fatal du toit d&rsquo;une gare, qui a tu\u00e9 16 personnes.<\/p>\n<p class=\"mb-4 text-lg md:leading-8 break-words\">La commissaire Marta Kos a d\u00e9clar\u00e9 que la politique \u00e9trang\u00e8re du pr\u00e9sident Aleksandar Vu\u010di\u0107, \u00e0 l\u2019\u00e9gard de la Russie et des sanctions, est en contradiction avec l&rsquo;agenda de l&rsquo;UE.<\/p>\n<p class=\"mb-4 text-lg md:leading-8 break-words\">\u00ab Le pouvoir judiciaire est en grande partie sous l&rsquo;influence du pr\u00e9sident. Rien ne se passe en mati\u00e8re d&rsquo;UE et d&rsquo;\u00e9largissement sans l\u2019aval du pr\u00e9sident \u00bb, a-t-elle d\u00e9clar\u00e9 \u00e0 Euronews.<\/p>\n<p class=\"mb-4 text-lg md:leading-8 break-words\">\u00ab Libert\u00e9 des m\u00e9dias, libert\u00e9 acad\u00e9mique, libert\u00e9 de manifester. Il y a eu un recul. \u00bb<\/p>\n<p class=\"mb-4 text-lg md:leading-8 break-words\">Marta Kos a d\u00e9clar\u00e9 qu&rsquo;elle continuerait \u00e0 dialoguer avec les autorit\u00e9s serbes et qu&rsquo;elle tendrait \u00ab la main au peuple serbe parce que nous voulons que la Serbie soit dans l&rsquo;UE, une Serbie d\u00e9mocratique \u00bb.<\/p>\n<p class=\"mb-4 text-lg md:leading-8 break-words\">La Commission a port\u00e9 un jugement s\u00e9v\u00e8re sur la candidature de la G\u00e9orgie, la d\u00e9crivant comme un pays candidat \u00ab de nom seulement \u00bb \u00e0 la suite d&rsquo;une \u00e9lection parlementaire tumultueuse en 2024 et d&rsquo;un r\u00e9sultat contest\u00e9 par l&rsquo;opposition au parti au pouvoir, R\u00eave g\u00e9orgien.<\/p>\n<p class=\"mb-4 text-lg md:leading-8 break-words\">\u00ab La situation s&rsquo;est fortement d\u00e9t\u00e9rior\u00e9e, avec un grave recul d\u00e9mocratique marqu\u00e9 par une \u00e9rosion rapide de l&rsquo;\u00c9tat de droit et de s\u00e9v\u00e8res restrictions des droits fondamentaux \u00bb, ajoute le rapport.<\/p>\n","protected":false},"excerpt":{"rendered":"Les pays qui attendent de rejoindre l&rsquo;Union europ\u00e9enne doivent prendre une d\u00e9cision g\u00e9opolitique et choisir leur camp avant&hellip;\n","protected":false},"author":2,"featured_media":525479,"comment_status":"","ping_status":"","sticky":false,"template":"","format":"standard","meta":{"footnotes":""},"categories":[1586],"tags":[11,30441,2196,1777,674,1779,1011,27,49094,6158,12,5457,25,1778,364],"class_list":{"0":"post-525478","1":"post","2":"type-post","3":"status-publish","4":"format-standard","5":"has-post-thumbnail","7":"category-europe","8":"tag-actualites","9":"tag-commissaire-europeenne","10":"tag-commission-europeenne","11":"tag-eu","12":"tag-europe","13":"tag-european-union","14":"tag-fr","15":"tag-france","16":"tag-lunion-europeenne-2","17":"tag-marta-kos","18":"tag-news","19":"tag-pays","20":"tag-republique-francaise","21":"tag-ue","22":"tag-union-europeenne"},"share_on_mastodon":{"url":"https:\/\/pubeurope.com\/@fr\/115526865166382432","error":""},"_links":{"self":[{"href":"https:\/\/www.europesays.com\/fr\/wp-json\/wp\/v2\/posts\/525478","targetHints":{"allow":["GET"]}}],"collection":[{"href":"https:\/\/www.europesays.com\/fr\/wp-json\/wp\/v2\/posts"}],"about":[{"href":"https:\/\/www.europesays.com\/fr\/wp-json\/wp\/v2\/types\/post"}],"author":[{"embeddable":true,"href":"https:\/\/www.europesays.com\/fr\/wp-json\/wp\/v2\/users\/2"}],"replies":[{"embeddable":true,"href":"https:\/\/www.europesays.com\/fr\/wp-json\/wp\/v2\/comments?post=525478"}],"version-history":[{"count":0,"href":"https:\/\/www.europesays.com\/fr\/wp-json\/wp\/v2\/posts\/525478\/revisions"}],"wp:featuredmedia":[{"embeddable":true,"href":"https:\/\/www.europesays.com\/fr\/wp-json\/wp\/v2\/media\/525479"}],"wp:attachment":[{"href":"https:\/\/www.europesays.com\/fr\/wp-json\/wp\/v2\/media?parent=525478"}],"wp:term":[{"taxonomy":"category","embeddable":true,"href":"https:\/\/www.europesays.com\/fr\/wp-json\/wp\/v2\/categories?post=525478"},{"taxonomy":"post_tag","embeddable":true,"href":"https:\/\/www.europesays.com\/fr\/wp-json\/wp\/v2\/tags?post=525478"}],"curies":[{"name":"wp","href":"https:\/\/api.w.org\/{rel}","templated":true}]}}