{"id":525494,"date":"2025-11-10T18:50:13","date_gmt":"2025-11-10T18:50:13","guid":{"rendered":"https:\/\/www.europesays.com\/fr\/525494\/"},"modified":"2025-11-10T18:50:13","modified_gmt":"2025-11-10T18:50:13","slug":"une-cycliste-completement-defiguree-apres-lattaque-dune-pie","status":"publish","type":"post","link":"https:\/\/www.europesays.com\/fr\/525494\/","title":{"rendered":"Une cycliste compl\u00e8tement d\u00e9figur\u00e9e apr\u00e8s l\u2019attaque d\u2019une\u2026 pie"},"content":{"rendered":"<p>Alors qu\u2019elle se rendait \u00e0 v\u00e9lo au village de Ravenswood dans le Queensland en <a href=\"https:\/\/www.20minutes.fr\/dossier\/australie\" class=\"c-link c-link--is-underlined\" target=\"_blank\" rel=\"noopener\">Australie<\/a>, une jeune Chilienne avec un visa \u00ab\u00a0vacances-travail temporaire\u00a0\u00bb a \u00e9t\u00e9 victime d\u2019une tr\u00e8s lourde chute apr\u00e8s une attaque qui serait venue du ciel, celle d\u2019une pie, rapporte le journal <a href=\"https:\/\/www.ouest-france.fr\/societe\/faits-divers\/une-cycliste-dans-un-etat-grave-a-cause-dun-oiseau-jai-ete-attaquee-par-une-pie-548aebc0-b662-11f0-82c7-21cf9bb02d71\" rel=\"nofollow noopener\" target=\"_blank\" class=\"c-link c-link--is-underlined\">Ouest-France<\/a>. Inconsciente, elle a d\u00fb \u00eatre h\u00e9liport\u00e9e \u00e0 l\u2019h\u00f4pital.<\/p>\n<p>La victime, qui pr\u00e9sente plusieurs graves blessures au niveau du visage, a besoin \u00e0 pr\u00e9sent d\u2019une lourde op\u00e9ration de chirurgie reconstructrice, ayant du mal \u00e0 manger et \u00e0 parler correctement. Nouveau probl\u00e8me, elle n\u2019est <a href=\"https:\/\/www.20minutes.fr\/production\/4173243-20250918-bons-reflexes-mobilite-douce\" target=\"_blank\" class=\"c-link c-link--is-underlined\" rel=\"noopener\">pas couverte par son assurance<\/a> pour cette op\u00e9ration, celle derni\u00e8re s\u2019\u00e9tant d\u00e9sengag\u00e9e car elle ne portait pas de casque. Aussi, ne pouvant faire face financi\u00e8rement \u00e0 des soins tr\u00e8s chers, la jeune cycliste a lanc\u00e9 un appel \u00e0 la g\u00e9n\u00e9rosit\u00e9 en ligne. Appel qui semble avoir \u00e9t\u00e9 entendu puisqu\u2019elle a re\u00e7u des dons avant que sa cagnotte ne soit suspendue.<\/p>\n","protected":false},"excerpt":{"rendered":"Alors qu\u2019elle se rendait \u00e0 v\u00e9lo au village de Ravenswood dans le Queensland en Australie, une jeune Chilienne&hellip;\n","protected":false},"author":2,"featured_media":525495,"comment_status":"","ping_status":"","sticky":false,"template":"","format":"standard","meta":{"footnotes":""},"categories":[1411],"tags":[4376,47,1261,1117,5035,1262,18604,1154,207,118,1011,27,71,3400,60,208],"class_list":{"0":"post-525494","1":"post","2":"type-post","3":"status-publish","4":"format-standard","5":"has-post-thumbnail","7":"category-cyclisme","8":"tag-accident-de-la-route","9":"tag-actualite","10":"tag-argent","11":"tag-assurance","12":"tag-australie","13":"tag-cagnotte","14":"tag-chirurgie","15":"tag-cycling","16":"tag-cyclisme","17":"tag-faits-divers","18":"tag-fr","19":"tag-france","20":"tag-sante","21":"tag-solidarite","22":"tag-sports","23":"tag-velo"},"share_on_mastodon":{"url":"https:\/\/pubeurope.com\/@fr\/115526908339479551","error":""},"_links":{"self":[{"href":"https:\/\/www.europesays.com\/fr\/wp-json\/wp\/v2\/posts\/525494","targetHints":{"allow":["GET"]}}],"collection":[{"href":"https:\/\/www.europesays.com\/fr\/wp-json\/wp\/v2\/posts"}],"about":[{"href":"https:\/\/www.europesays.com\/fr\/wp-json\/wp\/v2\/types\/post"}],"author":[{"embeddable":true,"href":"https:\/\/www.europesays.com\/fr\/wp-json\/wp\/v2\/users\/2"}],"replies":[{"embeddable":true,"href":"https:\/\/www.europesays.com\/fr\/wp-json\/wp\/v2\/comments?post=525494"}],"version-history":[{"count":0,"href":"https:\/\/www.europesays.com\/fr\/wp-json\/wp\/v2\/posts\/525494\/revisions"}],"wp:featuredmedia":[{"embeddable":true,"href":"https:\/\/www.europesays.com\/fr\/wp-json\/wp\/v2\/media\/525495"}],"wp:attachment":[{"href":"https:\/\/www.europesays.com\/fr\/wp-json\/wp\/v2\/media?parent=525494"}],"wp:term":[{"taxonomy":"category","embeddable":true,"href":"https:\/\/www.europesays.com\/fr\/wp-json\/wp\/v2\/categories?post=525494"},{"taxonomy":"post_tag","embeddable":true,"href":"https:\/\/www.europesays.com\/fr\/wp-json\/wp\/v2\/tags?post=525494"}],"curies":[{"name":"wp","href":"https:\/\/api.w.org\/{rel}","templated":true}]}}