{"id":525496,"date":"2025-11-10T18:51:17","date_gmt":"2025-11-10T18:51:17","guid":{"rendered":"https:\/\/www.europesays.com\/fr\/525496\/"},"modified":"2025-11-10T18:51:17","modified_gmt":"2025-11-10T18:51:17","slug":"le-geste-classe-et-fair-play-de-moussa-niakhate","status":"publish","type":"post","link":"https:\/\/www.europesays.com\/fr\/525496\/","title":{"rendered":"Le geste classe et fair-play de Moussa Niakhat\u00e9.."},"content":{"rendered":"<p><img width=\"780\" height=\"470\" src=\"https:\/\/www.europesays.com\/fr\/wp-content\/uploads\/2025\/11\/l1-20251030093818-2821-780x470.jpg\" class=\"attachment-jannah-image-post size-jannah-image-post wp-post-image\" alt=\"Moussa Niakhat\u00e9\" is_main_img=\"1\" decoding=\"async\" fetchpriority=\"high\"\/><\/p>\n<p>Pour le compte de la 12e journ\u00e9e de <strong>Ligue<br \/>\n1<\/strong>, le <strong>PSG<\/strong> s\u2019est impos\u00e9 (2-3) sur le<br \/>\nterrain de l\u2019<strong>OL<\/strong>. Une victoire qui fait mal aux<br \/>\nt\u00eates lyonnaises, mais pas de quoi perdre la sienne pour le<br \/>\nd\u00e9fenseur <strong>Moussa Niakhat\u00e9<\/strong>.<\/p>\n<p>Au terme d\u2019un match \u00e2pre, c\u2019est dans les derni\u00e8res secondes de<br \/>\nla rencontre que <strong>Joao Neves<\/strong> s\u2019envole sur corner<br \/>\npour redonner l\u2019avantage et la victoire au <strong><a href=\"https:\/\/canal-supporters.com\/\" rel=\"nofollow noopener\" target=\"_blank\">Paris Saint-Germain<\/a><\/strong><br \/>\nface \u00e0 l\u2019<strong>Olympique Lyonnais<\/strong>. En plus du sc\u00e9nario<br \/>\ncruel pour les Lyonnais, ces derniers n\u2019ont pas manqu\u00e9 de souligner<br \/>\nun arbitrage pr\u00e9tendument en leur d\u00e9faveur. Parmi toutes les prises<br \/>\nde parole, <strong>Moussa Niakhat\u00e9<\/strong>, sur les r\u00e9seaux<br \/>\nsociaux, a partag\u00e9 son sentiment : \u00ab\u00a0Franchement et<br \/>\naujourd\u2019hui plus que jamais, je suis vraiment fier de faire partie<br \/>\nde ce club, de ce groupe qui ne l\u00e2che rien m\u00eame quand tout le monde<br \/>\nnous pense mort ! Je d\u00e9teste parler de l\u2019arbitrage, mais quand on<br \/>\nbosse toute une semaine\u2026 Inadmissible\u00ab\u00a0. Sur le m\u00eame<br \/>\nr\u00e9seau social, X, le d\u00e9fenseur international s\u00e9n\u00e9galais<br \/>\nn\u2019a pas manqu\u00e9 de faire preuve de classe avec un supporters du<br \/>\n<strong>PSG<\/strong>. En effet, plus t\u00f4t dans la journ\u00e9e de ce<br \/>\ndimanche, le joueur de 29 ans \u00e9tait le protagoniste d\u2019un sujet de<br \/>\nl\u2019\u00e9mission T\u00e9l\u00e9foot sur TF1. Au cours de<br \/>\ncelui-ci, <strong>Moussa Niakhat\u00e9<\/strong> croise un supporter du<br \/>\n<strong>Paris Saint-Germain<\/strong> en salle de sport v\u00eatu d\u2019un<br \/>\nsurv\u00eatement aux couleurs du club de la capitale, et lui demande son<br \/>\npronostic pour le match du jour : \u00ab\u00a03-1\u00ab\u00a0, lui<br \/>\nr\u00e9pondu le jeune homme.<\/p>\n<p><strong><a href=\"https:\/\/canal-supporters.com\/ol-psg-les-lyonnais-fustigent-larbitrage-apres-leur-defaite-face-aux-parisiens\/\" rel=\"nofollow noopener\" target=\"_blank\"><br \/>\nA lire aussi \u2013 OL \/ PSG : Les Lyonnais fustigent l\u2019arbitrage apr\u00e8s<br \/>\nleur d\u00e9faite face aux Parisiens<\/a><\/strong><\/p>\n<p>canalsupporters.com<\/p>\n<p>Sur son v\u00e9lo, <strong>Moussa Niakhat\u00e9<\/strong> r\u00e9torque avec le<br \/>\nsourire : \u00ab\u00a0Nous on va prendre 3 buts ? Par contre<br \/>\ndimanche si on gagne, les trois prochaines fois que tu viens ici tu<br \/>\nmet un v\u00eatement de l\u2019OL\u00ab\u00a0. S\u2019il n\u2019avait rien pari\u00e9 en<br \/>\nretour en cas de victoire du <strong>PSG<\/strong>, le supporter<br \/>\nparisien devrait tout de m\u00eame avoir un petit quelque chose de la<br \/>\npart du d\u00e9fenseur lyonnais. En effet, le S\u00e9n\u00e9galais, apr\u00e8s s\u2019\u00eatre<br \/>\nplaint de l\u2019arbitrage sur les r\u00e9seaux sociaux, a r\u00e9agi \u00e0 cette<br \/>\ns\u00e9quence de <a href=\"https:\/\/x.com\/telefoot_TF1\/status\/1987472642782429513?s=20\" rel=\"nofollow\">T\u00e9l\u00e9foot<\/a><br \/>\n: \u00ab\u00a0Faut me retrouver le petit fr\u00e8re ! Il a gagn\u00e9 ! Il<br \/>\nm\u00e9rite un petit quelque chose\u00ab\u00a0.<\/p>\n<\/p>\n<p>YouTube : <a href=\"https:\/\/www.youtube.com\/watch?v=mJJkw0s2k5U&amp;t=808s\" rel=\"nofollow noopener\" target=\"_blank\">Canal<br \/>\nSupporters Paris<\/a><\/p>\n","protected":false},"excerpt":{"rendered":"Pour le compte de la 12e journ\u00e9e de Ligue 1, le PSG s\u2019est impos\u00e9 (2-3) sur le terrain&hellip;\n","protected":false},"author":2,"featured_media":525497,"comment_status":"","ping_status":"","sticky":false,"template":"","format":"standard","meta":{"footnotes":""},"categories":[1410],"tags":[64516,81,63,1011,27,64517,64518,66,64519,64520,22391,91,92,93,60,19946],"class_list":{"0":"post-525496","1":"post","2":"type-post","3":"status-publish","4":"format-standard","5":"has-post-thumbnail","7":"category-football","8":"tag-12e-journee-de-ligue-1","9":"tag-canal-supporters","10":"tag-football","11":"tag-fr","12":"tag-france","13":"tag-j12","14":"tag-j12-de-l1","15":"tag-ligue-1","16":"tag-moussa-niakhate","17":"tag-niakhate","18":"tag-ol-psg","19":"tag-paris-saint-germain","20":"tag-paris-sg","21":"tag-psg","22":"tag-sports","23":"tag-supporters-du-psg"},"share_on_mastodon":{"url":"https:\/\/pubeurope.com\/@fr\/115526912886768990","error":""},"_links":{"self":[{"href":"https:\/\/www.europesays.com\/fr\/wp-json\/wp\/v2\/posts\/525496","targetHints":{"allow":["GET"]}}],"collection":[{"href":"https:\/\/www.europesays.com\/fr\/wp-json\/wp\/v2\/posts"}],"about":[{"href":"https:\/\/www.europesays.com\/fr\/wp-json\/wp\/v2\/types\/post"}],"author":[{"embeddable":true,"href":"https:\/\/www.europesays.com\/fr\/wp-json\/wp\/v2\/users\/2"}],"replies":[{"embeddable":true,"href":"https:\/\/www.europesays.com\/fr\/wp-json\/wp\/v2\/comments?post=525496"}],"version-history":[{"count":0,"href":"https:\/\/www.europesays.com\/fr\/wp-json\/wp\/v2\/posts\/525496\/revisions"}],"wp:featuredmedia":[{"embeddable":true,"href":"https:\/\/www.europesays.com\/fr\/wp-json\/wp\/v2\/media\/525497"}],"wp:attachment":[{"href":"https:\/\/www.europesays.com\/fr\/wp-json\/wp\/v2\/media?parent=525496"}],"wp:term":[{"taxonomy":"category","embeddable":true,"href":"https:\/\/www.europesays.com\/fr\/wp-json\/wp\/v2\/categories?post=525496"},{"taxonomy":"post_tag","embeddable":true,"href":"https:\/\/www.europesays.com\/fr\/wp-json\/wp\/v2\/tags?post=525496"}],"curies":[{"name":"wp","href":"https:\/\/api.w.org\/{rel}","templated":true}]}}