{"id":525502,"date":"2025-11-10T18:55:17","date_gmt":"2025-11-10T18:55:17","guid":{"rendered":"https:\/\/www.europesays.com\/fr\/525502\/"},"modified":"2025-11-10T18:55:17","modified_gmt":"2025-11-10T18:55:17","slug":"charles-alloncle-il-est-temps-que-laudiovisuel-public-rende-des-comptes","status":"publish","type":"post","link":"https:\/\/www.europesays.com\/fr\/525502\/","title":{"rendered":"Charles Alloncle : \u00ab Il est temps que l&rsquo;audiovisuel public rende des comptes ! \u00bb"},"content":{"rendered":"<p>Charles Alloncle, d\u00e9put\u00e9 de l&rsquo;H\u00e9rault, sera le rapporteur de la commission d&rsquo;enqu\u00eate parlementaire sur la neutralit\u00e9, le fonctionnement et le financement de l\u2019audiovisuel public qui se r\u00e9unira pour la premi\u00e8re fois ce mercredi 12 novembre.<\/p>\n<p>Apr\u00e8s le scandale de l&rsquo;affaire Patrick Cohen et Thomas Legrand, apr\u00e8s <a href=\"https:\/\/www.bvoltaire.fr\/delphine-ernotte-pourquoi-elle-naurait-pas-du-sen-prendre-a-cnews\/\" target=\"_blank\" rel=\"noopener\">les propos de Delphine Ernotte<\/a>, pr\u00e9sidente de France TV, sur CNews, \u00ab cha\u00eene d&rsquo;extr\u00eame droite\u00a0\u00bb, <a href=\"https:\/\/www.ccomptes.fr\/fr\/publications\/france-televisions\" target=\"_blank\" rel=\"noopener\">le rapport s\u00e9v\u00e8re de la Cour des comptes<\/a> sur les effectifs pl\u00e9thoriques, la gabegie budg\u00e9taire et les erreurs de gestion, le parlementaire ciottiste, tr\u00e8s actif sur le sujet, ne manquera pas de zones \u00e0 \u00e9claircir. Il d\u00e9taille pour BV le programme des travaux d&rsquo;une commission tr\u00e8s attendue qui doit d\u00e9voiler enfin la r\u00e9alit\u00e9 d&rsquo;un audiovisuel public loin d&rsquo;\u00eatre au-dessus de tout soup\u00e7on. Cette commission ouvrira-t-elle enfin la voie au d\u00e9bat sur le poids, pour les Fran\u00e7ais, de nos cha\u00eenes publiques qui p\u00e8sent \u00e0 elles seules autant que&#8230; l&rsquo;ensemble du budget d\u00e9volu au minist\u00e8re de la Culture ?<\/p>\n<p>Visionnez l&rsquo;entretien accord\u00e9 par Charles Alloncle \u00e0 BV ici :<\/p>\n<\/p>\n<p>                    <a href=\"#\" rel=\"nofollow\" onclick=\"window.print(); pfTrackEvent('Charles Alloncle : \u00ab Il est temps que l\u2019audiovisuel public rende des comptes ! \u00bb'); return false;\" title=\"Printer Friendly, PDF &amp; Email\"><br \/>\n                    <img decoding=\"async\" src=\"https:\/\/www.europesays.com\/fr\/wp-content\/uploads\/2025\/04\/printfriendly-icon-sm.png\" alt=\"Print Friendly, PDF &amp; Email\" class=\"pf-button-img\" style=\"width: 17px;height: 17px;\"\/>Imprimer, enregistrer en PDF cet article<br \/>\n                    <\/a><\/p>\n","protected":false},"excerpt":{"rendered":"Charles Alloncle, d\u00e9put\u00e9 de l&rsquo;H\u00e9rault, sera le rapporteur de la commission d&rsquo;enqu\u00eate parlementaire sur la neutralit\u00e9, le fonctionnement&hellip;\n","protected":false},"author":2,"featured_media":525503,"comment_status":"","ping_status":"","sticky":false,"template":"","format":"standard","meta":{"footnotes":""},"categories":[1356],"tags":[58,59,1011,27,252,1364],"class_list":{"0":"post-525502","1":"post","2":"type-post","3":"status-publish","4":"format-standard","5":"has-post-thumbnail","7":"category-television","8":"tag-divertissement","9":"tag-entertainment","10":"tag-fr","11":"tag-france","12":"tag-television","13":"tag-tv"},"share_on_mastodon":{"url":"https:\/\/pubeurope.com\/@fr\/115526928752607573","error":""},"_links":{"self":[{"href":"https:\/\/www.europesays.com\/fr\/wp-json\/wp\/v2\/posts\/525502","targetHints":{"allow":["GET"]}}],"collection":[{"href":"https:\/\/www.europesays.com\/fr\/wp-json\/wp\/v2\/posts"}],"about":[{"href":"https:\/\/www.europesays.com\/fr\/wp-json\/wp\/v2\/types\/post"}],"author":[{"embeddable":true,"href":"https:\/\/www.europesays.com\/fr\/wp-json\/wp\/v2\/users\/2"}],"replies":[{"embeddable":true,"href":"https:\/\/www.europesays.com\/fr\/wp-json\/wp\/v2\/comments?post=525502"}],"version-history":[{"count":0,"href":"https:\/\/www.europesays.com\/fr\/wp-json\/wp\/v2\/posts\/525502\/revisions"}],"wp:featuredmedia":[{"embeddable":true,"href":"https:\/\/www.europesays.com\/fr\/wp-json\/wp\/v2\/media\/525503"}],"wp:attachment":[{"href":"https:\/\/www.europesays.com\/fr\/wp-json\/wp\/v2\/media?parent=525502"}],"wp:term":[{"taxonomy":"category","embeddable":true,"href":"https:\/\/www.europesays.com\/fr\/wp-json\/wp\/v2\/categories?post=525502"},{"taxonomy":"post_tag","embeddable":true,"href":"https:\/\/www.europesays.com\/fr\/wp-json\/wp\/v2\/tags?post=525502"}],"curies":[{"name":"wp","href":"https:\/\/api.w.org\/{rel}","templated":true}]}}