{"id":525504,"date":"2025-11-10T18:56:13","date_gmt":"2025-11-10T18:56:13","guid":{"rendered":"https:\/\/www.europesays.com\/fr\/525504\/"},"modified":"2025-11-10T18:56:13","modified_gmt":"2025-11-10T18:56:13","slug":"iron-maiden-the-offspring-limp-bizkit-au-hellfest-2026-aucun-nom-ne-fera-polemique-promet-son-directeur-le-parisien","status":"publish","type":"post","link":"https:\/\/www.europesays.com\/fr\/525504\/","title":{"rendered":"Iron Maiden, The Offspring, Limp Bizkit au Hellfest 2026 : \u00ab Aucun nom ne fera pol\u00e9mique \u00bb, promet son directeur &#8211; Le Parisien"},"content":{"rendered":"<ol>\n<li><a href=\"https:\/\/news.google.com\/rss\/articles\/CBMirAJBVV95cUxNWkViQmpGWk5sQi1IYkJsdWJYTk1EZVNtRXg3V3I2a0RyM0Y3QXFXSUdLcUlrb2ViQmROalRBcGV3WXdaLWZzb2c4SDBiWlo2VVdJTVNXUEgyLWtvbk9LQ1JfX2dSYUUwbWVaTnB3Y1gtQjhHSEdwbGFTOXV5RUZQM0FERWxLNjVrWkxVRGtjNS12NURCbUZWRjFwSjY2b2NqNldsazhZZVc3d2FjR2RxU2xIQnloS0xFYnhwbnM0UG1DYmRZS25TbHhuTEhqSXZUUU9nMWtuTG5FYi1tTHV4Q3BQYmhuQXk5WmU2bW1NTENsdXJWWUpSQUNfMFBTckxiYVRlSGU4RTJVS0VSUllJbHhNSkl1N0c2MWFsYkZFb2cyQlE4cThPM0owMG0?oc=5\" target=\"_blank\" rel=\"nofollow noopener\">Iron Maiden, The Offspring, Limp Bizkit au Hellfest 2026 : \u00ab Aucun nom ne fera pol\u00e9mique \u00bb, promet son directeur<\/a>&nbsp;&nbsp;Le Parisien<\/li>\n<li><a href=\"https:\/\/news.google.com\/rss\/articles\/CBMijgJBVV95cUxNSktZZzlodkFPTzdxZUVUWnlRMXU0dUhHMy1kZFFyN3VOcUl3Z2hpaXZ0eEl5YkxDSHpUSk4xQ3N5S1lWdnhkcy01Z1FuNHZ1VmlsZ3paWXVVYTRXSk1TQXpuM2FndTBNMW5QUXZnNEpGcjlfZVluV2xZamlFY2lsVXI2czlNTW1uM3NPVXhiYm5xZ0VzcVhET0l2VEk1S3c0LUtLWXYxNVhYbjRHS1RmWTJ0dS15cElmVld5cmZxWURITVAySmpZVFctVVVrdzc5eG5ZM3Y5UnRzNXpSMy14YzdvQk1sSW5xcXU4TlFnVVQ1MUUtVDhfZ3MzVHpFMVdLZ3JWTjJiV2VJbUZ5b0E?oc=5\" target=\"_blank\" rel=\"nofollow noopener\">Hellfest 2026. L\u2019affiche compl\u00e8te vient d\u2019\u00eatre d\u00e9voil\u00e9e : quels sont les groupes programm\u00e9s ?<\/a>&nbsp;&nbsp;Ouest-France<\/li>\n<li><a href=\"https:\/\/news.google.com\/rss\/articles\/CBMi7wFBVV95cUxOQmxnbTZ5TFBnZWRraUxhNFgtZ1NJT3FxUDZmbjhzdnAyZ3VrS0FIVlVlN3lrSzlnTURfZHRhNWMzR1F3NFlZVzVJYUdUZzE5YUxjYWNlMUs0SFl3VGpsWmNiRWI4bFpZUGFfdHRVUFoybDNib3VUdWM2NmpyLUpxSERhbzZzaTJlVmpZeTc1cHRza1A2cWVISG5QcWQ5UzU3SHowQldjTXc0OHg0Q1czUUloN0h4dTNXM3UwaTh0Qm5OTXREQ1JzdFFxUGN4RFZQRk1MRk43UlM4ekw5d1U5NFRoWGJRZC1haTFSc3JtVQ?oc=5\" target=\"_blank\" rel=\"nofollow noopener\">Hellfest 2026 : la programmation compl\u00e8te d\u00e9voil\u00e9e lundi 10 novembre<\/a>&nbsp;&nbsp;France 3 R\u00e9gions<\/li>\n<li><a href=\"https:\/\/news.google.com\/rss\/articles\/CBMi9gFBVV95cUxPVU54VDdkX2duSnFQUTJpS0FXMmZteklKNTZPMThiQkdsMnZ4aWZ0dldiYTk1czlxWTN6ekEyTXVDMUs5czNQaWdDMEFlbElFYVRBLTVMcnNIbHF1TmdEM1lZMTdvTTRGQzl6UmwtS3pVdllPbGotU3NrcExjWFd1NFMyUkVNRW1EZkE5UUt3Uzdaemtra1hHUXpMYzFpTkpKU1FxZ28yMDNJTVhzalFBczNDVFBZd3BmUVM2UGlvNFkwbm52dzVoTFRmUVZ3cl8zTHEtbFNHUFR3ekEwdFQ1c2VfZ3lWc29OaXVRNXdDclJFX3d1SkE?oc=5\" target=\"_blank\" rel=\"nofollow noopener\">Hellfest 2026 : Iron Maiden, The Offsprings ou Alice Cooper \u00e0 Clisson, la programmation du festival de metal d\u00e9voil\u00e9e<\/a>&nbsp;&nbsp;francebleu.fr<\/li>\n<li><a href=\"https:\/\/news.google.com\/rss\/articles\/CBMiaEFVX3lxTFBlY1NJLXQ5SjViODZJRGstUVYxczN3UGlTLWowSU56VmEwLTNnVkVpRnBZcmVTNVBEUHJCbl9mdjNKOXdtb1N4SFNXWEh0bHJPaUF6WVpUNnJtbTNHUkFaSFljUERERWE2?oc=5\" target=\"_blank\" rel=\"nofollow noopener\">Le Hellfest d\u00e9voile son line-up 2026 !<\/a>&nbsp;&nbsp;OUI FM<\/li>\n<\/ol>\n","protected":false},"excerpt":{"rendered":"Iron Maiden, The Offspring, Limp Bizkit au Hellfest 2026 : \u00ab Aucun nom ne fera pol\u00e9mique \u00bb, promet&hellip;\n","protected":false},"author":2,"featured_media":525505,"comment_status":"","ping_status":"","sticky":false,"template":"","format":"standard","meta":{"footnotes":""},"categories":[1355],"tags":[1687,459,58,59,1011,27,16501,1361,873],"class_list":{"0":"post-525504","1":"post","2":"type-post","3":"status-publish","4":"format-standard","5":"has-post-thumbnail","7":"category-musique","8":"tag-culture-loisirs","9":"tag-departements-horsidfo","10":"tag-divertissement","11":"tag-entertainment","12":"tag-fr","13":"tag-france","14":"tag-hellfest","15":"tag-music","16":"tag-musique"},"share_on_mastodon":{"url":"https:\/\/pubeurope.com\/@fr\/115526931902339555","error":""},"_links":{"self":[{"href":"https:\/\/www.europesays.com\/fr\/wp-json\/wp\/v2\/posts\/525504","targetHints":{"allow":["GET"]}}],"collection":[{"href":"https:\/\/www.europesays.com\/fr\/wp-json\/wp\/v2\/posts"}],"about":[{"href":"https:\/\/www.europesays.com\/fr\/wp-json\/wp\/v2\/types\/post"}],"author":[{"embeddable":true,"href":"https:\/\/www.europesays.com\/fr\/wp-json\/wp\/v2\/users\/2"}],"replies":[{"embeddable":true,"href":"https:\/\/www.europesays.com\/fr\/wp-json\/wp\/v2\/comments?post=525504"}],"version-history":[{"count":0,"href":"https:\/\/www.europesays.com\/fr\/wp-json\/wp\/v2\/posts\/525504\/revisions"}],"wp:featuredmedia":[{"embeddable":true,"href":"https:\/\/www.europesays.com\/fr\/wp-json\/wp\/v2\/media\/525505"}],"wp:attachment":[{"href":"https:\/\/www.europesays.com\/fr\/wp-json\/wp\/v2\/media?parent=525504"}],"wp:term":[{"taxonomy":"category","embeddable":true,"href":"https:\/\/www.europesays.com\/fr\/wp-json\/wp\/v2\/categories?post=525504"},{"taxonomy":"post_tag","embeddable":true,"href":"https:\/\/www.europesays.com\/fr\/wp-json\/wp\/v2\/tags?post=525504"}],"curies":[{"name":"wp","href":"https:\/\/api.w.org\/{rel}","templated":true}]}}