{"id":525510,"date":"2025-11-10T18:59:10","date_gmt":"2025-11-10T18:59:10","guid":{"rendered":"https:\/\/www.europesays.com\/fr\/525510\/"},"modified":"2025-11-10T18:59:10","modified_gmt":"2025-11-10T18:59:10","slug":"kante-en-jogging-kounde-sort-le-grand-jeu-en-images-larrivee-des-bleus-a-clairefontaine-le-figaro","status":"publish","type":"post","link":"https:\/\/www.europesays.com\/fr\/525510\/","title":{"rendered":"Kant\u00e9 en jogging, Kound\u00e9 sort le grand jeu &#8230; En images, l\u2019arriv\u00e9e des Bleus \u00e0 Clairefontaine &#8211; Le Figaro"},"content":{"rendered":"<ol>\n<li><a href=\"https:\/\/news.google.com\/rss\/articles\/CBMi5wFBVV95cUxOUHdIMlN5Q0hJNkxSN3AzaWM2M2xyb1Y5cW1Mb3VZRmdEQlhHUXJYUkZHY1FHeGJucVM3R1NKaXZqN3puNUhWWlcyTGZZd3prOHNUcEJkYklNeS1RODc0VFREY09IWFNLcUU4ZEk0aWR5LTljaGJScmZZT1lMQV94MUJNRUtBUmV3dk1jUlN5Vk5zdGY5OUtfVEVtRkR6ZnNxcXpOVDJ6UUlSSVlpaFNScVhMMDliUWNMX25IbzgxdGhLOVNJMG83NVRicUR2bG5JaDNHNG1hWmE5Sm9BOFRHQlVNZlRiVTA?oc=5\" target=\"_blank\" rel=\"noopener\">Kant\u00e9 en jogging, Kound\u00e9 sort le grand jeu &#8230; En images, l\u2019arriv\u00e9e des Bleus \u00e0 Clairefontaine<\/a>&nbsp;&nbsp;Le Figaro<\/li>\n<li><a href=\"https:\/\/news.google.com\/rss\/articles\/CBMiwAFBVV95cUxOWHRVNTNZNXo3OEl6M3pLd1YyQjRrWmdyUTZBeWt0cWtuaFVueVB3YU40UHIzaUV6eHhkcXU2YTdneVU5TXB5WXVBR2FsTFRuNFNNaUR2blJESXZ5b0g5eWJuNGMxSXlacms1c3Q1bWQtNEdQWlVyWVE4aC1IN2ZVYjBUQzdwbUkxLVBhY0ZpYkhmYnNDTlNpbC15U0owcUMyNWVtdVRQeXIxMUJKQ2l1RzQ5UGQ4NGtuOF84ZG95Sng?oc=5\" target=\"_blank\" rel=\"noopener\">Les Bleus sont de retour \u00e0 Clairefontaine : revivez leur arriv\u00e9e en photos<\/a>&nbsp;&nbsp;L&rsquo;\u00c9quipe<\/li>\n<li><a href=\"https:\/\/news.google.com\/rss\/articles\/CBMi2AFBVV95cUxQbnZ1YVhNdVZFMmstbDRBZVRON3AxZmZzd2tmNEY4V19LMTV2M2QwVWZxSTYwQ3ZGclRrcHZuMTY2c3ZYM0hLaGx3NC1fZDNpQTFZckk0ZDFBUG1UUldoQnc4MGhQVXVPcG9DVEt5d0w3dWlZaTRyVjVQOE9odzZlTnVnTVFXM1RVdVhNdVM4MlpieENEM2NHMXVTRk9GZHRHb1lCZGVzblViWmVwM3Qxa1NSdGpNSU9aLVRwamozSks1RzdodUVFN0dUTVpsSDZ0UUlDUUVLOFQ?oc=5\" target=\"_blank\" rel=\"noopener\">EN IMAGES : Cherki, Kound\u00e9, Kon\u00e9, Mbapp\u00e9\u2026 Les plus belles tenues des joueur\u2026<\/a>&nbsp;&nbsp;20 Minutes<\/li>\n<li><a href=\"https:\/\/news.google.com\/rss\/articles\/CBMilgJBVV95cUxNY2VTWjhLSWpKMFFuVjBhdlZZZ3R6X2dydmVXcFhtRUVYZHRZVlF2bVVjQ2dXUkpjUWlDdG5SVkdmVEVNODBRb3JGVF9EYjlwejU0WGVYSkc5ZEx1MTdhcTRXU3VPRWE0R21mTzBjUldOTkdqQXRiWDZlWlVIc0JNd1U1QmM2NGhueVA5YjFpSmRQWURWZnJzdkhhb2VBMVJxbVQ5LW5QN0hzc0p3Um5wMjYwSzgwMl9zZFdsNEs5ZER6OE85U3dxNlR0N05KRy1JaGVLbjY5T3BCek5INFA5a2xFaG9uOU56c1BlS0x2Y3ZpWGVKZ2xZTFotbmZjS1lfV3BMdWlnUGl4RURLeHNNa19aTHVKdw?oc=5\" target=\"_blank\" rel=\"noopener\">Kolo Muani vers un forfait avec la France<\/a>&nbsp;&nbsp;Eurosport<\/li>\n<li><a href=\"https:\/\/news.google.com\/rss\/articles\/CBMiiwJBVV95cUxNZXQ1aW5zdWFHMF82eE9qcndPcWE3QnlIU0ViU1FjWkRIdHZicWpjaVlxWHhaZVpMdW1QeDlObFRzWWRYZi11N2E0cHJvRXVCUjlSenRMWDBBTDlzc0pyRHg5Z0FvN0tvcm1YTlFrTkMxN1ZuU21hU2NLQWF0Nm5YUWJuTVhYTmdTZlJmSFJwdC04VDM0el91and3bmxOTWpWMEs2bDc4emhjT2xRbnBYRzF2UXlWbVJEbWRpTk9fNHV3ZGpuc0x0Y1VLQmJ5NFlWVV9BN0JfUFB2YW5aVkwzYVlTU2NiTzNtWmxvVWpPMFVaOXRxdWlvTWlqNGhOQTMwUS1SNVY2ZUpPWUk?oc=5\" target=\"_blank\" rel=\"noopener\">DIRECT. Equipe de France: toutes les infos sur les Bleus avant les matchs contre l&rsquo;Ukraine et l&rsquo;Azerba\u00efdjan<\/a>&nbsp;&nbsp;RMC Sport<\/li>\n<\/ol>\n","protected":false},"excerpt":{"rendered":"Kant\u00e9 en jogging, Kound\u00e9 sort le grand jeu &#8230; En images, l\u2019arriv\u00e9e des Bleus \u00e0 Clairefontaine&nbsp;&nbsp;Le Figaro Les&hellip;\n","protected":false},"author":2,"featured_media":525511,"comment_status":"","ping_status":"","sticky":false,"template":"","format":"standard","meta":{"footnotes":""},"categories":[9],"tags":[6713,1011,27,60],"class_list":{"0":"post-525510","1":"post","2":"type-post","3":"status-publish","4":"format-standard","5":"has-post-thumbnail","7":"category-sports","8":"tag-equipe-de-france-de-football","9":"tag-fr","10":"tag-france","11":"tag-sports"},"share_on_mastodon":{"url":"https:\/\/pubeurope.com\/@fr\/115526943863411251","error":""},"_links":{"self":[{"href":"https:\/\/www.europesays.com\/fr\/wp-json\/wp\/v2\/posts\/525510","targetHints":{"allow":["GET"]}}],"collection":[{"href":"https:\/\/www.europesays.com\/fr\/wp-json\/wp\/v2\/posts"}],"about":[{"href":"https:\/\/www.europesays.com\/fr\/wp-json\/wp\/v2\/types\/post"}],"author":[{"embeddable":true,"href":"https:\/\/www.europesays.com\/fr\/wp-json\/wp\/v2\/users\/2"}],"replies":[{"embeddable":true,"href":"https:\/\/www.europesays.com\/fr\/wp-json\/wp\/v2\/comments?post=525510"}],"version-history":[{"count":0,"href":"https:\/\/www.europesays.com\/fr\/wp-json\/wp\/v2\/posts\/525510\/revisions"}],"wp:featuredmedia":[{"embeddable":true,"href":"https:\/\/www.europesays.com\/fr\/wp-json\/wp\/v2\/media\/525511"}],"wp:attachment":[{"href":"https:\/\/www.europesays.com\/fr\/wp-json\/wp\/v2\/media?parent=525510"}],"wp:term":[{"taxonomy":"category","embeddable":true,"href":"https:\/\/www.europesays.com\/fr\/wp-json\/wp\/v2\/categories?post=525510"},{"taxonomy":"post_tag","embeddable":true,"href":"https:\/\/www.europesays.com\/fr\/wp-json\/wp\/v2\/tags?post=525510"}],"curies":[{"name":"wp","href":"https:\/\/api.w.org\/{rel}","templated":true}]}}