{"id":525514,"date":"2025-11-10T19:07:37","date_gmt":"2025-11-10T19:07:37","guid":{"rendered":"https:\/\/www.europesays.com\/fr\/525514\/"},"modified":"2025-11-10T19:07:37","modified_gmt":"2025-11-10T19:07:37","slug":"voici-les-meilleures-offres-en-avant-premiere-sur-amazon-co-2","status":"publish","type":"post","link":"https:\/\/www.europesays.com\/fr\/525514\/","title":{"rendered":"voici les meilleures offres en avant-premi\u00e8re sur Amazon &#038; Co"},"content":{"rendered":"<p>De nombreux e-commer\u00e7ants ont pris de l\u2019avance sur le Black Friday cette ann\u00e9e on retrouve d\u00e8s maintenant de belles remises sur de nombreux produits Tech. Nous suivons les offres les plus int\u00e9ressantes en temps r\u00e9el pour vous pr\u00e9senter une s\u00e9lection des meilleures promotions du moment, incluant les smartphones, ordinateurs, t\u00e9l\u00e9viseurs, objets connect\u00e9s, etc.<\/p>\n<p><a href=\"https:\/\/images.frandroid.com\/wp-content\/uploads\/2025\/11\/une-direct-frandroid-1-pre-black-friday-1.jpg\" target=\"_blank\" class=\"article-content__figure\" rel=\"noopener\"><img fetchpriority=\"high\" decoding=\"async\" loading=\"eager\" width=\"1200\" height=\"675\" src=\"https:\/\/www.europesays.com\/fr\/wp-content\/uploads\/2025\/11\/une-direct-frandroid-1-pre-black-friday-1.jpg\" alt=\"\" class=\"wp-image-2861835 wp-image wp-image\"  \/><\/a><\/p>\n<p>Si le <a href=\"https:\/\/www.frandroid.com\/tag\/black-friday\" target=\"_blank\" rel=\"noopener\">Black Friday<\/a> ne commence officiellement que le 28 novembre prochain, certains e-commer\u00e7ants ont d\u00e9cid\u00e9 de partager quelques offres en avance. AliExpress s\u2019y mettra d\u2019ailleurs aussi d\u00e8s demain avec son <a href=\"https:\/\/www.frandroid.com\/tag\/single-days\" target=\"_blank\" rel=\"noreferrer noopener\">Single Day<\/a>, un peu consid\u00e9r\u00e9 comme le Black Friday chinois. Vous l\u2019aurez compris, c\u2019est donc d\u00e9j\u00e0 le bon moment de faire de bonnes affaires en pr\u00e9visions des f\u00eates de fin d\u2019ann\u00e9e, ou autre. <\/p>\n<p>Bref, si vous recherchez un nouveau <a href=\"https:\/\/www.frandroid.com\/bons-plans\/bons-plans-smartphone\" target=\"_blank\" rel=\"noopener\">smartphone<\/a>, <a href=\"https:\/\/www.frandroid.com\/bons-plans\/bons-plans-tablette\" target=\"_blank\" rel=\"noopener\">tablette<\/a>, <a href=\"https:\/\/www.frandroid.com\/bons-plans\/bons-plans-tv\" target=\"_blank\" rel=\"noopener\">TV,<\/a> <a href=\"https:\/\/www.frandroid.com\/bons-plans\/bons-plans-pc-portable\" target=\"_blank\" rel=\"noopener\">PC portable<\/a>, <a href=\"https:\/\/www.frandroid.com\/bons-plans\/bons-plans-audio\" target=\"_blank\" rel=\"noopener\">casque ou \u00e9couteurs sans fil<\/a> ou encore des <a href=\"https:\/\/www.frandroid.com\/bons-plans\/bons-plans-objets-connectes\" target=\"_blank\" rel=\"noopener\">objets connect\u00e9s<\/a>, vous \u00eates au bon endroit. Cet article sera mis \u00e0 jour tr\u00e8s r\u00e9guli\u00e8rement pour vous faire profiter en temps r\u00e9el des meilleurs prix !<\/p>\n<p>Pr\u00e9-Black Friday 2025 : voici les meilleures offres en DIRECT sur Amazon &amp; Co<\/p>\n<p>            mises \u00e0 jour disponibles<\/p>\n<p>La Google Pixel Watch 3 s\u2019est faite remplacer par un nouveau mod\u00e8le, mais les am\u00e9liorations sont mineures. De plus, cette montre connect\u00e9e encore premium est bien moins ch\u00e8re aujourd\u2019hui. <\/p>\n<p><a target=\"_blank\" href=\"https:\/\/images.frandroid.com\/wp-content\/uploads\/2025\/10\/google-pixel-watch-3-black-friday-2025.jpg\" class=\"article-content__figure\" rel=\"noopener\"><img loading=\"lazy\" decoding=\"async\" width=\"1200\" height=\"675\" src=\"https:\/\/www.europesays.com\/fr\/wp-content\/uploads\/2025\/11\/google-pixel-watch-3-black-friday-2025-1200x675.jpg\" alt=\"\" class=\"wp-image-2863049 wp-image\"  \/><\/a><\/p>\n<ul class=\"wp-block-list\">\n<li>Wear OS qui permet d\u2019installer des applications tierces<\/li>\n<li>La luminosit\u00e9 qui suit m\u00eame en plein soleil<\/li>\n<li>Aussi agr\u00e9able \u00e0 porter qu\u2019\u00e0 utiliser<\/li>\n<\/ul>\n<p>Lanc\u00e9e \u00e0 399 euros, la Google Pixel Watch 3 (41 mm) est en ce moment <a href=\"https:\/\/shop.frandroid.com\/i89ea2cj\" data-type=\"link\" data-id=\"https:\/\/www.amazon.fr\/dp\/B0D8BC5BGD?smid=A1X6FK5RDHNB96&amp;tag=egcdealabs2-21&amp;ascsubtag=ppr-fr-1801670252&amp;th=1\" target=\"_blank\" rel=\"noreferrer noopener affiliate nofollow\" data-gtm=\"{&quot;event&quot;:&quot;afficlic&quot;,&quot;nom_marchand&quot;:&quot;amazon_fr&quot;,&quot;nom_produit&quot;:&quot;inconnu&quot;,&quot;categorie_produit&quot;:&quot;inconnu&quot;,&quot;module_produit&quot;:&quot;editolink&quot;,&quot;position_marchand&quot;:0,&quot;texte&quot;:&quot;en-promotion-a-239-euros-sur-amazon&quot;,&quot;offer_url&quot;:&quot;https:\/\/shop.frandroid.com\/i89ea2cj&quot;,&quot;zone&quot;:&quot;contenu-page&quot;}\">en promotion \u00e0 239 euros sur Amazon<\/a>. On la trouve aussi <a href=\"https:\/\/shop.frandroid.com\/z8n1m072\" target=\"_blank\" rel=\"noreferrer noopener affiliate nofollow\" data-gtm=\"{&quot;event&quot;:&quot;afficlic&quot;,&quot;nom_marchand&quot;:&quot;cdiscount&quot;,&quot;nom_produit&quot;:&quot;inconnu&quot;,&quot;categorie_produit&quot;:&quot;inconnu&quot;,&quot;module_produit&quot;:&quot;editolink&quot;,&quot;position_marchand&quot;:0,&quot;texte&quot;:&quot;avec-10-euros-de-moins-sur-cdiscount&quot;,&quot;offer_url&quot;:&quot;https:\/\/shop.frandroid.com\/z8n1m072&quot;,&quot;zone&quot;:&quot;contenu-page&quot;}\">avec 10 euros de moins sur Cdiscount<\/a>, mais via un vendeur tiers. <\/p>\n<p>Le Samsung Galaxy S25 Ultra est la nouvelle r\u00e9f\u00e9rence en mati\u00e8re de smartphone. Il est sur le march\u00e9 depuis fin janvier 2025 et il tr\u00f4ne toujours sur la premi\u00e8re marche de notre podium sur les meilleurs smartphones du moment.<\/p>\n<p><a target=\"_blank\" href=\"https:\/\/images.frandroid.com\/wp-content\/uploads\/2025\/11\/samsung-galaxy-s25-ultra-black-friday-2025.jpg\" class=\"article-content__figure\" rel=\"noopener\"><img loading=\"lazy\" decoding=\"async\" width=\"1200\" height=\"675\" src=\"https:\/\/www.europesays.com\/fr\/wp-content\/uploads\/2025\/11\/samsung-galaxy-s25-ultra-black-friday-2025-1200x675.jpg\" alt=\"\" class=\"wp-image-2862845 wp-image\"  \/><\/a><\/p>\n<ul class=\"wp-block-list\">\n<li>Son design affin\u00e9 et son feeling premium<\/li>\n<li>Il a fait de vrais progr\u00e8s en photo et en vid\u00e9o<\/li>\n<li>La qualit\u00e9 de l\u2019\u00e9cran et le verre Gorilla Armor 2<\/li>\n<\/ul>\n<p>Lors de sa sortie en janvier 2025, le Samsung Galaxy S25 Ultra 256 Go \u00e9tait vendu 1 469 euros. En ce moment, <a href=\"https:\/\/shop.frandroid.com\/rz8bcif2\" target=\"_blank\" rel=\"noreferrer noopener affiliate nofollow\" data-gtm=\"{&quot;event&quot;:&quot;afficlic&quot;,&quot;nom_marchand&quot;:&quot;cdiscount&quot;,&quot;nom_produit&quot;:&quot;inconnu&quot;,&quot;categorie_produit&quot;:&quot;inconnu&quot;,&quot;module_produit&quot;:&quot;editolink&quot;,&quot;position_marchand&quot;:0,&quot;texte&quot;:&quot;il-est-affiche-a-918-99-euros-sur-cdiscount&quot;,&quot;offer_url&quot;:&quot;https:\/\/shop.frandroid.com\/yhwokkhq&quot;,&quot;zone&quot;:&quot;contenu-page&quot;}\">il est affich\u00e9 \u00e0 918,99 euros sur Cdiscount<\/a>.<\/p>\n<p>Design renouvel\u00e9, \u00e9cran un poil plus grand, meilleure long\u00e9vit\u00e9 logicielle\u2026 et enfin quelques fonctions IA du constructeur : le\u00a0<a href=\"https:\/\/www.frandroid.com\/produits\/smartphones\/samsung\/2527179-samsung-galaxy-a36\" target=\"_blank\" rel=\"noopener\">Samsung Galaxy A36 5G<\/a>\u00a0a b\u00e9n\u00e9fici\u00e9 de nombreuses am\u00e9liorations par rapport \u00e0 son pr\u00e9d\u00e9cesseur, le\u00a0<a href=\"https:\/\/www.frandroid.com\/test\/1988154_test-du-samsung-galaxy-a35\" target=\"_blank\" rel=\"noopener\">Galaxy A35<\/a>. La bonne nouvelle, c\u2019est qu\u2019on peut en profiter sans s\u2019\u00eatre ruin\u00e9 aujourd\u2019hui. <\/p>\n<p><a href=\"https:\/\/images.frandroid.com\/wp-content\/uploads\/2025\/11\/samsung-galaxy-a36-pre-black-friday-1.jpg\" target=\"_blank\" class=\"article-content__figure\" rel=\"noopener\"><img loading=\"lazy\" decoding=\"async\" width=\"1200\" height=\"675\" src=\"https:\/\/www.europesays.com\/fr\/wp-content\/uploads\/2025\/11\/samsung-galaxy-a36-pre-black-friday-1-1200x675.jpg\" alt=\"\" class=\"wp-image-2861179 wp-image\"  \/><\/a><\/p>\n<ul class=\"wp-block-list\">\n<li>Une dalle OLED lumineuse de 6,7 pouces<\/li>\n<li>Six ans de mises \u00e0 jour<\/li>\n<li>Galaxy AI<\/li>\n<\/ul>\n<p>Initialement affich\u00e9 \u00e0 399,99 euros, le Samsung Galaxy A36 5G est aujourd\u2019hui\u00a0<a href=\"https:\/\/shop.frandroid.com\/xmq3d4r9\" target=\"_blank\" rel=\"noreferrer noopener affiliate nofollow\" data-gtm=\"{&quot;event&quot;:&quot;afficlic&quot;,&quot;nom_marchand&quot;:&quot;boulanger&quot;,&quot;nom_produit&quot;:&quot;inconnu&quot;,&quot;categorie_produit&quot;:&quot;inconnu&quot;,&quot;module_produit&quot;:&quot;editolink&quot;,&quot;position_marchand&quot;:0,&quot;texte&quot;:&quot;propose-a-259-euros-chez-boulanger&quot;,&quot;offer_url&quot;:&quot;https:\/\/shop.frandroid.com\/xmq3d4r9&quot;,&quot;zone&quot;:&quot;contenu-page&quot;}\">propos\u00e9 \u00e0 259 euros chez Boulanger<\/a>\u00a0gr\u00e2ce \u00e0 une remise imm\u00e9diate coupl\u00e9e\u00a0\u00e0 cette <a href=\"https:\/\/boulanger.scene7.com\/is\/content\/Boulanger\/2.B.com\/Commerce\/EMS\/ilvgalaxyserieaodr.pdf\" target=\"_blank\" rel=\"noreferrer noopener nofollow\">offre de remboursement<\/a> de 70 euros\u00a0valable<strong> jusqu\u2019au 16 novembre prochain.<\/strong><\/p>\n<p>Si vous voulez le mod\u00e8le au-dessus, il y a aussi le Samsung Galaxy A56, version 256 Go, en promotion <a href=\"https:\/\/shop.frandroid.com\/0j3ydj55\" target=\"_blank\" rel=\"noreferrer noopener affiliate nofollow\">\u00e0 319 euros au lieu de 549 euros sur la boutique de Bouygues Telecom<\/a>. Vous aurez 120 euros rembours\u00e9s apr\u00e8s votre achat. <\/p>\n<p>La guerre des consoles portables fait rage cette ann\u00e9e, marqu\u00e9e par les sorties de la Nintendo Switch 2 et de la Asus ROG Xbox Ally. M\u00eame Lenovo y a mis son grain de sel avec la Legion Go S. Sous ses airs sages, la b\u00eate embarque un Ryzen Z2 Go taill\u00e9 pour les AAA, afin de trimballer toute votre ludoth\u00e8que sans faire de sacrifices. Son \u00e9cran 8 pouces WUXGA \u00e0\u00a0120 Hz\u00a0assure des sessions nerveuses et nettes, tandis que la Radeon int\u00e9gr\u00e9e balance des graphismes de haute vol\u00e9e.\u00a0<\/p>\n<p><a href=\"https:\/\/images.frandroid.com\/wp-content\/uploads\/2025\/10\/lenovo-legion-go-s-2.jpg\" target=\"_blank\" class=\"article-content__figure\" rel=\"noopener\"><img loading=\"lazy\" decoding=\"async\" width=\"1200\" height=\"675\" src=\"https:\/\/www.europesays.com\/fr\/wp-content\/uploads\/2025\/11\/1762592989_93_lenovo-legion-go-s-2-1200x675.jpg\" alt=\"\" class=\"wp-image-2851507 wp-image\"  \/><\/a><\/p>\n<ul class=\"wp-block-list\">\n<li>Une dalle IPS-LCD grande, lumineuse et \u00e0 120 Hz<\/li>\n<li>Une prise en main r\u00e9ellement confortable<\/li>\n<li>Les g\u00e2chettes double mode analogique\/num\u00e9rique, bien pens\u00e9es<\/li>\n<\/ul>\n<p>Au lieu de 629,99 euros, la Lenovo Legion Go S est aujourd\u2019hui disponible <a href=\"https:\/\/shop.frandroid.com\/t33vj7wl\" data-type=\"link\" data-id=\"https:\/\/www.amazon.fr\/dp\/B0DT9ZLH6Z\" target=\"_blank\" rel=\"noreferrer noopener affiliate nofollow\" data-gtm=\"{&quot;event&quot;:&quot;afficlic&quot;,&quot;nom_marchand&quot;:&quot;amazon_fr&quot;,&quot;nom_produit&quot;:&quot;inconnu&quot;,&quot;categorie_produit&quot;:&quot;inconnu&quot;,&quot;module_produit&quot;:&quot;editolink&quot;,&quot;position_marchand&quot;:0,&quot;texte&quot;:&quot;en-promotion-a-449-99-euros&quot;,&quot;offer_url&quot;:&quot;https:\/\/shop.frandroid.com\/t33vj7wl&quot;,&quot;zone&quot;:&quot;contenu-page&quot;}\">en promotion \u00e0 449,99 euros<\/a> sur Amazon ainsi que chez Boulanger.<\/p>\n<p>Le MacBook Air M4 existe en deux versions avec un \u00e9cran de 13,6 pouces ou 15,3 pouces. C\u2019est cette derni\u00e8re qui est concern\u00e9e ici, avec 256 Go de stockage et 16 Go de m\u00e9moire vive, par la r\u00e9duction du moment sur Amazon.<\/p>\n<p><a target=\"_blank\" href=\"https:\/\/images.frandroid.com\/wp-content\/uploads\/2025\/10\/macbook-air-15-m4-black-friday-2025.jpg\" class=\"article-content__figure\" rel=\"noopener\"><img loading=\"lazy\" decoding=\"async\" width=\"1200\" height=\"675\" src=\"https:\/\/www.europesays.com\/fr\/wp-content\/uploads\/2025\/11\/macbook-air-15-m4-black-friday-2025-1200x675.jpg\" alt=\"\" class=\"wp-image-2862521 wp-image\"  \/><\/a><\/p>\n<ul class=\"wp-block-list\">\n<li>Une autonomie qui peut aller jusqu\u2019\u00e0 deux jours<\/li>\n<li>La puce M4 assure aujourd\u2019hui et assurera demain<\/li>\n<li>Son design fin et l\u00e9ger<\/li>\n<\/ul>\n<p>Lanc\u00e9 sur le march\u00e9 le 12 mars 2025 \u00e0 1 499 euros, le <a href=\"https:\/\/shop.frandroid.com\/rhsgnuf5\" data-type=\"link\" data-id=\"https:\/\/shop.frandroid.com\/rhsgnuf5\" target=\"_blank\" rel=\"noreferrer noopener affiliate nofollow\" data-gtm=\"{&quot;event&quot;:&quot;afficlic&quot;,&quot;nom_marchand&quot;:&quot;amazon_fr&quot;,&quot;nom_produit&quot;:&quot;inconnu&quot;,&quot;categorie_produit&quot;:&quot;inconnu&quot;,&quot;module_produit&quot;:&quot;editolink&quot;,&quot;position_marchand&quot;:0,&quot;texte&quot;:&quot;mac-book-air-m4-de-15-peut-etre-affiche-a-1-169-euros&quot;,&quot;offer_url&quot;:&quot;https:\/\/shop.frandroid.com\/jy28fstd&quot;,&quot;zone&quot;:&quot;contenu-page&quot;}\">MacBook Air M4 de 15\u2033 peut \u00eatre affich\u00e9 \u00e0 1 169 euros<\/a> sur Amazon gr\u00e2ce \u00e0 une remise suppl\u00e9mentaire de 129,90 euros dans le panier. <\/p>\n<p>Cet HP Victus 15-fb3003nf est une machine que l\u2019on peut qualifier de milieu de gamme. Elle a pour elle d\u2019\u00eatre r\u00e9cente puisqu\u2019elle est sortie en 2025 et est certifi\u00e9e <a href=\"https:\/\/www.frandroid.com\/marques\/microsoft\/2847111_accomplir-vos-taches-dans-windows-en-un-clin-doeil-voici-ce-que-promet-microsoft-avec-ces-nouveaux-agents-copilot\" target=\"_blank\" rel=\"noreferrer noopener\">Copilot+<\/a>. C\u2019est-\u00e0-dire que ce laptop, gaming qui plus est, embarque quelques fonctions utilisant l\u2019intelligence artificielle pour vous aider dans vos t\u00e2ches quotidiennes. <\/p>\n<p><a href=\"https:\/\/images.frandroid.com\/wp-content\/uploads\/2025\/11\/hp-victus-15-fb3003nf-pre-black-friday.jpg\" target=\"_blank\" class=\"article-content__figure\" rel=\"noopener\"><img loading=\"lazy\" decoding=\"async\" width=\"1200\" height=\"675\" src=\"https:\/\/www.europesays.com\/fr\/wp-content\/uploads\/2025\/11\/hp-victus-15-fb3003nf-pre-black-friday-1200x675.jpg\" alt=\"\" class=\"wp-image-2860317 wp-image\"  \/><\/a><\/p>\n<ul class=\"wp-block-list\">\n<li>Un \u00e9cran Full HD de 15,6 pouces rafra\u00eechi \u00e0 144 Hz<\/li>\n<li>Le combo Ryzen AI 5 340 + RTX 5060 fonctionne bien<\/li>\n<li>Le syst\u00e8me de refroidissement est bien efficace<\/li>\n<\/ul>\n<p>Hors promotion, le HP Victus 15-fb3003nf co\u00fbte 1 399,99 euros. Mais avec le pr\u00e9-Black Friday qui frappe un peu partout, vous pouvez l\u2019avoir <a href=\"https:\/\/shop.frandroid.com\/f9kd62tk\" target=\"_blank\" rel=\"noreferrer noopener affiliate nofollow\" data-gtm=\"{&quot;event&quot;:&quot;afficlic&quot;,&quot;nom_marchand&quot;:&quot;boulanger&quot;,&quot;nom_produit&quot;:&quot;inconnu&quot;,&quot;categorie_produit&quot;:&quot;inconnu&quot;,&quot;module_produit&quot;:&quot;editolink&quot;,&quot;position_marchand&quot;:0,&quot;texte&quot;:&quot;sur-boulanger-pour-899-99-euros&quot;,&quot;offer_url&quot;:&quot;https:\/\/shop.frandroid.com\/f9kd62tk&quot;,&quot;zone&quot;:&quot;contenu-page&quot;}\">sur Boulanger pour 899,99 euros<\/a>. On le trouve aussi <a href=\"https:\/\/shop.frandroid.com\/j9iz70j3\" target=\"_blank\" rel=\"noreferrer noopener affiliate nofollow\" data-gtm=\"{&quot;event&quot;:&quot;afficlic&quot;,&quot;nom_marchand&quot;:&quot;cdiscount&quot;,&quot;nom_produit&quot;:&quot;inconnu&quot;,&quot;categorie_produit&quot;:&quot;inconnu&quot;,&quot;module_produit&quot;:&quot;editolink&quot;,&quot;position_marchand&quot;:0,&quot;texte&quot;:&quot;a-799-euros-sur-cdiscount&quot;,&quot;offer_url&quot;:&quot;https:\/\/shop.frandroid.com\/j9iz70j3&quot;,&quot;zone&quot;:&quot;contenu-page&quot;}\">\u00e0 799 euros sur Cdiscount<\/a>, mais sans Windows pr\u00e9install\u00e9. <\/p>\n<p>Les moniteurs gaming dot\u00e9s d\u2019\u00e9crans QD-OLED sont de plus en plus nombreux sur le march\u00e9, et on ne va pas s\u2019en plaindre, tant la qualit\u00e9 d\u2019image qu\u2019ils offrent rend l\u2019exp\u00e9rience de jeu plus immersive, pr\u00e9cise et r\u00e9aliste. C\u2019est justement ce que propose l\u2019Asus ROG Strix OLED XG27ACDMS, avec en prime un taux de rafra\u00eechissement tr\u00e8s \u00e9lev\u00e9. <\/p>\n<p><a target=\"_blank\" href=\"https:\/\/images.frandroid.com\/wp-content\/uploads\/2025\/10\/asus-rog-strix-oled-xg27acdms-black-friday-2025.jpg\" class=\"article-content__figure\" rel=\"noopener\"><img loading=\"lazy\" decoding=\"async\" width=\"1200\" height=\"675\" src=\"https:\/\/www.europesays.com\/fr\/wp-content\/uploads\/2025\/11\/asus-rog-strix-oled-xg27acdms-black-friday-2025-1200x675.jpg\" alt=\"\" class=\"wp-image-2862317 wp-image\"  \/><\/a><\/p>\n<ul class=\"wp-block-list\">\n<li>Une dalle QD-OLED de 27 pouces<\/li>\n<li>Un taux de rafra\u00eechissement de 280 Hz + un temps de r\u00e9ponse de 0,03 ms<\/li>\n<li>L\u2019AMD FreeSync Premium Pro + la compatibilit\u00e9 Nvidia G-Sync <\/li>\n<\/ul>\n<p>Auparavant affich\u00e9 \u00e0 699 euros, l\u2019\u00e9cran PC Asus ROG Strix OLED XG27ACDMS est aujourd\u2019hui <a href=\"https:\/\/shop.frandroid.com\/9gggqz5z\" target=\"_blank\" rel=\"noreferrer noopener affiliate nofollow\" data-gtm=\"{&quot;event&quot;:&quot;afficlic&quot;,&quot;nom_marchand&quot;:&quot;amazon_fr&quot;,&quot;nom_produit&quot;:&quot;inconnu&quot;,&quot;categorie_produit&quot;:&quot;inconnu&quot;,&quot;module_produit&quot;:&quot;editolink&quot;,&quot;position_marchand&quot;:0,&quot;texte&quot;:&quot;disponible-en-promotion-a-579-euros-sur-amazon&quot;,&quot;offer_url&quot;:&quot;https:\/\/shop.frandroid.com\/9gggqz5z&quot;,&quot;zone&quot;:&quot;contenu-page&quot;}\">disponible en promotion \u00e0 529 euros sur Amazon<\/a>.<\/p>\n<p>Le Samsung 55S90F est un TV moderne, pr\u00e9sent\u00e9 lors du First Look du <a href=\"https:\/\/www.frandroid.com\/events\/ces\" target=\"_blank\" rel=\"noreferrer noopener\">CES 2025<\/a>. Cette version de 55 pouces a la particularit\u00e9 de proposer une dalle QD-OLED, <a href=\"https:\/\/www.frandroid.com\/marques\/samsung\/2458072_samsung-officialise-trois-nouvelles-series-de-tv-oled-pour-2025-s95f-s90f-et-s85f\" target=\"_blank\" rel=\"noreferrer noopener\">comme ses homologues<\/a> 65 et 77 pouces, l\u00e0 o\u00f9 les 42, 48 et 83 pouces sont sur du White-OLED. Un mod\u00e8le au rendu de qualit\u00e9, qui va s\u00e9duire autant les cin\u00e9philes que les gamers. <\/p>\n<p><a href=\"https:\/\/images.frandroid.com\/wp-content\/uploads\/2025\/11\/samsung-55s90f-pre-black-friday-2025.jpg\" target=\"_blank\" class=\"article-content__figure\" rel=\"noopener\"><img loading=\"lazy\" decoding=\"async\" width=\"1200\" height=\"675\" src=\"https:\/\/www.europesays.com\/fr\/wp-content\/uploads\/2025\/11\/samsung-55s90f-pre-black-friday-2025-1200x675.jpg\" alt=\"\" class=\"wp-image-2862057 wp-image\"  \/><\/a><\/p>\n<ul class=\"wp-block-list\">\n<li>Un \u00e9cran QD-OLED rafraichit \u00e0 144 Hz<\/li>\n<li>La t\u00e9l\u00e9commande solaire, un produit \u00e9coresponsable<\/li>\n<li>Il est certifi\u00e9 Pantone, pour une grande fid\u00e9lit\u00e9 des couleurs<\/li>\n<\/ul>\n<p>Lors de son lancement, ce TV Samsung 55S90F \u00e9tait \u00e0 1 799 euros. Sur Darty, il est affich\u00e9 \u00e0 999 euros, passe \u00e0 929 dans le panier. Puis, en passant par l\u2019<a href=\"https:\/\/www.darty.com\/res3\/pdf\/EGP\/2025\/Samsung-octobre.pdf\" target=\"_blank\" rel=\"noreferrer noopener nofollow\">offre de remboursement de 100 euros<\/a>, il revient, au final, <a href=\"https:\/\/shop.frandroid.com\/f9augjdz\" target=\"_blank\" rel=\"noreferrer noopener affiliate nofollow\" data-gtm=\"{&quot;event&quot;:&quot;afficlic&quot;,&quot;nom_marchand&quot;:&quot;darty&quot;,&quot;nom_produit&quot;:&quot;inconnu&quot;,&quot;categorie_produit&quot;:&quot;inconnu&quot;,&quot;module_produit&quot;:&quot;editolink&quot;,&quot;position_marchand&quot;:0,&quot;texte&quot;:&quot;a-829-euros&quot;,&quot;offer_url&quot;:&quot;https:\/\/shop.frandroid.com\/f9augjdz&quot;,&quot;zone&quot;:&quot;contenu-page&quot;}\">\u00e0 829 euros<\/a>.<\/p>\n<p>Petite s\u0153ur de la Suunto Race, la montre connect\u00e9e Suunto Race S est plus l\u00e9g\u00e8re, plus fine et m\u00eame plus fluide que son a\u00een\u00e9e. Elle est surtout affich\u00e9e \u00e0 un prix bien plus int\u00e9ressant.<\/p>\n<p><a href=\"https:\/\/images.frandroid.com\/wp-content\/uploads\/2025\/11\/suunto-race-s-black-friday-2025.jpg\" target=\"_blank\" class=\"article-content__figure\" rel=\"noopener\"><img loading=\"lazy\" decoding=\"async\" width=\"1200\" height=\"675\" src=\"https:\/\/www.europesays.com\/fr\/wp-content\/uploads\/2025\/11\/suunto-race-s-black-friday-2025-1200x675.jpg\" alt=\"\" class=\"wp-image-2861955 wp-image\"  \/><\/a><\/p>\n<ul class=\"wp-block-list\">\n<li>Une montre fine et discr\u00e8te<\/li>\n<li>Des capteurs vraiment pr\u00e9cis<\/li>\n<li>La cartographie int\u00e9gr\u00e9e<\/li>\n<\/ul>\n<p>Auparavant affich\u00e9e \u00e0 349 euros, la Suunto Race S est aujourd\u2019hui <a href=\"https:\/\/shop.frandroid.com\/zrkhtyt6\" target=\"_blank\" rel=\"noreferrer noopener affiliate nofollow\" data-gtm=\"{&quot;event&quot;:&quot;afficlic&quot;,&quot;nom_marchand&quot;:&quot;amazon_fr&quot;,&quot;nom_produit&quot;:&quot;inconnu&quot;,&quot;categorie_produit&quot;:&quot;inconnu&quot;,&quot;module_produit&quot;:&quot;editolink&quot;,&quot;position_marchand&quot;:0,&quot;texte&quot;:&quot;disponible-en-promotion-a-259-95-euros-sur-amazon&quot;,&quot;offer_url&quot;:&quot;https:\/\/shop.frandroid.com\/zrkhtyt6&quot;,&quot;zone&quot;:&quot;contenu-page&quot;}\">disponible en promotion \u00e0 259,95 euros sur Amazon<\/a>.<\/p>\n<p>La montre connect\u00e9e premium Huawei Watch GT 6 Pro, lanc\u00e9e il y a un peu de temps, offre un suivi sportif efficace et une bonne autonomie. <\/p>\n<p><a href=\"https:\/\/images.frandroid.com\/wp-content\/uploads\/2025\/11\/huawei-watch-gt-6-pro-black-friday-2025.jpg\" target=\"_blank\" class=\"article-content__figure\" rel=\"noopener\"><img loading=\"lazy\" decoding=\"async\" width=\"1200\" height=\"675\" src=\"https:\/\/www.europesays.com\/fr\/wp-content\/uploads\/2025\/11\/huawei-watch-gt-6-pro-black-friday-2025-1200x675.jpg\" alt=\"\" class=\"wp-image-2861763 wp-image\"  \/><\/a><\/p>\n<ul class=\"wp-block-list\">\n<li>Un design soign\u00e9<\/li>\n<li>Un suivi de fr\u00e9quence cardiaque et un GPS tr\u00e8s pr\u00e9cis<\/li>\n<li>Une autonomie d\u2019une semaine<\/li>\n<\/ul>\n<p>Lanc\u00e9e \u00e0 379,99 euros, la Huawei Watch GT 6 Pro est aujourd\u2019hui <a href=\"https:\/\/shop.frandroid.com\/8aogo13s\" target=\"_blank\" rel=\"noreferrer noopener affiliate nofollow\" data-gtm=\"{&quot;event&quot;:&quot;afficlic&quot;,&quot;nom_marchand&quot;:&quot;huawei&quot;,&quot;nom_produit&quot;:&quot;inconnu&quot;,&quot;categorie_produit&quot;:&quot;inconnu&quot;,&quot;module_produit&quot;:&quot;editolink&quot;,&quot;position_marchand&quot;:0,&quot;texte&quot;:&quot;disponible-en-promotion-a-341-99-euros-sur-le-site-de-huawei&quot;,&quot;offer_url&quot;:&quot;https:\/\/shop.frandroid.com\/8aogo13s&quot;,&quot;zone&quot;:&quot;contenu-page&quot;}\">disponible en promotion \u00e0 341,99 euros sur le site de Huawei<\/a> gr\u00e2ce au code promo <strong>A10HUAWEI25<\/strong>. Des Huawei FreeBuds SE 3, d\u2019une valeur de 49,99 euros, et un bracelet en cuir d\u2019une valeur de 69,99 euros, sont par ailleurs <strong>offerts<\/strong> <strong>jusqu\u2019au 3 d\u00e9cembre 2025<\/strong>.<\/p>\n<p>L\u2019Asus ROG Raikiri est une manette, ici filaire, faite pour du gaming de pr\u00e9cision, avec un syst\u00e8me audio int\u00e9gr\u00e9 et m\u00eame un \u00e9cran Oled. <\/p>\n<p><a href=\"https:\/\/images.frandroid.com\/wp-content\/uploads\/2025\/11\/asus-rog-raikiri-pre-black-friday-2025.jpg\" target=\"_blank\" class=\"article-content__figure\" rel=\"noopener\"><img loading=\"lazy\" decoding=\"async\" width=\"1200\" height=\"675\" src=\"https:\/\/www.europesays.com\/fr\/wp-content\/uploads\/2025\/11\/asus-rog-raikiri-pre-black-friday-2025-1200x675.jpg\" alt=\"\" class=\"wp-image-2861921 wp-image\"  \/><\/a><\/p>\n<ul class=\"wp-block-list\">\n<li>La course adaptative des g\u00e2chettes<\/li>\n<li>Le DAC ESS int\u00e9gr\u00e9 pour un audio de qualit\u00e9 sup\u00e9rieure<\/li>\n<li>La personnalisation avec le logiciel Armoury Crate<\/li>\n<\/ul>\n<p>Sur le site officiel d\u2019Asus, la ROG Raikiri est affich\u00e9e \u00e0 119,99 euros. Mais sur Materiel.net son prix est beaucoup plus int\u00e9ressant puisqu\u2019<a href=\"https:\/\/shop.frandroid.com\/4ezdarl7\" target=\"_blank\" rel=\"noreferrer noopener affiliate nofollow\" data-gtm=\"{&quot;event&quot;:&quot;afficlic&quot;,&quot;nom_marchand&quot;:&quot;materiel_net&quot;,&quot;nom_produit&quot;:&quot;inconnu&quot;,&quot;categorie_produit&quot;:&quot;inconnu&quot;,&quot;module_produit&quot;:&quot;editolink&quot;,&quot;position_marchand&quot;:0,&quot;texte&quot;:&quot;elle-passe-a-59-95-euros&quot;,&quot;offer_url&quot;:&quot;https:\/\/shop.frandroid.com\/4ezdarl7&quot;,&quot;zone&quot;:&quot;contenu-page&quot;}\">elle passe \u00e0 59,95 euros<\/a> jusqu\u2019au 1er d\u00e9cembre 2025.<\/p>\n<p>La Xiaomi Redmi Pad 2 est une tablette tactile r\u00e9cente, disponible depuis le mois de juin 2025. La marque propose l\u00e0 un mod\u00e8le d\u2019entr\u00e9e de gamme \u00e0 usage familial, pour du streaming, consulter ses mails et lancer quelques petits jeux. En plus elle est plut\u00f4t bien finie, proche des mod\u00e8les de gamme sup\u00e9rieure avec un bon suivi logiciel. <\/p>\n<p><a href=\"https:\/\/images.frandroid.com\/wp-content\/uploads\/2025\/11\/pack-xiaomi-redmi-pad-2-pre-black-friday-2025.jpg\" target=\"_blank\" class=\"article-content__figure\" rel=\"noopener\"><img loading=\"lazy\" decoding=\"async\" width=\"1200\" height=\"675\" src=\"https:\/\/www.europesays.com\/fr\/wp-content\/uploads\/2025\/11\/pack-xiaomi-redmi-pad-2-pre-black-friday-2025-1200x675.jpg\" alt=\"\" class=\"wp-image-2861701 wp-image\"  \/><\/a><\/p>\n<ul class=\"wp-block-list\">\n<li>Une qualit\u00e9 sonore agr\u00e9ablement surprenante<\/li>\n<li>Une autonomie pouss\u00e9e avec la batterie de 9 000 mAh<\/li>\n<li>Jusqu\u2019\u00e0 7 ans de suivi pour les MAJ de s\u00e9curit\u00e9<\/li>\n<\/ul>\n<p>Le prix de base affich\u00e9 pour la Redmi Pad 2 11\u2033 128 Go avec son \u00e9tui, son clavier Bluetooth et son stylet est de 329,99 euros. <a href=\"https:\/\/shop.frandroid.com\/e9ncz1ot\" target=\"_blank\" rel=\"noreferrer noopener affiliate nofollow\" data-gtm=\"{&quot;event&quot;:&quot;afficlic&quot;,&quot;nom_marchand&quot;:&quot;fnac&quot;,&quot;nom_produit&quot;:&quot;inconnu&quot;,&quot;categorie_produit&quot;:&quot;inconnu&quot;,&quot;module_produit&quot;:&quot;editolink&quot;,&quot;position_marchand&quot;:0,&quot;texte&quot;:&quot;il-passe-a-199-99-euros&quot;,&quot;offer_url&quot;:&quot;https:\/\/shop.frandroid.com\/e9ncz1ot&quot;,&quot;zone&quot;:&quot;contenu-page&quot;}\">Il passe \u00e0 199,99 euros<\/a> pour le pr\u00e9-Black Friday, ce qui est le prix de la tablette seule. <strong>Il y a aussi 3 mois offerts \u00e0 Deezer Premium !<\/strong><\/p>\n<p>La PlayStation 5 Slim avec lecteur de disque est actuellement en promotion pour ce pr\u00e9-Black Friday, l\u2019occasion d\u2019avoir la console la plus vendue de cette g\u00e9n\u00e9ration pour moins cher. <\/p>\n<p><a href=\"https:\/\/images.frandroid.com\/wp-content\/uploads\/2025\/10\/ps5-slim-black-friday-2025.jpg\" target=\"_blank\" class=\"article-content__figure\" rel=\"noopener\"><img loading=\"lazy\" decoding=\"async\" width=\"1200\" height=\"675\" src=\"https:\/\/www.europesays.com\/fr\/wp-content\/uploads\/2025\/11\/ps5-slim-black-friday-2025-1200x675.jpg\" alt=\"\" class=\"wp-image-2858265 wp-image\"  \/><\/a><\/p>\n<ul class=\"wp-block-list\">\n<li>Les jeux exclusifs \u00e0 la PS5<\/li>\n<li>1 To de stockage (environ 800 Go)<\/li>\n<li>Astro\u2019s Playroom install\u00e9 d\u00e8s l\u2019allumage<\/li>\n<\/ul>\n<p>Au lieu de 549,99 euros habituellement, la Sony PlayStation 5 Slim avec lecteur est actuellement disponible <a href=\"https:\/\/shop.frandroid.com\/xua1c5be\" target=\"_blank\" rel=\"noreferrer noopener affiliate nofollow\">\u00e0 509,99 euros sur Amazon<\/a>.<\/p>\n<p>On trouve aussi un pack tr\u00e8s int\u00e9ressant chez Fnac, o\u00f9 la console est vendue avec deux tr\u00e8s bons jeux, Ghost of Yotei et Clair Obscur: Exp\u00e9dition 33, <a href=\"https:\/\/shop.frandroid.com\/lnjrsiec\" target=\"_blank\" rel=\"noreferrer noopener affiliate nofollow\" data-gtm=\"{&quot;event&quot;:&quot;afficlic&quot;,&quot;nom_marchand&quot;:&quot;fnac&quot;,&quot;nom_produit&quot;:&quot;inconnu&quot;,&quot;categorie_produit&quot;:&quot;inconnu&quot;,&quot;module_produit&quot;:&quot;editolink&quot;,&quot;position_marchand&quot;:0,&quot;texte&quot;:&quot;le-tout-pour-599-euros&quot;,&quot;offer_url&quot;:&quot;https:\/\/shop.frandroid.com\/lnjrsiec&quot;,&quot;zone&quot;:&quot;contenu-page&quot;}\">le tout pour 599 euros<\/a>. <\/p>\n<p>Apr\u00e8s le XM5, Sony revient sur le march\u00e9 audio avec son successeur, le <a href=\"https:\/\/www.frandroid.com\/marques\/sony\/2718917_des-nouvelles-fonctionnalites-pour-le-casque-et-ecouteurs-haut-de-gamme-de-sony\" target=\"_blank\" rel=\"noopener\">WH-1000XM6<\/a>. Ce dernier propose une r\u00e9duction de bruit active\u00a0perfectionn\u00e9e, une qualit\u00e9 sonore affin\u00e9e et un confort repens\u00e9\u00a0pour les longues sessions d\u2019\u00e9coute. Not\u00e9 9\/10 par nos soins, ce nouveau casque qui est <a href=\"https:\/\/www.frandroid.com\/produits-android\/2632799_le-sony-wh-1000xm6-devient-notre-reference-des-meilleurs-casques-audio-bluetooth\" target=\"_blank\" rel=\"noopener\">notre r\u00e9f\u00e9rence des meilleurs casques audio Bluetooth<\/a>.<\/p>\n<p><a href=\"https:\/\/images.frandroid.com\/wp-content\/uploads\/2025\/10\/sony-wh-1000xm6-black-friday-2025.jpg\" target=\"_blank\" class=\"article-content__figure\" rel=\"noopener\"><img loading=\"lazy\" decoding=\"async\" width=\"1200\" height=\"675\" src=\"https:\/\/www.europesays.com\/fr\/wp-content\/uploads\/2025\/11\/sony-wh-1000xm6-black-friday-2025-1200x675.jpg\" alt=\"\" class=\"wp-image-2861881 wp-image\"  \/><\/a><\/p>\n<ul class=\"wp-block-list\">\n<li>Un design pliable et un confort exemplaire<\/li>\n<li>L\u2019efficacit\u00e9 de la r\u00e9duction de bruit <\/li>\n<li>Une belle signature sonore<\/li>\n<\/ul>\n<p>De base \u00e0 450 euros, le Sony WH-1000XM6 est en ce moment affich\u00e9 en promotion <a href=\"https:\/\/shop.frandroid.com\/6aeeht7a\" target=\"_blank\" rel=\"noreferrer noopener affiliate nofollow\" data-gtm=\"{&quot;event&quot;:&quot;afficlic&quot;,&quot;nom_marchand&quot;:&quot;rakuten&quot;,&quot;nom_produit&quot;:&quot;inconnu&quot;,&quot;categorie_produit&quot;:&quot;inconnu&quot;,&quot;module_produit&quot;:&quot;editolink&quot;,&quot;position_marchand&quot;:0,&quot;texte&quot;:&quot;a-319-euros-sur-rakuten&quot;,&quot;offer_url&quot;:&quot;https:\/\/shop.frandroid.com\/s6hby0ee&quot;,&quot;zone&quot;:&quot;contenu-page&quot;}\">\u00e0 329 euros sur Rakuten<\/a>. <\/p>\n<p>Il est peut-\u00eatre plus abordable que le Lenovo Yoga Slim 7 ci-dessus, ce HP OmniBook 5 m\u00e9rite tout de m\u00eame le coup d\u2019\u0153il vu qu\u2019il embarque un Snapdragon X \u00e0 8 c\u0153urs associ\u00e9 \u00e0 16 Go de RAM. Et Snapdragon X oblige, ce PC portable embarque \u00e9galement l\u2019assistant Copilot+. Une autre de ses caract\u00e9ristiques m\u00e9rite d\u2019\u00eatre mise \u00e0 l\u2019\u00e9preuve : son autonomie. Le constructeur am\u00e9ricain communique une endurance de 34 heures avant que la batterie ne tombe \u00e0 plat.<\/p>\n<p><a href=\"https:\/\/images.frandroid.com\/wp-content\/uploads\/2025\/10\/hp-omnibook-5.jpg\" target=\"_blank\" class=\"article-content__figure\" rel=\"noopener\"><img loading=\"lazy\" decoding=\"async\" width=\"1200\" height=\"675\" src=\"https:\/\/www.europesays.com\/fr\/wp-content\/uploads\/2025\/11\/1762593064_101_hp-omnibook-5-1200x675.jpg\" alt=\"\" class=\"wp-image-2849327 wp-image\"  \/><\/a><\/p>\n<ul class=\"wp-block-list\">\n<li>Une dalle OLED de 16 pouces en Full HD<\/li>\n<li>Un Snapdragon X (8 c\u0153urs) avec 16 Go de RAM)<\/li>\n<li>Une autonomie de 34 heures selon HP<\/li>\n<\/ul>\n<p>Au lieu de 899,99 euros, le HP OmniBook 5 est aujourd\u2019hui disponible <a href=\"https:\/\/shop.frandroid.com\/rvsudua6\" data-type=\"link\" data-id=\"https:\/\/www.boulanger.com\/ref\/1222843\" target=\"_blank\" rel=\"noreferrer noopener affiliate nofollow\" data-gtm=\"{&quot;event&quot;:&quot;afficlic&quot;,&quot;nom_marchand&quot;:&quot;boulanger&quot;,&quot;nom_produit&quot;:&quot;inconnu&quot;,&quot;categorie_produit&quot;:&quot;inconnu&quot;,&quot;module_produit&quot;:&quot;editolink&quot;,&quot;position_marchand&quot;:0,&quot;texte&quot;:&quot;en-promotion-a-699-99-euros&quot;,&quot;offer_url&quot;:&quot;https:\/\/shop.frandroid.com\/rvsudua6&quot;,&quot;zone&quot;:&quot;contenu-page&quot;}\">en promotion \u00e0 649,99 euros<\/a> sur Boulanger.<\/p>\n<p>Les Philips Hue Play sont des barres lumineuses id\u00e9ales pour apporter une petite touche color\u00e9e \u00e0 une pi\u00e8ce ou \u00e0 un setup gaming. <\/p>\n<p><a href=\"https:\/\/images.frandroid.com\/wp-content\/uploads\/2025\/11\/pack-hue-play-black-friday-2025.jpg\" target=\"_blank\" class=\"article-content__figure\" rel=\"noopener\"><img loading=\"lazy\" decoding=\"async\" width=\"1200\" height=\"675\" src=\"https:\/\/www.europesays.com\/fr\/wp-content\/uploads\/2025\/11\/1762592950_922_pack-hue-play-black-friday-2025-1200x675.jpg\" alt=\"\" class=\"wp-image-2852849 wp-image\"  \/><\/a><\/p>\n<ul class=\"wp-block-list\">\n<li>Des barres LED qui peuvent se fixer derri\u00e8re un \u00e9cran <\/li>\n<li>Plus de 16 millions de couleurs disponibles<\/li>\n<li>Compatibles avec les assistants vocaux<\/li>\n<\/ul>\n<p>Initialement affich\u00e9 \u00e0 279,99 euros, le pack de quatre Philips Hue Play est aujourd\u2019hui <a href=\"https:\/\/shop.frandroid.com\/2nl060rt\" target=\"_blank\" rel=\"noreferrer noopener affiliate nofollow\" data-gtm=\"{&quot;event&quot;:&quot;afficlic&quot;,&quot;nom_marchand&quot;:&quot;darty&quot;,&quot;nom_produit&quot;:&quot;inconnu&quot;,&quot;categorie_produit&quot;:&quot;inconnu&quot;,&quot;module_produit&quot;:&quot;editolink&quot;,&quot;position_marchand&quot;:0,&quot;texte&quot;:&quot;disponible-en-promotion-a-149-99-euros-chez-darty&quot;,&quot;offer_url&quot;:&quot;https:\/\/shop.frandroid.com\/2nl060rt&quot;,&quot;zone&quot;:&quot;contenu-page&quot;}\">disponible en promotion \u00e0 149,99 euros chez Darty<\/a>.<\/p>\n<p>La s\u00e9rie C des TV OLED de LG est souvent l\u2019option la plus int\u00e9ressante pour go\u00fbter au savoir faire de la marque. C\u2019est l\u2019\u00e9quilibre entre performance et accessibilit\u00e9. Aujourd\u2019hui, il est possible d\u2019en profiter pour moins de 900 euros. <\/p>\n<p><a href=\"https:\/\/images.frandroid.com\/wp-content\/uploads\/2025\/10\/lg-oled-55c5-pre-black-friday.jpg\" target=\"_blank\" class=\"article-content__figure\" rel=\"noopener\"><img loading=\"lazy\" decoding=\"async\" width=\"1200\" height=\"675\" src=\"https:\/\/www.europesays.com\/fr\/wp-content\/uploads\/2025\/11\/lg-oled-55c5-pre-black-friday-1200x675.jpg\" alt=\"\" class=\"wp-image-2860997 wp-image\"  \/><\/a><\/p>\n<ul class=\"wp-block-list\">\n<li>Une dalle White-OLED Evo de 55 pouces<\/li>\n<li>Sa compatibilit\u00e9 avec les normes HLG, HDR10, Dolby Vision et Dolby Vision IQ<\/li>\n<li>Les performances gaming<\/li>\n<\/ul>\n<p>Lanc\u00e9 \u00e0 1 999 euros, le LG OLED55C5 2025 est actuellement affich\u00e9 \u00e0 1 290 euros sur Ubaldi, mais le code promo <strong>400LG4525<\/strong> vous permet d\u2019obtenir <a href=\"https:\/\/shop.frandroid.com\/343h47e2\" target=\"_blank\" rel=\"noreferrer noopener affiliate nofollow\" data-gtm=\"{&quot;event&quot;:&quot;afficlic&quot;,&quot;nom_marchand&quot;:&quot;ubaldi&quot;,&quot;nom_produit&quot;:&quot;inconnu&quot;,&quot;categorie_produit&quot;:&quot;inconnu&quot;,&quot;module_produit&quot;:&quot;editolink&quot;,&quot;position_marchand&quot;:0,&quot;texte&quot;:&quot;cet-excellent-televiseur-a-seulement-890-euros&quot;,&quot;offer_url&quot;:&quot;https:\/\/shop.frandroid.com\/343h47e2&quot;,&quot;zone&quot;:&quot;contenu-page&quot;}\">cet excellent t\u00e9l\u00e9viseur\u00a0\u00e0 seulement 890 euros.<\/a><\/p>\n<p>L\u2019enceinte connect\u00e9e <a href=\"https:\/\/www.frandroid.com\/marques\/harman-kardon\/1835595_test-de-la-harman-kardon-go-play-3-une-signature-sonore-de-haute-volee\" target=\"_blank\" rel=\"noopener\">Harman Kardon Go Plus Play 3<\/a> se pare d\u2019un joli design et des finitions de grande qualit\u00e9. Celle-ci est capable de calibrer le son en fonction de la pi\u00e8ce o\u00f9 elle se trouve. La qualit\u00e9 audio est de bonne facture et une autonomie de 6 heures est \u00e0 prendre en consid\u00e9ration.<\/p>\n<p><a href=\"https:\/\/images.frandroid.com\/wp-content\/uploads\/2025\/11\/harman-kardon-go-plus-play-3-pre-black-friday.jpg\" target=\"_blank\" class=\"article-content__figure\" rel=\"noopener\"><img loading=\"lazy\" decoding=\"async\" width=\"1200\" height=\"675\" src=\"https:\/\/www.europesays.com\/fr\/wp-content\/uploads\/2025\/11\/harman-kardon-go-plus-play-3-pre-black-friday-1200x675.jpg\" alt=\"\" class=\"wp-image-2861327 wp-image\"  \/><\/a><\/p>\n<ul class=\"wp-block-list\">\n<li>Un son pr\u00e9cis riche et d\u00e9taill\u00e9<\/li>\n<li>Capable de s\u2019autocalibrer<\/li>\n<li>Possibilit\u00e9 de faire un son st\u00e9r\u00e9o<\/li>\n<\/ul>\n<p>Pendant la p\u00e9riode du pr\u00e9 Black Friday, l\u2019enceinte Bluetooth de chez Harman Kardon est disponible en promotion. <a href=\"https:\/\/shop.frandroid.com\/5hnqc8ky\" target=\"_blank\" rel=\"noreferrer noopener affiliate nofollow\" data-gtm=\"{&quot;event&quot;:&quot;afficlic&quot;,&quot;nom_marchand&quot;:&quot;amazon_fr&quot;,&quot;nom_produit&quot;:&quot;inconnu&quot;,&quot;categorie_produit&quot;:&quot;inconnu&quot;,&quot;module_produit&quot;:&quot;editolink&quot;,&quot;position_marchand&quot;:0,&quot;texte&quot;:&quot;sur-amazon-il-est-possible-d-acheter-cette-derniere-a-249-euros-au-lieu-de-349-euros&quot;,&quot;offer_url&quot;:&quot;https:\/\/shop.frandroid.com\/5hnqc8ky&quot;,&quot;zone&quot;:&quot;contenu-page&quot;}\">Sur Amazon, il est possible d\u2019acheter cette derni\u00e8re \u00e0 249 euros au lieu de 349 euros<\/a>. <\/p>\n<p>Vous \u00eates \u00e0 la recherche d\u2019un ultraportable capable de vous accompagner partout ? Le Samsung Galaxy Book5 360 dispose d\u2019une construction polyvalente et d\u2019une immense autonomie. Il est possible de l\u2019emmener partout pour un usage polyvalent. <\/p>\n<p><a href=\"https:\/\/images.frandroid.com\/wp-content\/uploads\/2025\/11\/samsung-galaxy-book-5-360-pre-black-friday.jpg\" target=\"_blank\" class=\"article-content__figure\" rel=\"noopener\"><img loading=\"lazy\" decoding=\"async\" width=\"1200\" height=\"675\" src=\"https:\/\/www.europesays.com\/fr\/wp-content\/uploads\/2025\/11\/samsung-galaxy-book-5-360-pre-black-friday-1200x675.jpg\" alt=\"\" class=\"wp-image-2861317 wp-image\"  \/><\/a><\/p>\n<p>Le Xiaomi TV F 65 dispose d\u2019une fiche technique solide, tout en affichant un prix r\u00e9ellement contenu. En ce pr\u00e9-Black Friday, Xiaomi lui fait b\u00e9n\u00e9ficier d\u2019une belle promotion avec en prime deux cadeaux offerts. <\/p>\n<p><a href=\"https:\/\/images.frandroid.com\/wp-content\/uploads\/2025\/10\/xiaomi-tv-f-65-2026-pre-black-friday.jpg\" target=\"_blank\" class=\"article-content__figure\" rel=\"noopener\"><img loading=\"lazy\" decoding=\"async\" width=\"1200\" height=\"675\" src=\"https:\/\/www.europesays.com\/fr\/wp-content\/uploads\/2025\/11\/xiaomi-tv-f-65-2026-pre-black-friday-1200x675.jpg\" alt=\"\" class=\"wp-image-2861263 wp-image\"  \/><\/a><\/p>\n<ul class=\"wp-block-list\">\n<li>Un grand \u00e9cran 4K de 65 pouces <\/li>\n<li>Compatible HDR et Dolby Audio <\/li>\n<li>Fire TV int\u00e9gr\u00e9 et un mode 120 Hz<\/li>\n<\/ul>\n<p>De base \u00e0 569 euros, le Xiaomi TV F 65 2026 se n\u00e9gocie en ce moment <a href=\"https:\/\/shop.frandroid.com\/t6s3i54h\" target=\"_blank\" rel=\"noreferrer noopener affiliate nofollow\" data-gtm=\"{&quot;event&quot;:&quot;afficlic&quot;,&quot;nom_marchand&quot;:&quot;xiaomi&quot;,&quot;nom_produit&quot;:&quot;inconnu&quot;,&quot;categorie_produit&quot;:&quot;inconnu&quot;,&quot;module_produit&quot;:&quot;editolink&quot;,&quot;position_marchand&quot;:0,&quot;texte&quot;:&quot;a-368-99-euros-seulement&quot;,&quot;offer_url&quot;:&quot;https:\/\/shop.frandroid.com\/t6s3i54h&quot;,&quot;zone&quot;:&quot;contenu-page&quot;}\">\u00e0 386,99 euros seulement<\/a> via un coupon sur le site de la marque. En suppl\u00e9ment, vous avez droit gratuitement \u00e0 une TV Box de 2nd g\u00e9n\u00e9ration et une Xiaomi Outdoor camera AW300.<\/p>\n<p>Les SSD NVMe de chez Samsung sont des valeurs s\u00fbres dans le domaine. La s\u00e9rie 990 Pro se montre tr\u00e8s performante, avec des vitesses de transferts de haute vol\u00e9e pour un prix r\u00e9duit aujourd\u2019hui sur le mod\u00e8le 4 To. <\/p>\n<p><a href=\"https:\/\/images.frandroid.com\/wp-content\/uploads\/2025\/10\/samsung-990-pro-pre-black-friday.jpg\" target=\"_blank\" class=\"article-content__figure\" rel=\"noopener\"><img loading=\"lazy\" decoding=\"async\" width=\"1200\" height=\"675\" src=\"https:\/\/www.europesays.com\/fr\/wp-content\/uploads\/2025\/11\/samsung-990-pro-pre-black-friday-1200x675.jpg\" alt=\"\" class=\"wp-image-2861235 wp-image\"  \/><\/a><\/p>\n<ul class=\"wp-block-list\">\n<li>Il propose des d\u00e9bits allant jusqu\u2019\u00e0 7 450 Mo\/s<\/li>\n<li>Il offre une quantit\u00e9 de stockage de 2 To<\/li>\n<li>Il est compatible avec la PS5<\/li>\n<\/ul>\n<p>Propos\u00e9\u00a0\u00e0 319 euros sur la boutique officielle, le SSD M.2 NVMe Samsung 990 Pro avec 4 To de stockage <a href=\"https:\/\/shop.frandroid.com\/5v18x3rv\" target=\"_blank\" rel=\"noreferrer noopener affiliate nofollow\" data-gtm=\"{&quot;event&quot;:&quot;afficlic&quot;,&quot;nom_marchand&quot;:&quot;samsung&quot;,&quot;nom_produit&quot;:&quot;inconnu&quot;,&quot;categorie_produit&quot;:&quot;inconnu&quot;,&quot;module_produit&quot;:&quot;editolink&quot;,&quot;position_marchand&quot;:0,&quot;texte&quot;:&quot;s-affiche-aujourd-hui-en-promotion-a-288-euros&quot;,&quot;offer_url&quot;:&quot;https:\/\/shop.frandroid.com\/5v18x3rv&quot;,&quot;zone&quot;:&quot;contenu-page&quot;}\">s\u2019affiche aujourd\u2019hui\u00a0en promotion \u00e0 288 euros<\/a> gr\u00e2ce au code <strong>STORAGE10<\/strong>.<\/p>\n<p>Si vous souhaitez vous \u00e9quiper avec du bon mat\u00e9riel, le Dell 16 Plus DB16250 est un laptop s\u00e9rieux avec un bel \u00e9cran 2,5 K et une configuration solide qui va vous emmener loin pour vous suivre dans toutes vos aventures. <\/p>\n<p><a href=\"https:\/\/images.frandroid.com\/wp-content\/uploads\/2025\/10\/dell-16-plus-pre-black-friday.jpg\" target=\"_blank\" class=\"article-content__figure\" rel=\"noopener\"><img loading=\"lazy\" decoding=\"async\" width=\"1200\" height=\"675\" src=\"https:\/\/www.europesays.com\/fr\/wp-content\/uploads\/2025\/11\/dell-16-plus-pre-black-friday-1200x675.jpg\" alt=\"\" class=\"wp-image-2861225 wp-image\"  \/><\/a><\/p>\n<ul class=\"wp-block-list\">\n<li>L\u2019\u00e9cran 2,5 K de 16 pouces offre un rendu tr\u00e8s immersif<\/li>\n<li>Le processeur Intel Core Ultra 9 fait tout tourner sans ralentissement<\/li>\n<li>Avec 32 Go de RAM et 2 To de stockage, vous \u00eates tranquille un bon moment<\/li>\n<\/ul>\n<p>De base \u00e0 1 599 euros, le Dell 16 Plus DB16250 avec Ultra 9 est en ce moment <a href=\"https:\/\/shop.frandroid.com\/urst47qr\" target=\"_blank\" rel=\"noreferrer noopener affiliate nofollow\" data-gtm=\"{&quot;event&quot;:&quot;afficlic&quot;,&quot;nom_marchand&quot;:&quot;dell&quot;,&quot;nom_produit&quot;:&quot;inconnu&quot;,&quot;categorie_produit&quot;:&quot;inconnu&quot;,&quot;module_produit&quot;:&quot;editolink&quot;,&quot;position_marchand&quot;:0,&quot;texte&quot;:&quot;remise-a-1-029-euros-sur-le-site-officiel&quot;,&quot;offer_url&quot;:&quot;https:\/\/shop.frandroid.com\/urst47qr&quot;,&quot;zone&quot;:&quot;contenu-page&quot;}\">remis\u00e9 \u00e0 1 029 euros sur le site officiel.  <\/a><\/p>\n<p>L\u00e9ger, performant avec sa puce Snapdragon X et endurant, le\u00a0<a href=\"https:\/\/www.frandroid.com\/produits\/pc-portables\/samsung\/2026758-samsung-galaxy-book-4-edge\" target=\"_blank\" rel=\"noopener\">Samsung Galaxy Book 4 Edge<\/a>\u00a0est un bon alli\u00e9 pour le quotidien. Aujourd\u2019hui, il est possible de l\u2019obtenir \u00e0 seulement 599 euros, contre 1 003 euros habituellement.<\/p>\n<p><a href=\"https:\/\/www.europesays.com\/fr\/wp-content\/uploads\/2025\/11\/image-102-9.jpg\" target=\"_blank\" class=\"article-content__figure\"><img loading=\"lazy\" decoding=\"async\" width=\"1200\" height=\"675\" src=\"https:\/\/www.europesays.com\/fr\/wp-content\/uploads\/2025\/11\/image-102-9.jpg\" alt=\"\" class=\"wp-image-2861203 wp-image\"  \/><\/a><\/p>\n<ul class=\"wp-block-list\">\n<li>Un design fin et l\u00e9ger avec un bel \u00e9cran Amoled<\/li>\n<li>Une puissance rivalisant avec Intel et AMD<\/li>\n<li>Une autonomie au dessus du lot<\/li>\n<\/ul>\n<p>Habituellement vendu \u00e0 1 003,99 euros, le Samsung Galaxy Book 4 Edge (version Snapdragon X)<a href=\"https:\/\/shop.frandroid.com\/c4apxkz6\" target=\"_blank\" rel=\"noreferrer noopener affiliate nofollow\" data-gtm=\"{&quot;event&quot;:&quot;afficlic&quot;,&quot;nom_marchand&quot;:&quot;fnac&quot;,&quot;nom_produit&quot;:&quot;inconnu&quot;,&quot;categorie_produit&quot;:&quot;inconnu&quot;,&quot;module_produit&quot;:&quot;editolink&quot;,&quot;position_marchand&quot;:0,&quot;texte&quot;:&quot;se-negocie-en-ce-moment-a-599-99-euros-sur-le-site-de-la-fnac&quot;,&quot;offer_url&quot;:&quot;https:\/\/shop.frandroid.com\/c4apxkz6&quot;,&quot;zone&quot;:&quot;contenu-page&quot;}\">\u00a0se n\u00e9gocie en ce moment \u00e0 599,99 euros sur le site de la Fnac\u00a0<\/a>et uniquement pour les adh\u00e9rents. <\/p>\n<p>Envie d\u2019un <a href=\"https:\/\/www.frandroid.com\/guide-dachat\/1501824_velo-electrique-pas-cher-les-meilleurs-modeles-a-moins-de-1000-euros\" target=\"_blank\" rel=\"noopener\">v\u00e9lo \u00e9lectrique<\/a> endurant pour effectuer vos trajets maison-boulot ? Le Nakamura E-City 110 semble une bonne option gr\u00e2ce \u00e0 son excellente maniabilit\u00e9 mais aussi son autonomie confortable.<\/p>\n<p><a href=\"https:\/\/www.europesays.com\/fr\/wp-content\/uploads\/2025\/11\/image-102-8.jpg\" target=\"_blank\" class=\"article-content__figure\"><img loading=\"lazy\" decoding=\"async\" width=\"1200\" height=\"675\" src=\"https:\/\/www.europesays.com\/fr\/wp-content\/uploads\/2025\/11\/image-102-8.jpg\" alt=\"\" class=\"wp-image-2861187 wp-image\"  \/><\/a><\/p>\n<ul class=\"wp-block-list\">\n<li>Son excellente autonomie en ville<\/li>\n<li>Simple \u00e0 prendre en selle<\/li>\n<li>Un \u00e9cran clair et \u00e9clair\u00e9 de nuit<\/li>\n<\/ul>\n<p>Au lieu de son prix de d\u00e9part \u00e0 1199 euros, le VAE est en promotion sur Intersport.\u00a0<a href=\"https:\/\/shop.frandroid.com\/nwfppnww\" target=\"_blank\" rel=\"noreferrer noopener affiliate nofollow\" data-gtm=\"{&quot;event&quot;:&quot;afficlic&quot;,&quot;nom_marchand&quot;:&quot;intersport&quot;,&quot;nom_produit&quot;:&quot;inconnu&quot;,&quot;categorie_produit&quot;:&quot;inconnu&quot;,&quot;module_produit&quot;:&quot;editolink&quot;,&quot;position_marchand&quot;:0,&quot;texte&quot;:&quot;le-nakamura-e-city-110-est-a-949-euros&quot;,&quot;offer_url&quot;:&quot;https:\/\/shop.frandroid.com\/nwfppnww&quot;,&quot;zone&quot;:&quot;contenu-page&quot;}\">Le Nakamura E-City 110 est \u00e0 949 euros.<\/a><\/p>\n<p>L\u2019<a href=\"https:\/\/www.frandroid.com\/produits\/smartphones\/oppo\/2846193-oppo-find-x9-pro\" target=\"_blank\" rel=\"noopener\">Oppo Find X9 Pro<\/a> est le nouveau fleuron de <a href=\"https:\/\/www.frandroid.com\/guide-dachat\/smartphones\/709865_guide-smartphones-oppo\" target=\"_blank\" rel=\"noopener\">la marque.<\/a> Un smartphone qui met le paquet sur la photo, mais aussi l\u2019autonomie et qui s\u00e9duit pour son nouveau design. Pour son lancement, il est d\u00e9j\u00e0 possible d\u2019\u00e9conomiser 100 euros gr\u00e2ce \u00e0 une ODR.<\/p>\n<p><a href=\"https:\/\/images.frandroid.com\/wp-content\/uploads\/2025\/11\/oppo-find-x9-pro-pre-black-friday.jpg\" target=\"_blank\" class=\"article-content__figure\" rel=\"noopener\"><img loading=\"lazy\" decoding=\"async\" width=\"1200\" height=\"675\" src=\"https:\/\/www.europesays.com\/fr\/wp-content\/uploads\/2025\/11\/oppo-find-x9-pro-pre-black-friday-1200x675.jpg\" alt=\"\" class=\"wp-image-2861155 wp-image\"  \/><\/a><\/p>\n<ul class=\"wp-block-list\">\n<li>La qualit\u00e9 de fabrication<\/li>\n<li>La puissance brute et la qualit\u00e9 des photos<\/li>\n<li>Une tr\u00e8s bonne autonomie<\/li>\n<\/ul>\n<p>Lanc\u00e9e \u00e0 1 299 euros dans une unique configuration de 16 Go + 512 Go, l\u2019Oppo Find X9 Pro <a href=\"https:\/\/shop.frandroid.com\/wk2enxad\" target=\"_blank\" rel=\"noreferrer noopener affiliate nofollow\" data-gtm=\"{&quot;event&quot;:&quot;afficlic&quot;,&quot;nom_marchand&quot;:&quot;darty&quot;,&quot;nom_produit&quot;:&quot;inconnu&quot;,&quot;categorie_produit&quot;:&quot;inconnu&quot;,&quot;module_produit&quot;:&quot;editolink&quot;,&quot;position_marchand&quot;:0,&quot;texte&quot;:&quot;peut-vous-revenir-a-1-199-euros-sur-le-site-darty&quot;,&quot;offer_url&quot;:&quot;https:\/\/shop.frandroid.com\/wk2enxad&quot;,&quot;zone&quot;:&quot;contenu-page&quot;}\">peut vous revenir \u00e0 1 199 euros sur le site Darty<\/a> gr\u00e2ce \u00e0 <a href=\"https:\/\/www.darty.com\/res3\/pdf\/ODR_OPPO_FIND_X9%20_28102025_05112025.pdf\" target=\"_blank\" rel=\"noreferrer noopener nofollow\">une ODR<\/a> de 100 euros. <\/p>\n<p>Avec la Galaxy Tab S10 Lite, la marque cor\u00e9enne propose une tablette qui s\u2019installe\u00a0<a href=\"https:\/\/www.frandroid.com\/produits\/tablettes-tactiles\/samsung\/2576231-samsung-galaxy-tab-s10-fe\" target=\"_blank\" rel=\"noopener\">sous la gamme FE<\/a>, mais qui garde assez de muscles pour s\u00e9duire ceux qui veulent une ardoise solide, polyvalente et durable.<\/p>\n<p><a href=\"https:\/\/images.frandroid.com\/wp-content\/uploads\/2025\/10\/samsung-galaxy-tab-s10-lite-pre-black-friday.jpg\" target=\"_blank\" class=\"article-content__figure\" rel=\"noopener\"><img loading=\"lazy\" decoding=\"async\" width=\"1200\" height=\"675\" src=\"https:\/\/www.europesays.com\/fr\/wp-content\/uploads\/2025\/11\/samsung-galaxy-tab-s10-lite-pre-black-friday-1200x675.jpg\" alt=\"\" class=\"wp-image-2861151 wp-image\"  \/><\/a><\/p>\n<ul class=\"wp-block-list\">\n<li>\u00c9cran LCD 10,9 pouces, 90 Hz et Gorilla Glass 3<\/li>\n<li>Exynos 1380, jusqu\u2019\u00e0 8 Go de RAM et 256 Go de stockage<\/li>\n<li>Batterie 8 000 mAh et 7 ans de mises \u00e0 jour logicielles<\/li>\n<\/ul>\n<p>Au lieu de 469 euros, le Samsung Galaxy Tab S10 Lite (256 Go) se n\u00e9gocie en ce moment <a href=\"https:\/\/shop.frandroid.com\/78gl08lw\" target=\"_blank\" rel=\"noreferrer noopener affiliate nofollow\" data-gtm=\"{&quot;event&quot;:&quot;afficlic&quot;,&quot;nom_marchand&quot;:&quot;amazon_fr&quot;,&quot;nom_produit&quot;:&quot;inconnu&quot;,&quot;categorie_produit&quot;:&quot;inconnu&quot;,&quot;module_produit&quot;:&quot;editolink&quot;,&quot;position_marchand&quot;:0,&quot;texte&quot;:&quot;en-promotion-a-419-euros-sur-le-site-amazon&quot;,&quot;offer_url&quot;:&quot;https:\/\/shop.frandroid.com\/78gl08lw&quot;,&quot;zone&quot;:&quot;contenu-page&quot;}\">en promotion \u00e0 419 euros sur le site Amazon. <\/a><\/p>\n<p>Les<a href=\"https:\/\/www.frandroid.com\/guide-dachat\/guide-objets-connectes\/727137_quels-sont-les-meilleures-sonnettes-connectees-en-2020\" target=\"_blank\" rel=\"noopener\"> sonnettes connect\u00e9es<\/a> sont pratiques et s\u00e9curisantes. La r\u00e9f\u00e9rence de Xiaomi est capable de filmer en 2K et se n\u00e9gocie \u00e0 un meilleur prix aujourd\u2019hui \u00e0 moins de 70 euros. <\/p>\n<p><a href=\"https:\/\/images.frandroid.com\/wp-content\/uploads\/2025\/11\/xiaomi-smart-doorbell-3-pre-black-friday.jpg\" target=\"_blank\" class=\"article-content__figure\" rel=\"noopener\"><img loading=\"lazy\" decoding=\"async\" width=\"1200\" height=\"675\" src=\"https:\/\/www.europesays.com\/fr\/wp-content\/uploads\/2025\/11\/xiaomi-smart-doorbell-3-pre-black-friday-1200x675.jpg\" alt=\"\" class=\"wp-image-2861125 wp-image\"  \/><\/a><\/p>\n<ul class=\"wp-block-list\">\n<li>Une sonnette discr\u00e8te avec un carillon inclus ;<\/li>\n<\/ul>\n<ul class=\"wp-block-list\">\n<li>Capable d\u2019enregistrer en 2K + vision nocturne ;<\/li>\n<\/ul>\n<ul class=\"wp-block-list\">\n<li>D\u00e9tecte les mouvements en temps r\u00e9el<\/li>\n<\/ul>\n<p>Au d\u00e9part \u00e0 99,99 euros, la sonnette connect\u00e9e Xiaomi Smart Doorbell 3 s\u2019affiche \u00e0 en ce moment <a href=\"https:\/\/shop.frandroid.com\/jrmr461q\" target=\"_blank\" rel=\"noreferrer noopener affiliate nofollow\" data-gtm=\"{&quot;event&quot;:&quot;afficlic&quot;,&quot;nom_marchand&quot;:&quot;xiaomi&quot;,&quot;nom_produit&quot;:&quot;inconnu&quot;,&quot;categorie_produit&quot;:&quot;inconnu&quot;,&quot;module_produit&quot;:&quot;editolink&quot;,&quot;position_marchand&quot;:0,&quot;texte&quot;:&quot;a-seulement-69-99-euros-sur-le-site-officiel&quot;,&quot;offer_url&quot;:&quot;https:\/\/shop.frandroid.com\/jrmr461q&quot;,&quot;zone&quot;:&quot;contenu-page&quot;}\">\u00e0 seulement 69,99 euros sur le site officiel.<\/a><\/p>\n<p>Vous en avez assez de votre vieux MacBook ? En ce moment, le MacBook Pro de 2023 avec puce M3, 16 Go de RAM et 1 To de SSD se n\u00e9gocie \u00e0 seulement 1 399 euros alors que de base il est sorti au prix de 2 999 euros. <\/p>\n<p><a href=\"https:\/\/images.frandroid.com\/wp-content\/uploads\/2025\/10\/macbook-pro-2023-pre-black-friday.jpg\" target=\"_blank\" class=\"article-content__figure\" rel=\"noopener\"><img loading=\"lazy\" decoding=\"async\" width=\"1200\" height=\"675\" src=\"https:\/\/www.europesays.com\/fr\/wp-content\/uploads\/2025\/11\/macbook-pro-2023-pre-black-friday-1200x675.jpg\" alt=\"\" class=\"wp-image-2861087 wp-image\"  \/><\/a><\/p>\n<ul class=\"wp-block-list\">\n<li>La puissance de la puce M3<\/li>\n<\/ul>\n<ul class=\"wp-block-list\">\n<li>Un \u00e9cran 14 pouce lumineux<\/li>\n<\/ul>\n<ul class=\"wp-block-list\">\n<li>Silencieux et une tr\u00e8s bonne autonomie<\/li>\n<\/ul>\n<p>Au lieu de 2 999 euros habituellement, le MacBook Pro 14 M3 (16 Go de RAM et 1 To SSD) est maintenant disponible\u00a0<a href=\"https:\/\/shop.frandroid.com\/lxphenfv\" target=\"_blank\" rel=\"noreferrer noopener affiliate nofollow\" data-gtm=\"{&quot;event&quot;:&quot;afficlic&quot;,&quot;nom_marchand&quot;:&quot;electro_depot&quot;,&quot;nom_produit&quot;:&quot;inconnu&quot;,&quot;categorie_produit&quot;:&quot;inconnu&quot;,&quot;module_produit&quot;:&quot;editolink&quot;,&quot;position_marchand&quot;:0,&quot;texte&quot;:&quot;en-promotion-a-1-399-euros-chez-electro-depot&quot;,&quot;offer_url&quot;:&quot;https:\/\/shop.frandroid.com\/lxphenfv&quot;,&quot;zone&quot;:&quot;contenu-page&quot;}\">en promotion \u00e0 1 399 euros chez Electro Depot.<\/a><\/p>\n<p>Une image d\u00e9mesur\u00e9e, une fluidit\u00e9 haut de gamme, un son Dolby Atmos, ce t\u00e9l\u00e9viseur TCL 98C655 raye toutes les lignes du grand spectacle. Le pr\u00e9-Black Friday lui permet m\u00eame d\u2019avoir une r\u00e9duction \u00e0 la hauteur de ses 248 cm. De 2 299 euros \u00e0 1 399 euros.<\/p>\n<p><a href=\"https:\/\/images.frandroid.com\/wp-content\/uploads\/2025\/11\/tcl-98c655-pre-black-friday.jpg\" target=\"_blank\" class=\"article-content__figure\" rel=\"noopener\"><img loading=\"lazy\" decoding=\"async\" width=\"1200\" height=\"675\" src=\"https:\/\/www.europesays.com\/fr\/wp-content\/uploads\/2025\/11\/tcl-98c655-pre-black-friday-1200x675.jpg\" alt=\"\" class=\"wp-image-2861077 wp-image\"  \/><\/a><\/p>\n<ul class=\"wp-block-list\">\n<li>Une dalle QLED 4K en 144 Hz de 98 pouces<\/li>\n<li>Un son Dolby Atmos puissant de 40W avec ajustement automatique<\/li>\n<li>Google TV, HDMI 2.1, VRR, ALLM, parfait pour le jeu et le streaming<\/li>\n<\/ul>\n<p>Au lieu de 2 299 euros, le TCL 98C655 est\u00a0aujourd\u2019hui disponible en <a href=\"https:\/\/shop.frandroid.com\/42v081sh\" target=\"_blank\" rel=\"noreferrer noopener affiliate nofollow\" data-gtm=\"{&quot;event&quot;:&quot;afficlic&quot;,&quot;nom_marchand&quot;:&quot;cdiscount&quot;,&quot;nom_produit&quot;:&quot;inconnu&quot;,&quot;categorie_produit&quot;:&quot;inconnu&quot;,&quot;module_produit&quot;:&quot;editolink&quot;,&quot;position_marchand&quot;:0,&quot;texte&quot;:&quot;promotion-a-1-399-euros-sur-cdiscount&quot;,&quot;offer_url&quot;:&quot;https:\/\/shop.frandroid.com\/42v081sh&quot;,&quot;zone&quot;:&quot;contenu-page&quot;}\">promotion \u00e0 1 399 euros sur Cdiscount.<\/a><\/p>\n<p>Dalle OLED Ultra-wide de 49 pouces, courbure 1800R, taux de rafra\u00eechissement de 240 Hz\u2026 Le MSI MPG 491CQPX est d\u00e9cid\u00e9ment un \u00e9cran PC pas comme les autres qui devrait ravir les joueurs les plus exigeants.\u00a0Lors du pr\u00e9-Black Friday, on le trouve en promotion \u00e0 979 euros contre 1 399 euros habituellement.<\/p>\n<p><a href=\"https:\/\/images.frandroid.com\/wp-content\/uploads\/2025\/04\/msi-mpg-491cqpx-pre-black-friday-1.jpg\" target=\"_blank\" class=\"article-content__figure\" rel=\"noopener\"><img loading=\"lazy\" decoding=\"async\" width=\"1200\" height=\"675\" src=\"https:\/\/www.europesays.com\/fr\/wp-content\/uploads\/2025\/11\/msi-mpg-491cqpx-pre-black-friday-1-1200x675.jpg\" alt=\"\" class=\"wp-image-2861067 wp-image\"  \/><\/a><\/p>\n<ul class=\"wp-block-list\">\n<li>Une dalle OLED pour jouer c\u2019est le confort absolu<\/li>\n<\/ul>\n<ul class=\"wp-block-list\">\n<li>Le taux de rafra\u00eechissement pouvant monter \u00e0 240 Hz<\/li>\n<\/ul>\n<ul class=\"wp-block-list\">\n<li>Toute la personnalisation possible pour les jeux avec MSI Gaming Intelligence<\/li>\n<\/ul>\n<p>De base \u00e0 1 399 euros, l\u2019\u00e9cran PC gaming MSI MPG 491CQPX QD-OLED de 49 pouces est disponible <a href=\"https:\/\/shop.frandroid.com\/a25m8zve\" target=\"_blank\" rel=\"noreferrer noopener affiliate nofollow\" data-gtm=\"{&quot;event&quot;:&quot;afficlic&quot;,&quot;nom_marchand&quot;:&quot;rue_du_commerce&quot;,&quot;nom_produit&quot;:&quot;inconnu&quot;,&quot;categorie_produit&quot;:&quot;inconnu&quot;,&quot;module_produit&quot;:&quot;editolink&quot;,&quot;position_marchand&quot;:0,&quot;texte&quot;:&quot;en-promotion-a-979-99-euros-sur-le-site-rue-du-commerce&quot;,&quot;offer_url&quot;:&quot;https:\/\/shop.frandroid.com\/a25m8zve&quot;,&quot;zone&quot;:&quot;contenu-page&quot;}\">en promotion \u00e0 979,99 euros sur le site Rue du Commerce.<\/a><\/p>\n<p>La Marshall Emberton III est un tr\u00e8s bel objet, robuste et agr\u00e9able \u00e0 utiliser. Elle offre une autonomie de 32 heures, un son \u00e0 360 degr\u00e9s, une certification IP67\u2026 Le tout pour 116 euros seulement lors du pr\u00e9-Black Friday au lieu de 179 euros de base. <\/p>\n<p><a href=\"https:\/\/images.frandroid.com\/wp-content\/uploads\/2025\/04\/marshall-emberton-iii-pre-black-friday.jpg\" target=\"_blank\" class=\"article-content__figure\" rel=\"noopener\"><img loading=\"lazy\" decoding=\"async\" width=\"1200\" height=\"675\" src=\"https:\/\/www.europesays.com\/fr\/wp-content\/uploads\/2025\/11\/marshall-emberton-iii-pre-black-friday-1200x675.jpg\" alt=\"\" class=\"wp-image-2861031 wp-image\"  \/><\/a><\/p>\n<ul class=\"wp-block-list\">\n<li>La r\u00e9sistance \u00e0 l\u2019eau avec la certification IP67<\/li>\n<li>Un son 360 degr\u00e9s<\/li>\n<li>La compatibilit\u00e9 Bluetooth LE Audio<\/li>\n<\/ul>\n<p>De base \u00e0 179,99 euros, la Marshall Emberton III est en ce moment <a href=\"https:\/\/shop.frandroid.com\/oz0415b0\" target=\"_blank\" rel=\"noreferrer noopener affiliate nofollow\" data-gtm=\"{&quot;event&quot;:&quot;afficlic&quot;,&quot;nom_marchand&quot;:&quot;boulanger&quot;,&quot;nom_produit&quot;:&quot;inconnu&quot;,&quot;categorie_produit&quot;:&quot;inconnu&quot;,&quot;module_produit&quot;:&quot;editolink&quot;,&quot;position_marchand&quot;:0,&quot;texte&quot;:&quot;remisee-a-116-99-euros-sur-le-site-boulanger&quot;,&quot;offer_url&quot;:&quot;https:\/\/shop.frandroid.com\/oz0415b0&quot;,&quot;zone&quot;:&quot;contenu-page&quot;}\">remis\u00e9e \u00e0 116,99 euros sur le site Boulanger<\/a> avec le code <strong>AUDIO10<\/strong>. <\/p>\n<p>Cet ordinateur portable est clairement pens\u00e9 pour la bureautique avanc\u00e9e, le multim\u00e9dia et plus particuli\u00e8rement la retouche photo. Que vous soyez en t\u00e9l\u00e9travail, \u00e0 la maison ou m\u00eame dans un bureau, c\u2019est une machine toute indiqu\u00e9e. <\/p>\n<p><a href=\"https:\/\/images.frandroid.com\/wp-content\/uploads\/2025\/10\/asus-vivobook-15-oled-pre-black-friday.jpg\" target=\"_blank\" class=\"article-content__figure\" rel=\"noopener\"><img loading=\"lazy\" decoding=\"async\" width=\"1200\" height=\"675\" src=\"https:\/\/www.europesays.com\/fr\/wp-content\/uploads\/2025\/11\/asus-vivobook-15-oled-pre-black-friday-1200x675.jpg\" alt=\"\" class=\"wp-image-2861027 wp-image\"  \/><\/a><\/p>\n<ul class=\"wp-block-list\">\n<li>Un \u00e9cran OLED 2,8K de 15,6 pouces <\/li>\n<li>Un combo Ryzen 7 7730U + 16 Go de RAM + un SSD de 512 Go<\/li>\n<li>La charge rapide disponible<\/li>\n<\/ul>\n<p>Initialement propos\u00e9 \u00e0 799,99 euros, l\u2019Asus VivoBook 15 OLED (M1505YA) est aujourd\u2019hui\u00a0<a href=\"https:\/\/shop.frandroid.com\/bno7ynxm\" target=\"_blank\" rel=\"noreferrer noopener affiliate nofollow\" data-gtm=\"{&quot;event&quot;:&quot;afficlic&quot;,&quot;nom_marchand&quot;:&quot;darty&quot;,&quot;nom_produit&quot;:&quot;inconnu&quot;,&quot;categorie_produit&quot;:&quot;inconnu&quot;,&quot;module_produit&quot;:&quot;editolink&quot;,&quot;position_marchand&quot;:0,&quot;texte&quot;:&quot;affiche-a-629-99-euros-chez-darty&quot;,&quot;offer_url&quot;:&quot;https:\/\/shop.frandroid.com\/bno7ynxm&quot;,&quot;zone&quot;:&quot;contenu-page&quot;}\">affich\u00e9 \u00e0 629,99 euros chez Darty<\/a> et la <a href=\"https:\/\/shop.frandroid.com\/h1z3m6mx\" target=\"_blank\" rel=\"noreferrer noopener affiliate nofollow\" data-gtm=\"{&quot;event&quot;:&quot;afficlic&quot;,&quot;nom_marchand&quot;:&quot;fnac&quot;,&quot;nom_produit&quot;:&quot;inconnu&quot;,&quot;categorie_produit&quot;:&quot;inconnu&quot;,&quot;module_produit&quot;:&quot;editolink&quot;,&quot;position_marchand&quot;:0,&quot;texte&quot;:&quot;fnac&quot;,&quot;offer_url&quot;:&quot;https:\/\/shop.frandroid.com\/h1z3m6mx&quot;,&quot;zone&quot;:&quot;contenu-page&quot;}\">Fnac<\/a>.<\/p>\n<p>Il p\u00e9trit, \u00e9mince, mijote et bien plus : le Moulinex Companion est l\u2019arme secr\u00e8te de celles et ceux qui n\u2019ont pas le temps de cuisiner au quotidien.<\/p>\n<p><a href=\"https:\/\/images.frandroid.com\/wp-content\/uploads\/2025\/11\/moulinex-companion-black-friday-2025.jpg\" target=\"_blank\" class=\"article-content__figure\" rel=\"noopener\"><img loading=\"lazy\" decoding=\"async\" width=\"1200\" height=\"675\" src=\"https:\/\/www.europesays.com\/fr\/wp-content\/uploads\/2025\/11\/moulinex-companion-black-friday-2025-1200x675.jpg\" alt=\"\" class=\"wp-image-2860569 wp-image\"  \/><\/a><\/p>\n<ul class=\"wp-block-list\">\n<li>Une capacit\u00e9 de 3 L<\/li>\n<li>Plusieurs programmes automatiques et un mode manuel<\/li>\n<li>Une batterie d\u2019accessoires fournis<\/li>\n<\/ul>\n<p>Auparavant affich\u00e9 599,99 euros, le robot cuiseur Moulinex Companion est aujourd\u2019hui <a href=\"https:\/\/shop.frandroid.com\/lbr5l95o\" target=\"_blank\" rel=\"noreferrer noopener affiliate nofollow\" data-gtm=\"{&quot;event&quot;:&quot;afficlic&quot;,&quot;nom_marchand&quot;:&quot;amazon_fr&quot;,&quot;nom_produit&quot;:&quot;inconnu&quot;,&quot;categorie_produit&quot;:&quot;inconnu&quot;,&quot;module_produit&quot;:&quot;editolink&quot;,&quot;position_marchand&quot;:0,&quot;texte&quot;:&quot;disponible-en-promotion-a-449-euros-sur-amazon&quot;,&quot;offer_url&quot;:&quot;https:\/\/shop.frandroid.com\/lbr5l95o&quot;,&quot;zone&quot;:&quot;contenu-page&quot;}\">disponible en promotion \u00e0 449,99 euros sur Amazon<\/a>.<\/p>\n<p>L\u2019Insta360 Flow 2 est un stabilisateur \u00e9lectronique sur lequel vous fixez votre smartphone. Il permet de faire des photos et des vid\u00e9os nettes, stables, avec contr\u00f4le \u00e0 distance pour des plans plus larges. C\u2019est un appareil pratique \u00e0 emmener en vacances, pour immortaliser des souvenirs, avec en plus pour la version Plus un traqueur IA pouvant suivre plusieurs sujets pour garder la mise au point. <\/p>\n<p><a href=\"https:\/\/images.frandroid.com\/wp-content\/uploads\/2025\/11\/insta360-flow-2-plus-pre-black-friday.jpg\" target=\"_blank\" class=\"article-content__figure\" rel=\"noopener\"><img loading=\"lazy\" decoding=\"async\" width=\"1200\" height=\"675\" src=\"https:\/\/www.europesays.com\/fr\/wp-content\/uploads\/2025\/11\/insta360-flow-2-plus-pre-black-friday-1200x675.jpg\" alt=\"\" class=\"wp-image-2860089 wp-image\"  \/><\/a><\/p>\n<ul class=\"wp-block-list\">\n<li>L\u2019int\u00e9gration du capteur IA, un accessoire tr\u00e8s pratique<\/li>\n<li>Une autonomie de 10 h<\/li>\n<li>Compatibilit\u00e9 NFC pour un appairage rapide<\/li>\n<\/ul>\n<p>L\u2019Insta360 Flow 2 Plus est le m\u00eame que l\u2019Insta360 Flow 2, avec un capteur IA en plus. Le premier est <a href=\"https:\/\/shop.frandroid.com\/lsw2uu0n\" target=\"_blank\" rel=\"noreferrer noopener affiliate nofollow\">affich\u00e9 \u00e0 99 euros<\/a> sur Amazon, quant au second il est <a href=\"https:\/\/shop.frandroid.com\/82m6fi4v\" target=\"_blank\" rel=\"noreferrer noopener affiliate nofollow\" data-gtm=\"{&quot;event&quot;:&quot;afficlic&quot;,&quot;nom_marchand&quot;:&quot;amazon_fr&quot;,&quot;nom_produit&quot;:&quot;inconnu&quot;,&quot;categorie_produit&quot;:&quot;inconnu&quot;,&quot;module_produit&quot;:&quot;editolink&quot;,&quot;position_marchand&quot;:0,&quot;texte&quot;:&quot;disponible-a-79-euros&quot;,&quot;offer_url&quot;:&quot;https:\/\/shop.frandroid.com\/82m6fi4v&quot;,&quot;zone&quot;:&quot;contenu-page&quot;}\">disponible \u00e0 79 euros<\/a> sur le m\u00eame site.<\/p>\n<p>L\u2019Acer Aspire 16 est un PC portable l\u00e9ger, puissant et bien fluide avec son grand \u00e9cran rafra\u00eechi \u00e0 120 Hz. Un laptop id\u00e9al pour le travail en mobilit\u00e9 et la cr\u00e9ation.<\/p>\n<p><a href=\"https:\/\/images.frandroid.com\/wp-content\/uploads\/2025\/11\/acer-aspire-16-black-friday-2025.jpg\" target=\"_blank\" class=\"article-content__figure\" rel=\"noopener\"><img loading=\"lazy\" decoding=\"async\" width=\"1200\" height=\"675\" src=\"https:\/\/www.europesays.com\/fr\/wp-content\/uploads\/2025\/11\/acer-aspire-16-black-friday-2025-1200x675.jpg\" alt=\"\" class=\"wp-image-2859981 wp-image\"  \/><\/a><\/p>\n<ul class=\"wp-block-list\">\n<li>Une dalle OLED de 16 pouces + 120 Hz<\/li>\n<li>Un combo Intel Core Ultra 7 + 16 Go de RAM + SSD de 1 To<\/li>\n<li>Une connectivit\u00e9 compl\u00e8te (Wi-Fi 6E, Bluetooth 5.3)<\/li>\n<\/ul>\n<p>Auparavant propos\u00e9 \u00e0 799 euros, l\u2019Acer Aspire 16 (A16-71M) est aujourd\u2019hui <a href=\"https:\/\/shop.frandroid.com\/8i71txa9\" target=\"_blank\" rel=\"noreferrer noopener affiliate nofollow\" data-gtm=\"{&quot;event&quot;:&quot;afficlic&quot;,&quot;nom_marchand&quot;:&quot;pc_componentes&quot;,&quot;nom_produit&quot;:&quot;inconnu&quot;,&quot;categorie_produit&quot;:&quot;inconnu&quot;,&quot;module_produit&quot;:&quot;editolink&quot;,&quot;position_marchand&quot;:0,&quot;texte&quot;:&quot;disponible-en-promotion-a-609-euros-chez-pc-componentes&quot;,&quot;offer_url&quot;:&quot;https:\/\/shop.frandroid.com\/8i71txa9&quot;,&quot;zone&quot;:&quot;contenu-page&quot;}\">disponible en promotion \u00e0 609 euros chez PC Componentes<\/a>.<\/p>\n<p>Le SmartTag 2 de Samsung est un petit <a href=\"https:\/\/www.frandroid.com\/guide-dachat\/guide-objets-connectes\/931077_airtag-galaxy-smarttag-tile-quel-porte-cles-connecte-choisir\" target=\"_blank\" rel=\"noopener\">porte-cl\u00e9s<\/a> que l\u2019on peut accrocher aux objets pour les retrouver facilement et ne plus les perdre. Ce tracker au design tr\u00e8s pratique n\u2019est tout de m\u00eame pas donn\u00e9e, alors autant sauter sur l\u2019occasion quand des promotions arrivent. <\/p>\n<p><a href=\"https:\/\/images.frandroid.com\/wp-content\/uploads\/2025\/11\/samsung-galaxy-smarttag2-pre-black-friday.jpg\" target=\"_blank\" class=\"article-content__figure\" rel=\"noopener\"><img loading=\"lazy\" decoding=\"async\" width=\"1200\" height=\"675\" src=\"https:\/\/www.europesays.com\/fr\/wp-content\/uploads\/2025\/11\/samsung-galaxy-smarttag2-pre-black-friday-1200x675.jpg\" alt=\"\" class=\"wp-image-2859927 wp-image\"  \/><\/a><\/p>\n<ul class=\"wp-block-list\">\n<li>Un porte-cl\u00e9s avec un anneau plus large et plus pratique<\/li>\n<li>Une certification IP67<\/li>\n<li>Fonctionne avec l\u2019application SmartThings<\/li>\n<\/ul>\n<p>Lanc\u00e9 \u00e0 39,99 euros, le Samsung Galaxy SmartTag 2 est\u00a0d\u00e9sormais <a href=\"https:\/\/shop.frandroid.com\/7pogg8bj\" target=\"_blank\" rel=\"noreferrer noopener affiliate nofollow\" data-gtm=\"{&quot;event&quot;:&quot;afficlic&quot;,&quot;nom_marchand&quot;:&quot;pc_componentes&quot;,&quot;nom_produit&quot;:&quot;inconnu&quot;,&quot;categorie_produit&quot;:&quot;inconnu&quot;,&quot;module_produit&quot;:&quot;editolink&quot;,&quot;position_marchand&quot;:0,&quot;texte&quot;:&quot;propose-a-14-99-euros-sur-le-site-pccomponentes&quot;,&quot;offer_url&quot;:&quot;https:\/\/shop.frandroid.com\/7pogg8bj&quot;,&quot;zone&quot;:&quot;contenu-page&quot;}\">propos\u00e9 \u00e0 14,99 euros sur le site pccomponentes<\/a>.<\/p>\n<p>Test\u00e9e et largement valid\u00e9e par nos soins, la Garmin Forerunner 255 est l\u2019alli\u00e9e des sportifs, en particulier des coureurs gr\u00e2ce \u00e0 ses donn\u00e9es tr\u00e8s pr\u00e9cises. Et aujourd\u2019hui, son prix chute sous les 200 euros. <\/p>\n<p><a href=\"https:\/\/images.frandroid.com\/wp-content\/uploads\/2025\/11\/garmin-forerunner-255-black-frifay.jpg\" target=\"_blank\" class=\"article-content__figure\" rel=\"noopener\"><img loading=\"lazy\" decoding=\"async\" width=\"1200\" height=\"675\" src=\"https:\/\/www.europesays.com\/fr\/wp-content\/uploads\/2025\/11\/garmin-forerunner-255-black-frifay-1200x675.jpg\" alt=\"\" class=\"wp-image-2859651 wp-image\"  \/><\/a><\/p>\n<ul class=\"wp-block-list\">\n<li>Un \u00e9cran de 1,3 pouce bien lisible en plein soleil<\/li>\n<li>Les nombreuses donn\u00e9es de sant\u00e9<\/li>\n<li>Une autonomie d\u2019une semaine<\/li>\n<\/ul>\n<p>Lanc\u00e9e \u00e0 349,99 euros, la Garmin Forerunner 255 est aujourd\u2019hui <a href=\"https:\/\/shop.frandroid.com\/i2epjwg8\" target=\"_blank\" rel=\"noreferrer noopener affiliate nofollow\" data-gtm=\"{&quot;event&quot;:&quot;afficlic&quot;,&quot;nom_marchand&quot;:&quot;decathlon&quot;,&quot;nom_produit&quot;:&quot;inconnu&quot;,&quot;categorie_produit&quot;:&quot;inconnu&quot;,&quot;module_produit&quot;:&quot;editolink&quot;,&quot;position_marchand&quot;:0,&quot;texte&quot;:&quot;disponible-en-promotion-a-199-99-euros-chez-decathlon&quot;,&quot;offer_url&quot;:&quot;https:\/\/shop.frandroid.com\/i2epjwg8&quot;,&quot;zone&quot;:&quot;contenu-page&quot;}\">disponible en promotion \u00e0 199,99 euros chez Decathlon<\/a>. Il faut choisir le coloris gris pour voir l\u2019offre.<\/p>\n<p>La Nuki Smart Lock Pro 5\u1d49 g\u00e9n\u00e9ration se met en bundle avec son clavier, et c\u2019est peut-\u00eatre le bon moment pour faire le saut. Son prix se d\u00e9verrouille pour le pr\u00e9-Black Friday. <\/p>\n<p><a href=\"https:\/\/images.frandroid.com\/wp-content\/uploads\/2025\/09\/nuki-smart-lock-pro-5e-gen-black-friday-2025.jpg\" target=\"_blank\" class=\"article-content__figure\" rel=\"noopener\"><img loading=\"lazy\" decoding=\"async\" width=\"1200\" height=\"675\" src=\"https:\/\/www.europesays.com\/fr\/wp-content\/uploads\/2025\/11\/nuki-smart-lock-pro-5e-gen-black-friday-2025-1200x675.jpg\" alt=\"\" class=\"wp-image-2859849 wp-image\"  \/><\/a><\/p>\n<ul class=\"wp-block-list\">\n<li>Pratique : fini les doubles de cl\u00e9s \u00e0 distribuer, un code ou une appli suffisent<\/li>\n<li>S\u00e9curis\u00e9 : cryptage avanc\u00e9, autorisations temporaires ou permanentes<\/li>\n<li>Compatible avec Google Home, Apple HomeKit, Alexa et Matter<\/li>\n<\/ul>\n<p>Au lieu de 359,99 euros, le pack Nuki Smart Lock Pro 5e Gen + KeyPad est <a href=\"https:\/\/shop.frandroid.com\/0aaxpjrf\" target=\"_blank\" rel=\"noreferrer noopener affiliate nofollow\">aujourd\u2019hui disponible en promotion \u00e0 266,78 euros sur PC Componentes<\/a>.<\/p>\n<p>Le Crucial T500 est un SSD qui a \u00e9t\u00e9 taill\u00e9 pour <a href=\"https:\/\/www.frandroid.com\/produits\/consoles\/sony\/677161-sony-playstation-5\" target=\"_blank\" rel=\"noreferrer noopener\">la PlayStation 5<\/a>. Il est aux normes pour \u00eatre install\u00e9 dans la console, ses vitesses de lecture et d\u2019\u00e9criture sont suffisamment \u00e9lev\u00e9es pour que vous ne voyiez pas la diff\u00e9rence avec le stockage classique. <\/p>\n<p><a href=\"https:\/\/images.frandroid.com\/wp-content\/uploads\/2025\/11\/crucial-t500-heatsink-pre-black-friday.jpg\" target=\"_blank\" class=\"article-content__figure\" rel=\"noopener\"><img loading=\"lazy\" decoding=\"async\" width=\"1200\" height=\"675\" src=\"https:\/\/www.europesays.com\/fr\/wp-content\/uploads\/2025\/11\/crucial-t500-heatsink-pre-black-friday-1200x675.jpg\" alt=\"\" class=\"wp-image-2859619 wp-image\"  \/><\/a><\/p>\n<ul class=\"wp-block-list\">\n<li>2 To d\u2019espace de stockage, c\u2019est largement suffisant pour tout<\/li>\n<li>Jusqu\u2019\u00e0 7 400 Mo\/s en lecture s\u00e9quentielle<\/li>\n<li>Le dissipateur thermique est inclus<\/li>\n<\/ul>\n<p>Sur le site de Crucial, ce SSD est affich\u00e9 \u00e0 269,38 euros. Amazon le vend plut\u00f4t aux alentours de 205,99 euros quand il n\u2019est pas en promo, ce qui est le cas avec le pr\u00e9-Black Friday <a href=\"https:\/\/shop.frandroid.com\/ews4bpjs\" target=\"_blank\" rel=\"noreferrer noopener affiliate nofollow\" data-gtm=\"{&quot;event&quot;:&quot;afficlic&quot;,&quot;nom_marchand&quot;:&quot;amazon_fr&quot;,&quot;nom_produit&quot;:&quot;inconnu&quot;,&quot;categorie_produit&quot;:&quot;inconnu&quot;,&quot;module_produit&quot;:&quot;editolink&quot;,&quot;position_marchand&quot;:0,&quot;texte&quot;:&quot;puisqu-il-passe-a-139-14-euros&quot;,&quot;offer_url&quot;:&quot;https:\/\/shop.frandroid.com\/ews4bpjs&quot;,&quot;zone&quot;:&quot;contenu-page&quot;}\">puisqu\u2019il passe \u00e0 139,14 euros<\/a>.<\/p>\n<p>La nouvelle tablette tactile iPad Air M3 version 11 pouces datant de 2025 est un mod\u00e8le qui impressionne avec sa puce M3. Elle n\u2019a beau \u00eatre qu\u2019une tablette, sa puissance est telle qu\u2019en lui adjoignant un clavier Bluetooth compatible, vous pouvez le transformer en v\u00e9ritable station de travail. <\/p>\n<p><a href=\"https:\/\/images.frandroid.com\/wp-content\/uploads\/2025\/11\/ipad-air-m3-11-pre-black-friday.jpg\" target=\"_blank\" class=\"article-content__figure\" rel=\"noopener\"><img loading=\"lazy\" decoding=\"async\" width=\"1200\" height=\"675\" src=\"https:\/\/www.europesays.com\/fr\/wp-content\/uploads\/2025\/11\/ipad-air-m3-11-pre-black-friday-1200x675.jpg\" alt=\"\" class=\"wp-image-2859375 wp-image\"  \/><\/a><\/p>\n<ul class=\"wp-block-list\">\n<li>Les performances de la puce M3<\/li>\n<li>La compatibilit\u00e9 avec un grand nombre d\u2019accessoires<\/li>\n<li>Son \u00e9quilibre prix\/performance\/polyvalence<\/li>\n<\/ul>\n<p>Lors de son lancement, l\u2019iPad Air M3 version 11 pouces avec 128 Go de m\u00e9moire \u00e9tait commercialis\u00e9 \u00e0 719 euros. Un produit r\u00e9cent <a href=\"https:\/\/shop.frandroid.com\/bo1lrkrd\" target=\"_blank\" rel=\"noreferrer noopener affiliate nofollow\" data-gtm=\"{&quot;event&quot;:&quot;afficlic&quot;,&quot;nom_marchand&quot;:&quot;amazon_fr&quot;,&quot;nom_produit&quot;:&quot;inconnu&quot;,&quot;categorie_produit&quot;:&quot;inconnu&quot;,&quot;module_produit&quot;:&quot;editolink&quot;,&quot;position_marchand&quot;:0,&quot;texte&quot;:&quot;qui-passe-a-599-euros-sur-amazon&quot;,&quot;offer_url&quot;:&quot;https:\/\/shop.frandroid.com\/bo1lrkrd&quot;,&quot;zone&quot;:&quot;contenu-page&quot;}\">qui passe aujourd\u2019hui \u00e0 599 euros sur Amazon<\/a> pour le pr\u00e9-Black Friday.<\/p>\n<p>Le HP OmniBook 3 pr\u00e9sent\u00e9 ici est un laptop professionnel certifi\u00e9 Copilot+. Ce qui signifie qu\u2019il peut \u00eatre votre futur alli\u00e9 de la productivit\u00e9 en utilisant l\u2019intelligence artificielle. Ces outils sont l\u00e0 pour vous aider \u00e0 cr\u00e9er sans pour autant ralentir le PC, gr\u00e2ce \u00e0 une fiche technique suffisamment solide pour permettre le multit\u00e2che. <\/p>\n<p><a href=\"https:\/\/images.frandroid.com\/wp-content\/uploads\/2025\/10\/hp-omnibook-3-black-friday-2025.jpg\" target=\"_blank\" class=\"article-content__figure\" rel=\"noopener\"><img loading=\"lazy\" decoding=\"async\" width=\"1200\" height=\"675\" src=\"https:\/\/www.europesays.com\/fr\/wp-content\/uploads\/2025\/11\/hp-omnibook-3-black-friday-2025-1200x675.jpg\" alt=\"\" class=\"wp-image-2859529 wp-image\"  \/><\/a><\/p>\n<ul class=\"wp-block-list\">\n<li>Son \u00e9cran LED Full HD de 14 pouces est confortable<\/li>\n<li>Le processeur AMD Ryzen AI 5 340 <\/li>\n<li>La puce graphique AMD Radeon 840M tourne bien<\/li>\n<\/ul>\n<p>Initialement propos\u00e9 \u00e0 949,99 euros, le laptop HP OmniBook 3 \u00a014-ha0015nf\u00a0est actuellement <a href=\"https:\/\/shop.frandroid.com\/lbw4ea26\" data-type=\"link\" data-id=\"https:\/\/shop.frandroid.com\/lbw4ea26\" target=\"_blank\" rel=\"noreferrer noopener affiliate nofollow\" data-gtm=\"{&quot;event&quot;:&quot;afficlic&quot;,&quot;nom_marchand&quot;:&quot;cdiscount&quot;,&quot;nom_produit&quot;:&quot;inconnu&quot;,&quot;categorie_produit&quot;:&quot;inconnu&quot;,&quot;module_produit&quot;:&quot;editolink&quot;,&quot;position_marchand&quot;:0,&quot;texte&quot;:&quot;en-promotion-a-581-15-euros&quot;,&quot;offer_url&quot;:&quot;https:\/\/shop.frandroid.com\/5e6gqjl4&quot;,&quot;zone&quot;:&quot;contenu-page&quot;}\">en promotion \u00e0 581,15 euros<\/a> avec le code promo <strong>GSG25HP<\/strong>.<\/p>\n<p>Dans le domaine des action cam, il y a une cat\u00e9gorie bien particuli\u00e8re : les cam\u00e9ras 360\u00b0. Ces appareils capables de capturer une sc\u00e8ne sous tous les angles sont id\u00e9als pour la r\u00e9alit\u00e9 virtuelle ou l\u2019immersion totale dans les sujets film\u00e9s. La DJI Omso 360 vient clairement attaquer les <a href=\"https:\/\/www.frandroid.com\/marques\/insta360\/2745271_test-de-linsta360-x5-plus-seule-au-royaume-des-cameras-360-mais-toujours-sur-le-trone\" target=\"_blank\" rel=\"noreferrer noopener\">Insta360 X5<\/a> et les <a href=\"https:\/\/www.frandroid.com\/marques\/gopro\/2802527_max-2-gopro-tente-le-tout-pour-le-tout-avec-sa-nouvelle-camera-tres-originale\" target=\"_blank\" rel=\"noreferrer noopener\">GoPro Max 2<\/a> avec son lot d\u2019atouts techniques qui font qu\u2019elle est un choix tout \u00e0 fait honorable pour vos futures sorties.<\/p>\n<p><a href=\"https:\/\/images.frandroid.com\/wp-content\/uploads\/2025\/10\/dji-osmo-360-black-friday-2025.jpg\" target=\"_blank\" class=\"article-content__figure\" rel=\"noopener\"><img loading=\"lazy\" decoding=\"async\" width=\"1200\" height=\"675\" src=\"https:\/\/www.europesays.com\/fr\/wp-content\/uploads\/2025\/11\/dji-osmo-360-black-friday-2025-1200x675.jpg\" alt=\"\" class=\"wp-image-2859385 wp-image\"  \/><\/a><\/p>\n<ul class=\"wp-block-list\">\n<li>L\u2019enregistrement vid\u00e9o natif en 8K@50 ips<\/li>\n<\/ul>\n<ul class=\"wp-block-list\">\n<li>La stabilisation est des plus efficaces<\/li>\n<\/ul>\n<ul class=\"wp-block-list\">\n<li>Son prix tr\u00e8s agressif qui la rend comp\u00e9titive<\/li>\n<\/ul>\n<p>La DJI Osmo 360 en bundle standard co\u00fbte normalement 479,99 euros. Mais en passant par Amazon en ce moment, vous pouvez profiter de <a href=\"https:\/\/shop.frandroid.com\/5diu9bcv\" target=\"_blank\" rel=\"noreferrer noopener affiliate nofollow\" data-gtm=\"{&quot;event&quot;:&quot;afficlic&quot;,&quot;nom_marchand&quot;:&quot;amazon_fr&quot;,&quot;nom_produit&quot;:&quot;inconnu&quot;,&quot;categorie_produit&quot;:&quot;inconnu&quot;,&quot;module_produit&quot;:&quot;editolink&quot;,&quot;position_marchand&quot;:0,&quot;texte&quot;:&quot;cette-camera-a-360-pour-345-euros&quot;,&quot;offer_url&quot;:&quot;https:\/\/shop.frandroid.com\/5diu9bcv&quot;,&quot;zone&quot;:&quot;contenu-page&quot;}\">cette nouvelle cam\u00e9ra pour 345 euros<\/a>.<\/p>\n<p>La Xiaomi Electric Scooter 4 est <a href=\"https:\/\/www.frandroid.com\/guide-dachat\/guides-dachat-survoltes\/guides-dachat-trottinettes-electriques\/617520_quelle-trottinette-electrique-acheter\" target=\"_blank\" rel=\"noopener\">trottinette \u00e9lectrique<\/a> agr\u00e9able \u00e0 conduire en ville avec ce qu\u2019il faut de puissance et d\u2019autonomie pour les trajets maison-travail. <\/p>\n<p><a href=\"https:\/\/images.frandroid.com\/wp-content\/uploads\/2025\/11\/xiaomi-electric-scooter-4-pre-black-friday.jpg\" target=\"_blank\" class=\"article-content__figure\" rel=\"noopener\"><img loading=\"lazy\" decoding=\"async\" width=\"1200\" height=\"675\" src=\"https:\/\/www.europesays.com\/fr\/wp-content\/uploads\/2025\/11\/xiaomi-electric-scooter-4-pre-black-friday-1200x675.jpg\" alt=\"\" class=\"wp-image-2859043 wp-image\"  \/><\/a><\/p>\n<ul class=\"wp-block-list\">\n<li>Un mod\u00e8le robuste<\/li>\n<li>Une puissance nominale de 300 W<\/li>\n<li>Une autonomie de 35 km <\/li>\n<\/ul>\n<p>Au lieu d\u2019un prix barr\u00e9 \u00e0 400,36 euros, la Xiaomi Electric Scooter 4 est en ce moment <a href=\"https:\/\/shop.frandroid.com\/af98ppzx\" target=\"_blank\" rel=\"noreferrer noopener affiliate nofollow\" data-gtm=\"{&quot;event&quot;:&quot;afficlic&quot;,&quot;nom_marchand&quot;:&quot;xiaomi&quot;,&quot;nom_produit&quot;:&quot;inconnu&quot;,&quot;categorie_produit&quot;:&quot;inconnu&quot;,&quot;module_produit&quot;:&quot;editolink&quot;,&quot;position_marchand&quot;:0,&quot;texte&quot;:&quot;en-promotion-a-279-99-euros-sur-le-site-de-la-marque&quot;,&quot;offer_url&quot;:&quot;https:\/\/shop.frandroid.com\/af98ppzx&quot;,&quot;zone&quot;:&quot;contenu-page&quot;}\">en promotion \u00e0 279,99 euros sur le site de la marque.<\/a><\/p>\n<p>Touche-\u00e0-tout dans l\u2019univers de la high-tech, Xiaomi est aussi pr\u00e9sent sur le march\u00e9\u00a0des robots de cuisine connect\u00e9s. Son Mi Smart Air Fryer est capable de pr\u00e9parer des repas sains et quasiment sans mati\u00e8re grasse. Mieux encore, il permet de gagner du temps, en programmant des cuissons plusieurs heures \u00e0 l\u2019avance.<\/p>\n<p><a href=\"https:\/\/images.frandroid.com\/wp-content\/uploads\/2025\/11\/xiaomi-smart-air-fryer.jpg\" target=\"_blank\" class=\"article-content__figure\" rel=\"noopener\"><img loading=\"lazy\" decoding=\"async\" width=\"1200\" height=\"675\" src=\"https:\/\/www.europesays.com\/fr\/wp-content\/uploads\/2025\/11\/xiaomi-smart-air-fryer-1200x675.jpg\" alt=\"\" class=\"wp-image-2858493 wp-image\"  \/><\/a><\/p>\n<ul class=\"wp-block-list\">\n<li>Une friteuse sans huile pour cuisiner plus sainement<\/li>\n<li>Un \u00e9cran Oled pour programmer des repas jusqu\u2019\u00e0 24 h \u00e0 l\u2019avance<\/li>\n<li>Avec de nombreuses recettes propos\u00e9es sur l\u2019application<\/li>\n<\/ul>\n<p>Au lieu de 69 euros, le Xiaomi Smart Air Fryer (4,5 L) est aujourd\u2019hui disponible <a href=\"https:\/\/shop.frandroid.com\/0ye67b1q\" data-type=\"link\" data-id=\"https:\/\/www.mi.com\/fr\/product\/xiaomi-smart-air-fryer-4-5-liter\/\" target=\"_blank\" rel=\"noreferrer noopener affiliate nofollow\" data-gtm=\"{&quot;event&quot;:&quot;afficlic&quot;,&quot;nom_marchand&quot;:&quot;xiaomi&quot;,&quot;nom_produit&quot;:&quot;inconnu&quot;,&quot;categorie_produit&quot;:&quot;inconnu&quot;,&quot;module_produit&quot;:&quot;editolink&quot;,&quot;position_marchand&quot;:0,&quot;texte&quot;:&quot;en-promotion-a-49-99-euros&quot;,&quot;offer_url&quot;:&quot;https:\/\/shop.frandroid.com\/0ye67b1q&quot;,&quot;zone&quot;:&quot;contenu-page&quot;}\">en promotion \u00e0 49,99 euros<\/a> sur le site officiel.<\/p>\n<p>Par ailleurs, la version de 6,5 litres est elle aussi <a href=\"https:\/\/shop.frandroid.com\/d6iab8rn\" data-type=\"link\" data-id=\"https:\/\/www.mi.com\/fr\/product\/xiaomi-smart-air-fryer-6-5-liter\/\" target=\"_blank\" rel=\"noreferrer noopener affiliate nofollow\" data-gtm=\"{&quot;event&quot;:&quot;afficlic&quot;,&quot;nom_marchand&quot;:&quot;xiaomi&quot;,&quot;nom_produit&quot;:&quot;inconnu&quot;,&quot;categorie_produit&quot;:&quot;inconnu&quot;,&quot;module_produit&quot;:&quot;editolink&quot;,&quot;position_marchand&quot;:0,&quot;texte&quot;:&quot;en-promotion-a-69-99-euros&quot;,&quot;offer_url&quot;:&quot;https:\/\/shop.frandroid.com\/d6iab8rn&quot;,&quot;zone&quot;:&quot;contenu-page&quot;}\">en promotion, \u00e0 69,99 euros<\/a> au lieu de 99 euros.<\/p>\n<p>Faible latence, son r\u00e9aliste, bruits parasites \u00e9limin\u00e9s : les \u00e9couteurs sans fil Pulse Explore, pens\u00e9s pour la PlayStation 5, rendent l\u2019exp\u00e9rience gaming bien plus immersive.<\/p>\n<p><a href=\"https:\/\/images.frandroid.com\/wp-content\/uploads\/2025\/11\/sony-pulse-explore-black-friday-2025.jpg\" target=\"_blank\" class=\"article-content__figure\" rel=\"noopener\"><img loading=\"lazy\" decoding=\"async\" width=\"1200\" height=\"675\" src=\"https:\/\/www.europesays.com\/fr\/wp-content\/uploads\/2025\/11\/sony-pulse-explore-black-friday-2025-1200x675.jpg\" alt=\"\" class=\"wp-image-2858475 wp-image\"  \/><\/a><\/p>\n<ul class=\"wp-block-list\">\n<li>Leurs transducteurs magn\u00e9tiques planaires<\/li>\n<li>Leur faible latence<\/li>\n<li>Leur bonne autonomie<\/li>\n<\/ul>\n<p>Lanc\u00e9s \u00e0 219,99 euros, les PlayStation Pulse Explore (coloris noir) sont <a href=\"https:\/\/shop.frandroid.com\/2n326bgd\" target=\"_blank\" rel=\"noreferrer noopener affiliate nofollow\" data-gtm=\"{&quot;event&quot;:&quot;afficlic&quot;,&quot;nom_marchand&quot;:&quot;amazon_fr&quot;,&quot;nom_produit&quot;:&quot;inconnu&quot;,&quot;categorie_produit&quot;:&quot;inconnu&quot;,&quot;module_produit&quot;:&quot;editolink&quot;,&quot;position_marchand&quot;:0,&quot;texte&quot;:&quot;actuellement-affiches-a-162-80-euros-sur-amazon&quot;,&quot;offer_url&quot;:&quot;https:\/\/shop.frandroid.com\/2n326bgd&quot;,&quot;zone&quot;:&quot;contenu-page&quot;}\">actuellement affich\u00e9s \u00e0 162,80 euros sur Amazon<\/a>.<\/p>\n<p>Une brosse \u00e0 dents \u00e9lectrique, c\u2019est bien. Une brosse \u00e0 dents \u00e9lectrique et connect\u00e9e, c\u2019est encore mieux ! V\u00e9ritable figure de proue du march\u00e9, Oral-B propose ici un mod\u00e8le qui assure un suivi en temps r\u00e9el du brossage de dents gr\u00e2ce \u00e0 l\u2019intelligence artificielle et donne des conseils \u00e0 l\u2019aide de l\u2019application Oral-B sur smartphone. Cette brosse \u00e0 dents propose \u00e9galement cinq modes de brossage \u00e0 intensit\u00e9 variable, un affichage interactif, une autonomie d\u2019une heure et est m\u00eame fournie avec un \u00e9tui de voyage.<\/p>\n<p><a href=\"https:\/\/images.frandroid.com\/wp-content\/uploads\/2025\/11\/oral-b-io-series-6s.jpg\" target=\"_blank\" class=\"article-content__figure\" rel=\"noopener\"><img loading=\"lazy\" decoding=\"async\" width=\"1200\" height=\"675\" src=\"https:\/\/www.europesays.com\/fr\/wp-content\/uploads\/2025\/11\/oral-b-io-series-6s-1200x675.jpg\" alt=\"\" class=\"wp-image-2858495 wp-image\"  \/><\/a><\/p>\n<ul class=\"wp-block-list\">\n<li>Cinq modes de brossage et jusqu\u2019\u00e0 1200 tours\/mn<\/li>\n<li>Un suivi du brossage en temps r\u00e9el gr\u00e2ce \u00e0 l\u2019IA<\/li>\n<li>Affichage interactif avec minuteur et niveau de la batterie<\/li>\n<\/ul>\n<p>Au lieu de 209,99 euros, la brosse \u00e0 dents connect\u00e9e Oral-B iO Series 6s avec tous ses accessoires est aujourd\u2019hui disponible <a href=\"https:\/\/shop.frandroid.com\/9ydp9uo3\" data-type=\"link\" data-id=\"https:\/\/www.boulanger.com\/ref\/1201477\" target=\"_blank\" rel=\"noreferrer noopener affiliate nofollow\" data-gtm=\"{&quot;event&quot;:&quot;afficlic&quot;,&quot;nom_marchand&quot;:&quot;boulanger&quot;,&quot;nom_produit&quot;:&quot;inconnu&quot;,&quot;categorie_produit&quot;:&quot;inconnu&quot;,&quot;module_produit&quot;:&quot;editolink&quot;,&quot;position_marchand&quot;:0,&quot;texte&quot;:&quot;en-promotion-a-99-99-euros&quot;,&quot;offer_url&quot;:&quot;https:\/\/shop.frandroid.com\/9ydp9uo3&quot;,&quot;zone&quot;:&quot;contenu-page&quot;}\">en promotion \u00e0 99,99 euros<\/a> sur Boulanger.<\/p>\n<p>Si le v\u00e9lo est votre passion et que vous souhaitez optimiser vos entrainements et vous pr\u00e9parer \u00e0 des comp\u00e9titions, ou tout simplement avoir un ordinateur de bord adapt\u00e9 \u00e0 vos besoins, vous connaissez forc\u00e9ment les produits Garmin. La marque redouble d\u2019efforts \u00e0 chaque it\u00e9ration pour proposer des produits de qualit\u00e9, en t\u00e9moignent ces deux mod\u00e8les en promotion gr\u00e2ce au pr\u00e9-Black Friday. <\/p>\n<p><a href=\"https:\/\/images.frandroid.com\/wp-content\/uploads\/2025\/04\/gamrin-edge-840-solar-black-friday-2025.jpg\" target=\"_blank\" class=\"article-content__figure\" rel=\"noopener\"><img loading=\"lazy\" decoding=\"async\" width=\"1200\" height=\"675\" src=\"https:\/\/www.europesays.com\/fr\/wp-content\/uploads\/2025\/11\/gamrin-edge-840-solar-black-friday-2025-1200x675.jpg\" alt=\"\" class=\"wp-image-2858559 wp-image\"  \/><\/a><\/p>\n<ul class=\"wp-block-list\">\n<li>Son autonomie de 32 h gr\u00e2ce \u00e0 l\u2019\u00e9nergie solaire<\/li>\n<li>Les donn\u00e9es r\u00e9colt\u00e9es et leur analyse, tout est complet<\/li>\n<li>Un design compact et un poids plume<\/li>\n<\/ul>\n<p>Alors qu\u2019il co\u00fbte normalement 549,99 euros, le Garmin Edge 840 Solar <a href=\"https:\/\/shop.frandroid.com\/k86hjs2d\" target=\"_blank\" rel=\"noreferrer noopener affiliate nofollow\" data-gtm=\"{&quot;event&quot;:&quot;afficlic&quot;,&quot;nom_marchand&quot;:&quot;alltricks&quot;,&quot;nom_produit&quot;:&quot;inconnu&quot;,&quot;categorie_produit&quot;:&quot;inconnu&quot;,&quot;module_produit&quot;:&quot;editolink&quot;,&quot;position_marchand&quot;:0,&quot;texte&quot;:&quot;passe-a-499-99-euros-sur-alltricks&quot;,&quot;offer_url&quot;:&quot;https:\/\/shop.frandroid.com\/k86hjs2d&quot;,&quot;zone&quot;:&quot;contenu-page&quot;}\">passe \u00e0 499,99 euros sur Alltricks<\/a>. Idem pour le mod\u00e8le classique, le Garmin Edge 840, qui passe de 449,99 euros <a href=\"https:\/\/shop.frandroid.com\/8ijb7ph9\" target=\"_blank\" rel=\"noreferrer noopener affiliate nofollow\" data-gtm=\"{&quot;event&quot;:&quot;afficlic&quot;,&quot;nom_marchand&quot;:&quot;alltricks&quot;,&quot;nom_produit&quot;:&quot;inconnu&quot;,&quot;categorie_produit&quot;:&quot;inconnu&quot;,&quot;module_produit&quot;:&quot;editolink&quot;,&quot;position_marchand&quot;:0,&quot;texte&quot;:&quot;a-399-99-euros&quot;,&quot;offer_url&quot;:&quot;https:\/\/shop.frandroid.com\/8ijb7ph9&quot;,&quot;zone&quot;:&quot;contenu-page&quot;}\">\u00e0 349,99 euros<\/a>.<\/p>\n<p>Avec ses dimensions contenues et son poids de 900 g, le Wanbo Dali 1 fait partie des picoprojecteurs les plus l\u00e9gers du march\u00e9, et sans aucun doute l\u2019un des moins chers gr\u00e2ce \u00e0 cette offre. <\/p>\n<p><a href=\"https:\/\/images.frandroid.com\/wp-content\/uploads\/2025\/11\/wanbo-dali-1-black-friday-2025.jpg\" target=\"_blank\" class=\"article-content__figure\" rel=\"noopener\"><img loading=\"lazy\" decoding=\"async\" width=\"1200\" height=\"675\" src=\"https:\/\/www.europesays.com\/fr\/wp-content\/uploads\/2025\/11\/wanbo-dali-1-black-friday-2025-1200x675.jpg\" alt=\"\" class=\"wp-image-2858069 wp-image\"  \/><\/a><\/p>\n<ul class=\"wp-block-list\">\n<li>Un mini vid\u00e9oprojecteur de 900 g<\/li>\n<li>Des images jusqu\u2019\u00e0 110 pouces<\/li>\n<li>Android int\u00e9gr\u00e9<\/li>\n<\/ul>\n<p>Actuellement propos\u00e9 \u00e0 plus de 100 euros par d\u2019autres e-commer\u00e7ants, le Wanbo Dali 1 est <a href=\"https:\/\/shop.frandroid.com\/ze0l7lcf\" target=\"_blank\" rel=\"noreferrer noopener affiliate nofollow\" data-gtm=\"{&quot;event&quot;:&quot;afficlic&quot;,&quot;nom_marchand&quot;:&quot;pc_componentes&quot;,&quot;nom_produit&quot;:&quot;inconnu&quot;,&quot;categorie_produit&quot;:&quot;inconnu&quot;,&quot;module_produit&quot;:&quot;editolink&quot;,&quot;position_marchand&quot;:0,&quot;texte&quot;:&quot;en-ce-moment-affiche-a-69-euros-chez-pc-componentes&quot;,&quot;offer_url&quot;:&quot;https:\/\/shop.frandroid.com\/ze0l7lcf&quot;,&quot;zone&quot;:&quot;contenu-page&quot;}\">en ce moment affich\u00e9 \u00e0 69 euros chez PC Componentes<\/a>.<\/p>\n<p>Le Samsung Galaxy Z Flip 4 est sorti il y a maintenant 3 ans et il reste toujours une r\u00e9f\u00e9rence. L\u2019avantage de son \u00e2ge ? Son prix qui baisse, encore plus durant le Black Friday, o\u00f9 vous le retrouvez \u00e0 499 euros au lieu de 1 109 euros comme \u00e0 son lancement. Un bon moyen de tester le format pliant sans se ruiner.<\/p>\n<p><a href=\"https:\/\/images.frandroid.com\/wp-content\/uploads\/2025\/10\/samsung-galaxy-z-flip-4-pre-black-firday.jpg\" target=\"_blank\" class=\"article-content__figure\" rel=\"noopener\"><img loading=\"lazy\" decoding=\"async\" width=\"1200\" height=\"675\" src=\"https:\/\/www.europesays.com\/fr\/wp-content\/uploads\/2025\/11\/1762258684_172_samsung-galaxy-z-flip-4-pre-black-firday-1200x675.jpg\" alt=\"\" class=\"wp-image-2849999 wp-image\"  \/><\/a><\/p>\n<ul class=\"wp-block-list\">\n<li>Une fois pli\u00e9, il ne prend plus du tout de place<\/li>\n<li>L\u2019\u00e9cran externe pratique pour g\u00e9rer les notifications<\/li>\n<li>Le mode Flex du smartphone, une vraie valeur ajout\u00e9e<\/li>\n<\/ul>\n<p>Commercialis\u00e9 \u00e0 1109 euros, le Samsung Galaxy Z Flip 4 est disponible en promotion <a href=\"https:\/\/shop.frandroid.com\/hhcaf54i\" target=\"_blank\" rel=\"noreferrer noopener affiliate nofollow\" data-gtm=\"{&quot;event&quot;:&quot;afficlic&quot;,&quot;nom_marchand&quot;:&quot;darty&quot;,&quot;nom_produit&quot;:&quot;inconnu&quot;,&quot;categorie_produit&quot;:&quot;inconnu&quot;,&quot;module_produit&quot;:&quot;editolink&quot;,&quot;position_marchand&quot;:0,&quot;texte&quot;:&quot;a-seulement-499-euros-chez-darty&quot;,&quot;offer_url&quot;:&quot;https:\/\/shop.frandroid.com\/hhcaf54i&quot;,&quot;zone&quot;:&quot;contenu-page&quot;}\">\u00e0 seulement 499 euros chez Darty.<\/a> <\/p>\n<p><a href=\"https:\/\/www.frandroid.com\/marques\/akg\/2511325_test-des-akg-n5-hybrid-des-ecouteurs-au-son-superbement-equilibre\" target=\"_blank\" rel=\"noopener\">Lors de notre test des AKG N5 Hybrid<\/a>, les \u00e9couteurs Bluetooth se sont impos\u00e9s comme faisant partie des meilleures r\u00e9f\u00e9rences du march\u00e9. Ces derniers brillent surtout gr\u00e2ce \u00e0 une exceptionnelle qualit\u00e9 sonore coupl\u00e9e \u00e0 une r\u00e9duction de bruit efficace. Surtout, l\u2019application compagnon est efficace pour vous \u00e9pauler.<\/p>\n<p><a href=\"https:\/\/images.frandroid.com\/wp-content\/uploads\/2025\/11\/akg-n5-hybrid-pre-black-friday.jpg\" target=\"_blank\" class=\"article-content__figure\" rel=\"noopener\"><img loading=\"lazy\" decoding=\"async\" width=\"1200\" height=\"675\" src=\"https:\/\/www.europesays.com\/fr\/wp-content\/uploads\/2025\/11\/akg-n5-hybrid-pre-black-friday-1200x675.jpg\" alt=\"\" class=\"wp-image-2857757 wp-image\"  \/><\/a><\/p>\n<ul class=\"wp-block-list\">\n<li>Une qualit\u00e9 sonore \u00e9lev\u00e9e<\/li>\n<li>L\u2019application compagnon compl\u00e8te<\/li>\n<li>Confortables \u00e0 porter<\/li>\n<\/ul>\n<p>Au lieu des 279 euros demand\u00e9s lors de leur sortie, <a href=\"https:\/\/shop.frandroid.com\/1yukerji\" data-type=\"link\" data-id=\"https:\/\/www.son-video.com\/article\/nomade-casques-et-ecouteurs-ecouteurs-bluetooth\/akg\/n5-hybrid-blanc?\" target=\"_blank\" rel=\"noreferrer noopener affiliate nofollow\" data-gtm=\"{&quot;event&quot;:&quot;afficlic&quot;,&quot;nom_marchand&quot;:&quot;son_video&quot;,&quot;nom_produit&quot;:&quot;inconnu&quot;,&quot;categorie_produit&quot;:&quot;inconnu&quot;,&quot;module_produit&quot;:&quot;editolink&quot;,&quot;position_marchand&quot;:0,&quot;texte&quot;:&quot;les-akg-n5-hybrid-sont-a-199-euros-chez-son-and-video&quot;,&quot;offer_url&quot;:&quot;https:\/\/shop.frandroid.com\/1yukerji&quot;,&quot;zone&quot;:&quot;contenu-page&quot;}\">les AKG N5 Hybrid sont \u00e0 199 euros chez Son &amp; Vid\u00e9o<\/a>. <\/p>\n<p>Les Huawei FreeBuds 6i se placent plus dans une volont\u00e9 de se placer sur un bon rapport qualit\u00e9\/prix. Lors de notre test des \u00e9couteurs Bluetooth, ont notamment brill\u00e9 gr\u00e2ce \u00e0 la r\u00e9duction de bruit active. \u00c9videmment, la qualit\u00e9 sonore est bonne avec une signature \u00e9quilibr\u00e9e. En termes d\u2019autonomie, les \u00e9couteurs flirtent avec les 5 heures une fois l\u2019ANC d\u2019activ\u00e9e.<\/p>\n<p><a href=\"https:\/\/images.frandroid.com\/wp-content\/uploads\/2025\/11\/huawei-freebuds-6i-pre-black-friday.jpg\" target=\"_blank\" class=\"article-content__figure\" rel=\"noopener\"><img loading=\"lazy\" decoding=\"async\" width=\"1200\" height=\"675\" src=\"https:\/\/www.europesays.com\/fr\/wp-content\/uploads\/2025\/11\/huawei-freebuds-6i-pre-black-friday-1200x675.jpg\" alt=\"\" class=\"wp-image-2857731 wp-image\"  \/><\/a><\/p>\n<ul class=\"wp-block-list\">\n<li>Une qualit\u00e9 sonore puissante et dynamique<\/li>\n<li>La tr\u00e8s bonne r\u00e9duction de bruit active<\/li>\n<li>Une autonomie cons\u00e9quente<\/li>\n<\/ul>\n<p>Lanc\u00e9s \u00e0 99 euros sur leur site officiel, <a href=\"https:\/\/shop.frandroid.com\/o3bur4dn\" target=\"_blank\" rel=\"noreferrer noopener affiliate nofollow\" data-gtm=\"{&quot;event&quot;:&quot;afficlic&quot;,&quot;nom_marchand&quot;:&quot;amazon_fr&quot;,&quot;nom_produit&quot;:&quot;inconnu&quot;,&quot;categorie_produit&quot;:&quot;inconnu&quot;,&quot;module_produit&quot;:&quot;editolink&quot;,&quot;position_marchand&quot;:0,&quot;texte&quot;:&quot;les-huawei-freebuds-6i-sont-desormais-disponibles-a-69-99-euros-sur-amazon&quot;,&quot;offer_url&quot;:&quot;https:\/\/shop.frandroid.com\/o3bur4dn&quot;,&quot;zone&quot;:&quot;contenu-page&quot;}\">les Huawei Freebuds 6i sont d\u00e9sormais disponibles \u00e0 69,99 euros sur Amazon<\/a>.<\/p>\n<p>Avec son grand \u00e9cran 144 Hz, sa RTX 5060 et son Intel Core 5, le MSI Cyborg 17 a de quoi satisfaire les gamers exigeants\u2026 et celles et ceux qui ont un budget serr\u00e9. Pendant le pr\u00e9-Black Friday, Grosbill le propose \u00e0 999 euros au lieu de 1 299 euros.<\/p>\n<p><a href=\"https:\/\/images.frandroid.com\/wp-content\/uploads\/2025\/11\/msi-cyborg-17-black-friday-2025.jpg\" target=\"_blank\" class=\"article-content__figure\" rel=\"noopener\"><img loading=\"lazy\" decoding=\"async\" width=\"1200\" height=\"675\" src=\"https:\/\/www.europesays.com\/fr\/wp-content\/uploads\/2025\/11\/msi-cyborg-17-black-friday-2025-1200x675.jpg\" alt=\"\" class=\"wp-image-2857497 wp-image\"  \/><\/a><\/p>\n<ul class=\"wp-block-list\">\n<li>Une grande dalle Full HD de 17,3 pouces + 144 Hz<\/li>\n<li>Un combo Intel Core 5 + 16 Go de RAM + RTX 5060<\/li>\n<li>Un SSD de 512 Go<\/li>\n<\/ul>\n<p>Auparavant propos\u00e9 \u00e0 1 299 euros, le MSI Cyborg 17 est aujourd\u2019hui <a href=\"https:\/\/shop.frandroid.com\/a5rzpe80\" target=\"_blank\" rel=\"noreferrer noopener affiliate nofollow\" data-gtm=\"{&quot;event&quot;:&quot;afficlic&quot;,&quot;nom_marchand&quot;:&quot;grosbill&quot;,&quot;nom_produit&quot;:&quot;inconnu&quot;,&quot;categorie_produit&quot;:&quot;inconnu&quot;,&quot;module_produit&quot;:&quot;editolink&quot;,&quot;position_marchand&quot;:0,&quot;texte&quot;:&quot;disponible-en-promotion-a-999-euros-chez-grosbill&quot;,&quot;offer_url&quot;:&quot;https:\/\/shop.frandroid.com\/a5rzpe80&quot;,&quot;zone&quot;:&quot;contenu-page&quot;}\">disponible en promotion \u00e0 999 euros chez Grosbill<\/a>. Notez qu\u2019il est livr\u00e9 sans OS.<\/p>\n<p>Rouler avec la Pure Electric Air5 Pro Ultra, c\u2019est avoir une trottinette \u00e9lectrique confortable, performante m\u00eame pour les mont\u00e9es, dot\u00e9e d\u2019une grande autonomie pour assurer les trajets du quotidien. Lanc\u00e9e \u00e0 699 euros, elle est aujourd\u2019hui en promotion \u00e0 599 euros.\u00a0<\/p>\n<p><a href=\"https:\/\/images.frandroid.com\/wp-content\/uploads\/2025\/10\/pure-electric-air-5-ultra-pre-black-friday.jpg\" target=\"_blank\" class=\"article-content__figure\" rel=\"noopener\"><img loading=\"lazy\" decoding=\"async\" width=\"1200\" height=\"675\" src=\"https:\/\/www.europesays.com\/fr\/wp-content\/uploads\/2025\/11\/pure-electric-air-5-ultra-pre-black-friday-1200x675.jpg\" alt=\"\" class=\"wp-image-2857785 wp-image\"  \/><\/a><\/p>\n<ul class=\"wp-block-list\">\n<li>Une trottinette confortable<\/li>\n<li>Des performances \u00e9lev\u00e9es pour les mont\u00e9es<\/li>\n<li>Une autonomie rassurante : jusqu\u2019\u00e0 93 km<\/li>\n<\/ul>\n<p>Lanc\u00e9e au prix de 699,99 euros, la trottinette \u00e9lectrique Pure Electric Air5 Pro Ultra est en ce moment <a href=\"https:\/\/shop.frandroid.com\/i9zm0r7x\" target=\"_blank\" rel=\"noreferrer noopener affiliate nofollow\" data-gtm=\"{&quot;event&quot;:&quot;afficlic&quot;,&quot;nom_marchand&quot;:&quot;darty&quot;,&quot;nom_produit&quot;:&quot;inconnu&quot;,&quot;categorie_produit&quot;:&quot;inconnu&quot;,&quot;module_produit&quot;:&quot;editolink&quot;,&quot;position_marchand&quot;:0,&quot;texte&quot;:&quot;remisee-a-599-99-euros-sur-le-site-darty&quot;,&quot;offer_url&quot;:&quot;https:\/\/shop.frandroid.com\/i9zm0r7x&quot;,&quot;zone&quot;:&quot;contenu-page&quot;}\">remis\u00e9e \u00e0 599,99 euros sur le site Darty<\/a> et <a href=\"https:\/\/shop.frandroid.com\/lgam0ju6\" target=\"_blank\" rel=\"noreferrer noopener affiliate nofollow\" data-gtm=\"{&quot;event&quot;:&quot;afficlic&quot;,&quot;nom_marchand&quot;:&quot;fnac&quot;,&quot;nom_produit&quot;:&quot;inconnu&quot;,&quot;categorie_produit&quot;:&quot;inconnu&quot;,&quot;module_produit&quot;:&quot;editolink&quot;,&quot;position_marchand&quot;:0,&quot;texte&quot;:&quot;la-fnac&quot;,&quot;offer_url&quot;:&quot;https:\/\/shop.frandroid.com\/lgam0ju6&quot;,&quot;zone&quot;:&quot;contenu-page&quot;}\">la Fnac<\/a>. <\/p>\n<p>Cet ordinateur avec un \u00e9cran de 15 pouces est id\u00e9al pour les \u00e9tudiants et les travailleurs nomades, puisqu\u2019il est tr\u00e8s confortable \u00e0 utiliser. Un bon ordinateur multim\u00e9dia polyvalent qui voit son prix chuter sous les 500 euros. <\/p>\n<p><a href=\"https:\/\/images.frandroid.com\/wp-content\/uploads\/2025\/10\/dell-15-dc15255-ryzen-7-pre-black-friday.jpg\" target=\"_blank\" class=\"article-content__figure\" rel=\"noopener\"><img loading=\"lazy\" decoding=\"async\" width=\"1200\" height=\"675\" src=\"https:\/\/www.europesays.com\/fr\/wp-content\/uploads\/2025\/11\/dell-15-dc15255-ryzen-7-pre-black-friday-1200x675.jpg\" alt=\"\" class=\"wp-image-2857719 wp-image\"  \/><\/a><\/p>\n<ul class=\"wp-block-list\">\n<li>Le processeur Ryzen 7 7730U efficace <\/li>\n<li>Son \u00e9cran Full HD IPS de 15,6 pouces \u00e0 120 Hz<\/li>\n<li>Une bonne m\u00e9moire globale pour faire tourner les logiciels<\/li>\n<\/ul>\n<p>Le PC portable Dell DC15255, co\u00fbte d\u2019habitude 649 euros et\u00a0<a href=\"https:\/\/shop.frandroid.com\/z6bmqwtg\" target=\"_blank\" rel=\"noreferrer noopener affiliate nofollow\" data-gtm=\"{&quot;event&quot;:&quot;afficlic&quot;,&quot;nom_marchand&quot;:&quot;dell&quot;,&quot;nom_produit&quot;:&quot;inconnu&quot;,&quot;categorie_produit&quot;:&quot;inconnu&quot;,&quot;module_produit&quot;:&quot;editolink&quot;,&quot;position_marchand&quot;:0,&quot;texte&quot;:&quot;passe-a-499-euros&quot;,&quot;offer_url&quot;:&quot;https:\/\/shop.frandroid.com\/z6bmqwtg&quot;,&quot;zone&quot;:&quot;contenu-page&quot;}\">passe \u00e0 499 euros<\/a>\u00a0pendant le pr\u00e9-Black Friday sur le site de la marque.<\/p>\n<p>Si vous cherchez un TV pour toutes vos formes de divertissement avec du QLED Mini LED, une fr\u00e9quence de rafra\u00eechissement de 144 Hz et un prix en baisse, le TCL 75C803 \u00e0 moins de 800 euros. <\/p>\n<p><a href=\"https:\/\/images.frandroid.com\/wp-content\/uploads\/2025\/11\/tcl-75c803-pre-black-friday.jpg\" target=\"_blank\" class=\"article-content__figure\" rel=\"noopener\"><img loading=\"lazy\" decoding=\"async\" width=\"1200\" height=\"675\" src=\"https:\/\/www.europesays.com\/fr\/wp-content\/uploads\/2025\/11\/tcl-75c803-pre-black-friday-1200x675.jpg\" alt=\"\" class=\"wp-image-2857543 wp-image\"  \/><\/a><\/p>\n<ul class=\"wp-block-list\">\n<li>La technologie QLED Mini LED et la 4K sur 75 pouces<\/li>\n<li>La compatibilit\u00e9 Dolby Vision IQ, Dolby Atmos, HDR10+ et HLG<\/li>\n<li>Pour le gaming, vous avez l\u2019ALLM, le VRR et 144 Hz<\/li>\n<\/ul>\n<p>Le TV QLED 4K TCL 75C803 est en ce moment <a href=\"https:\/\/shop.frandroid.com\/mk1heox5\" target=\"_blank\" rel=\"noreferrer noopener affiliate nofollow\" data-gtm=\"{&quot;event&quot;:&quot;afficlic&quot;,&quot;nom_marchand&quot;:&quot;cdiscount&quot;,&quot;nom_produit&quot;:&quot;inconnu&quot;,&quot;categorie_produit&quot;:&quot;inconnu&quot;,&quot;module_produit&quot;:&quot;editolink&quot;,&quot;position_marchand&quot;:0,&quot;texte&quot;:&quot;en-promotion-a-779-euros-au-lieu-999-euros-habituellement-sur-cdiscount&quot;,&quot;offer_url&quot;:&quot;https:\/\/shop.frandroid.com\/mk1heox5&quot;,&quot;zone&quot;:&quot;contenu-page&quot;}\">en promotion \u00e0 779 euros au lieu 999 euros habituellement sur Cdiscount.<\/a><\/p>\n<p>Le Nakamura Crossover GT incarne une philosophie : un v\u00e9lo automatique, confortable, qui pousse juste ce qu\u2019il faut et qui, m\u00eame sans \u00eatre un baroudeur tout-terrain, il reste un compagnon fiable pour traverser la ville.<\/p>\n<p><a href=\"https:\/\/images.frandroid.com\/wp-content\/uploads\/2025\/11\/nakamura-crossover-gt-black-friday-frandroid.jpg\" target=\"_blank\" class=\"article-content__figure\" rel=\"noopener\"><img loading=\"lazy\" decoding=\"async\" width=\"1200\" height=\"675\" src=\"https:\/\/www.europesays.com\/fr\/wp-content\/uploads\/2025\/11\/nakamura-crossover-gt-black-friday-frandroid-1200x675.jpg\" alt=\"\" class=\"wp-image-2857443 wp-image\"  \/><\/a><\/p>\n<ul class=\"wp-block-list\">\n<li>Une boite automatique en 3 vitesses<\/li>\n<li>Le robuste moteur maison Naka E-Power Max (100 Nm)<\/li>\n<li>Une batterie de 460 Wh avec 80 km d\u2019autonomie (en mode \u00e9co)<\/li>\n<\/ul>\n<p>Au lieu de 2 099 euros, le Nakamura Crossover GT est <a href=\"https:\/\/shop.frandroid.com\/tf5ncs17\" target=\"_blank\" rel=\"noreferrer noopener affiliate nofollow\" data-gtm=\"{&quot;event&quot;:&quot;afficlic&quot;,&quot;nom_marchand&quot;:&quot;intersport&quot;,&quot;nom_produit&quot;:&quot;inconnu&quot;,&quot;categorie_produit&quot;:&quot;inconnu&quot;,&quot;module_produit&quot;:&quot;editolink&quot;,&quot;position_marchand&quot;:0,&quot;texte&quot;:&quot;aujourd-hui-disponible-en-promotion-a-1-899-euros-sur-intersport&quot;,&quot;offer_url&quot;:&quot;https:\/\/shop.frandroid.com\/tf5ncs17&quot;,&quot;zone&quot;:&quot;contenu-page&quot;}\">aujourd\u2019hui disponible en promotion \u00e0 1 899 euros sur Intersport<\/a>.<\/p>\n<p>Une dalle de 27 pouces IPS rapide, fluide et QHD, le Samsung Odyssey G50D passe \u00e0 l\u2019attaque avec 180 Hz, 1 ms et tout l\u2019attirail n\u00e9cessaire pour une session gaming propre, nette et sans bavure.\u00a0<\/p>\n<p><a href=\"https:\/\/www.europesays.com\/fr\/wp-content\/uploads\/2025\/11\/image-102-7.jpg\" target=\"_blank\" class=\"article-content__figure\"><img loading=\"lazy\" decoding=\"async\" width=\"768\" height=\"432\" src=\"https:\/\/www.europesays.com\/fr\/wp-content\/uploads\/2025\/11\/image-102-7.jpg\" alt=\"\" class=\"wp-image-2857463 wp-image\"  \/><\/a><\/p>\n<ul class=\"wp-block-list\">\n<li>Une dalle de 27 pouces Fast IPS QHD (2 560 x 1 440 pixels)<\/li>\n<li>Un taux de rafraichissement de 180 Hz et une latence de 1 ms<\/li>\n<li>Un design sobre qui s\u2019adapte \u00e0 tous les bureaux<\/li>\n<\/ul>\n<p>Au lieu de 309 euros, le Samsung Odyssey G5 G50D est\u00a0aujourd\u2019hui disponible\u00a0<a href=\"https:\/\/shop.frandroid.com\/yp3ka85r\" target=\"_blank\" rel=\"noreferrer noopener affiliate nofollow\">en promotion \u00e0 209 euros sur Boulanger<\/a>.<\/p>\n<p>En qu\u00eate d\u2019une giga enceinte pour ambiancer vos soir\u00e9es cet \u00e9t\u00e9 ? Alors bonne nouvelle, l\u2019impressionnante JBL Partybox 710, avec son caisson de basses int\u00e9gr\u00e9, son syst\u00e8me d\u2019\u00e9clairage dynamique et surtout, sa puissance de 800 W, est \u00e0 prix tr\u00e8s r\u00e9duit aujourd\u2019hui.<\/p>\n<p><a href=\"https:\/\/images.frandroid.com\/wp-content\/uploads\/2025\/10\/jbl-partybox-710-black-friday-2025.jpg\" target=\"_blank\" class=\"article-content__figure\" rel=\"noopener\"><img loading=\"lazy\" decoding=\"async\" width=\"1200\" height=\"675\" src=\"https:\/\/www.europesays.com\/fr\/wp-content\/uploads\/2025\/11\/jbl-partybox-710-black-friday-2025-1200x675.jpg\" alt=\"\" class=\"wp-image-2857201 wp-image\"  \/><\/a><\/p>\n<ul class=\"wp-block-list\">\n<li>Une puissance de 800 W<\/li>\n<li>Des jeux de lumi\u00e8res dynamiques et personnalisable<\/li>\n<li>Une enceinte endurante et robuste<\/li>\n<\/ul>\n<p>Au lieu de 799 euros, la JBL Partybox 710 est aujourd\u2019hui disponible <a href=\"https:\/\/shop.frandroid.com\/eln6ilo9\" data-type=\"link\" data-id=\"https:\/\/www.amazon.fr\/dp\/B09B2KKZKV?smid=A1X6FK5RDHNB96&amp;tag=egcdealabs2-21&amp;ascsubtag=ppr-fr-1800057358\" target=\"_blank\" rel=\"noreferrer noopener affiliate nofollow\" data-gtm=\"{&quot;event&quot;:&quot;afficlic&quot;,&quot;nom_marchand&quot;:&quot;amazon_fr&quot;,&quot;nom_produit&quot;:&quot;inconnu&quot;,&quot;categorie_produit&quot;:&quot;inconnu&quot;,&quot;module_produit&quot;:&quot;editolink&quot;,&quot;position_marchand&quot;:0,&quot;texte&quot;:&quot;en-promotion-a-559-euros-sur-amazon&quot;,&quot;offer_url&quot;:&quot;https:\/\/shop.frandroid.com\/eln6ilo9&quot;,&quot;zone&quot;:&quot;contenu-page&quot;}\">en promotion \u00e0 559 euros sur Amazon<\/a>.<\/p>\n<p>Viser le segment entre l\u2019entr\u00e9e et le milieu de gamme avec un rapport qualit\u00e9-prix agressif, on commence \u00e0 conna\u00eetre les Redmi Note de Xiaomi par c\u0153ur. Cette version 4G (avec un processeur MediaTek) <a href=\"https:\/\/www.frandroid.com\/marques\/xiaomi\/2505261_test-du-redmi-note-14-4g-un-smartphone-pas-cher-equilibre-et-efficace\" data-type=\"link\" data-id=\"https:\/\/www.frandroid.com\/marques\/xiaomi\/2505261_test-du-redmi-note-14-4g-un-smartphone-pas-cher-equilibre-et-efficace\" target=\"_blank\" rel=\"noopener\">a re\u00e7u la note de 7\/10<\/a>. Ce smartphone est bon un peu partout, sans \u00eatre excellent, mais il compense bien ses lacunes avec son prix rabot\u00e9 le plus possible.<\/p>\n<p><a href=\"https:\/\/images.frandroid.com\/wp-content\/uploads\/2025\/10\/xiaomi-redmi-note-14-4g.jpg\" target=\"_blank\" class=\"article-content__figure\" rel=\"noopener\"><img loading=\"lazy\" decoding=\"async\" width=\"1200\" height=\"675\" src=\"https:\/\/www.europesays.com\/fr\/wp-content\/uploads\/2025\/11\/xiaomi-redmi-note-14-4g-1200x675.jpg\" alt=\"\" class=\"wp-image-2849253 wp-image\"  \/><\/a><\/p>\n<ul class=\"wp-block-list\">\n<li>Un \u00e9cran AMOLED de qualit\u00e9 et bien calibr\u00e9<\/li>\n<li>Le MediaTek Helio G99 suffit \u00e0 ce prix-l\u00e0<\/li>\n<li>Une autonomie correcte avec la batterie de 5 500 mAh<\/li>\n<\/ul>\n<p>Au lieu de 249,99 euros, le Xiaomi Redmi Note 14 4G (256 Go) est aujourd\u2019hui disponible en promotion <a href=\"https:\/\/shop.frandroid.com\/ij6r0ghs\" data-type=\"link\" data-id=\"https:\/\/www.boulanger.com\/ref\/1216848\" target=\"_blank\" rel=\"noreferrer noopener affiliate nofollow\" data-gtm=\"{&quot;event&quot;:&quot;afficlic&quot;,&quot;nom_marchand&quot;:&quot;boulanger&quot;,&quot;nom_produit&quot;:&quot;inconnu&quot;,&quot;categorie_produit&quot;:&quot;inconnu&quot;,&quot;module_produit&quot;:&quot;editolink&quot;,&quot;position_marchand&quot;:0,&quot;texte&quot;:&quot;a-169-99-euros-sur-boulanger&quot;,&quot;offer_url&quot;:&quot;https:\/\/shop.frandroid.com\/ij6r0ghs&quot;,&quot;zone&quot;:&quot;contenu-page&quot;}\">\u00e0 169,99 euros sur Boulanger<\/a>. On trouve aussi <a href=\"https:\/\/shop.frandroid.com\/6vavaalq\" target=\"_blank\" rel=\"noreferrer noopener affiliate nofollow\" data-gtm=\"{&quot;event&quot;:&quot;afficlic&quot;,&quot;nom_marchand&quot;:&quot;amazon_fr&quot;,&quot;nom_produit&quot;:&quot;inconnu&quot;,&quot;categorie_produit&quot;:&quot;inconnu&quot;,&quot;module_produit&quot;:&quot;editolink&quot;,&quot;position_marchand&quot;:0,&quot;texte&quot;:&quot;la-version-128-go-a-119-euros-sur-amazon&quot;,&quot;offer_url&quot;:&quot;https:\/\/shop.frandroid.com\/6vavaalq&quot;,&quot;zone&quot;:&quot;contenu-page&quot;}\">la version 128 Go \u00e0 119 euros sur Amazon<\/a>. <\/p>\n<p>Si vous recherchez un chageur polyvalent pouvant recharger plusieurs appareils en m\u00eame temps et de fa\u00e7on efficace, voici le chargeur Ugreen 65 W. Il est \u00e0 moins de 20 euros. <\/p>\n<p><a href=\"https:\/\/images.frandroid.com\/wp-content\/uploads\/2025\/10\/chargeur-ugreen-65-w-black-friday-2025.jpg\" target=\"_blank\" class=\"article-content__figure\" rel=\"noopener\"><img loading=\"lazy\" decoding=\"async\" width=\"1200\" height=\"675\" src=\"https:\/\/www.europesays.com\/fr\/wp-content\/uploads\/2025\/11\/chargeur-ugreen-65-w-black-friday-2025-1200x675.jpg\" alt=\"\" class=\"wp-image-2857167 wp-image\"  \/><\/a><\/p>\n<ul class=\"wp-block-list\">\n<li>Jusqu\u2019\u00e0 65 W de puissance<\/li>\n<li>2 ports USB-C et 1 port USB-A<\/li>\n<li>Technologie GaN pour un chargeur compact<\/li>\n<\/ul>\n<p>Au lieu de 30,99 euros habituellement, le chargeur Ugreen de 65 W est actuellement <a href=\"https:\/\/shop.frandroid.com\/dzgksnka\" target=\"_blank\" rel=\"noreferrer noopener affiliate nofollow\" data-gtm=\"{&quot;event&quot;:&quot;afficlic&quot;,&quot;nom_marchand&quot;:&quot;amazon_fr&quot;,&quot;nom_produit&quot;:&quot;inconnu&quot;,&quot;categorie_produit&quot;:&quot;inconnu&quot;,&quot;module_produit&quot;:&quot;editolink&quot;,&quot;position_marchand&quot;:0,&quot;texte&quot;:&quot;en-promotion-a-seulement-18-80-euros-sur-amazon&quot;,&quot;offer_url&quot;:&quot;https:\/\/shop.frandroid.com\/dzgksnka&quot;,&quot;zone&quot;:&quot;contenu-page&quot;}\">en promotion \u00e0 seulement 18,80 euros sur Amazon<\/a>. <\/p>\n<p>Un ch\u00e2ssis fin, une dalle OLED qui en impose pour ce mod\u00e8le discr\u00e8tement lanc\u00e9 par Sony. Une r\u00e9f\u00e9rence sobre, sans r\u00e9tro\u00e9clairage sur la t\u00e9l\u00e9commande, mais qui cache les m\u00eames muscles que son grand fr\u00e8re. Le Bravia 8A profite de l\u2019avant Black Friday pour passer \u00e0 1 699 euros au lieu de 1 899 euros chez Boulanger. <\/p>\n<p><a href=\"https:\/\/images.frandroid.com\/wp-content\/uploads\/2025\/11\/sony-bravia-8a-black-friday-frandroid.jpg\" target=\"_blank\" class=\"article-content__figure\" rel=\"noopener\"><img loading=\"lazy\" decoding=\"async\" width=\"1200\" height=\"675\" src=\"https:\/\/www.europesays.com\/fr\/wp-content\/uploads\/2025\/11\/sony-bravia-8a-black-friday-frandroid-1200x675.jpg\" alt=\"\" class=\"wp-image-2856927 wp-image\"  \/><\/a><\/p>\n<ul class=\"wp-block-list\">\n<li>Une dalle OLED 4K UHD de 65 pouces \u00e0 120 Hz avec compatibilit\u00e9 Dolby Vision<\/li>\n<li>Des fonctionnalit\u00e9s gamer HDMI 2.1, VRR et ALLM, et une attention sp\u00e9ciale pour la PS5<\/li>\n<li>La synergie de l\u2019\u00e9cosyst\u00e8me Bravia<\/li>\n<\/ul>\n<p>Au lieu de 1 899 euros, le Sony Bravia 8A 65\u2033 est <a href=\"https:\/\/shop.frandroid.com\/vn53m9qh\" target=\"_blank\" rel=\"noreferrer noopener affiliate nofollow\" data-gtm=\"{&quot;event&quot;:&quot;afficlic&quot;,&quot;nom_marchand&quot;:&quot;boulanger&quot;,&quot;nom_produit&quot;:&quot;inconnu&quot;,&quot;categorie_produit&quot;:&quot;inconnu&quot;,&quot;module_produit&quot;:&quot;editolink&quot;,&quot;position_marchand&quot;:0,&quot;texte&quot;:&quot;aujourd-hui-disponible-en-promotion-a-1-899-euros-sur-boulanger&quot;,&quot;offer_url&quot;:&quot;https:\/\/shop.frandroid.com\/vn53m9qh&quot;,&quot;zone&quot;:&quot;contenu-page&quot;}\">aujourd\u2019hui disponible en promotion \u00e0 1 699 euros sur Boulanger<\/a>.<\/p>\n<p>V\u00e9ritable bijou de technologie pour les gamers, l\u2019Acer Predator Neo 18\u2033 AI conna\u00eet une belle baisse de prix sur Darty passant de 2 699,99 euros \u00e0 1 899,99 euros. Un laptop \u00e9quip\u00e9 d\u2019une RTX 5070 qui va ravir les gamers. <\/p>\n<p><a href=\"https:\/\/images.frandroid.com\/wp-content\/uploads\/2025\/11\/samsung-galaxy-a17-5g-black-friday-frandroid-1.jpg\" target=\"_blank\" class=\"article-content__figure\" rel=\"noopener\"><img loading=\"lazy\" decoding=\"async\" width=\"1200\" height=\"675\" src=\"https:\/\/www.europesays.com\/fr\/wp-content\/uploads\/2025\/11\/samsung-galaxy-a17-5g-black-friday-frandroid-1-1200x675.jpg\" alt=\"Acer gaming Predator Helios Neo 18 PBF\" class=\"wp-image-2856613 wp-image\"  \/><\/a><\/p>\n<ul class=\"wp-block-list\">\n<li>Une puissance colossale pouvant monter jusqu\u2019\u00e0 64 Go<\/li>\n<li>Une dalle LCD de 2 560 x 1 600 pixels pour s\u2019en mettre plein les yeux<\/li>\n<li>Un taux de rafra\u00eechissement de 240 Hz et un temps de r\u00e9ponse de 0,03 ms<\/li>\n<\/ul>\n<p>Habituellement propos\u00e9 au prix imposant de 2 699,99 euros, vous pouvez le retrouver pour 1 899,99 euros <a href=\"https:\/\/shop.frandroid.com\/m0xtmpqy\" target=\"_blank\" rel=\"noreferrer noopener affiliate nofollow\" data-gtm=\"{&quot;event&quot;:&quot;afficlic&quot;,&quot;nom_marchand&quot;:&quot;darty&quot;,&quot;nom_produit&quot;:&quot;inconnu&quot;,&quot;categorie_produit&quot;:&quot;inconnu&quot;,&quot;module_produit&quot;:&quot;editolink&quot;,&quot;position_marchand&quot;:0,&quot;texte&quot;:&quot;du-cote-de-darty&quot;,&quot;offer_url&quot;:&quot;https:\/\/shop.frandroid.com\/m0xtmpqy&quot;,&quot;zone&quot;:&quot;contenu-page&quot;}\">chez Darty<\/a> ainsi que <a href=\"https:\/\/shop.frandroid.com\/3t4gdkki\" target=\"_blank\" rel=\"noreferrer noopener affiliate nofollow\" data-gtm=\"{&quot;event&quot;:&quot;afficlic&quot;,&quot;nom_marchand&quot;:&quot;fnac&quot;,&quot;nom_produit&quot;:&quot;inconnu&quot;,&quot;categorie_produit&quot;:&quot;inconnu&quot;,&quot;module_produit&quot;:&quot;editolink&quot;,&quot;position_marchand&quot;:0,&quot;texte&quot;:&quot;sur-le-site-de-la-fnac&quot;,&quot;offer_url&quot;:&quot;https:\/\/shop.frandroid.com\/3t4gdkki&quot;,&quot;zone&quot;:&quot;contenu-page&quot;}\">sur le site de la Fnac.<\/a><\/p>\n<p>La cam\u00e9ra ext\u00e9rieure de Xiaomi est bien \u00e9quip\u00e9 pour surveiller tous les endroits hors int\u00e9rieur de votre logement, elle voit en couleur la nuit, reconnais les humains, les mouvements et les v\u00e9hicules\u2026 Et pour le pr\u00e9quel du Black Friday, elle passe \u00e0 69 euros au lieu de 79 sur le site de Xiaomi.<\/p>\n<p><a href=\"https:\/\/images.frandroid.com\/wp-content\/uploads\/2025\/11\/xiaomi-cw700s-black-friday-frandroid.jpg\" target=\"_blank\" class=\"article-content__figure\" rel=\"noopener\"><img loading=\"lazy\" decoding=\"async\" width=\"1200\" height=\"675\" src=\"https:\/\/www.europesays.com\/fr\/wp-content\/uploads\/2025\/11\/xiaomi-cw700s-black-friday-frandroid-1200x675.jpg\" alt=\"\" class=\"wp-image-2856689 wp-image\"  \/><\/a><\/p>\n<ul class=\"wp-block-list\">\n<li>Un double capteur de 4 m\u00e9gapixels avec zoom hybride x9<\/li>\n<li>Une vision nocturne avec gestion de la couleur intelligente<\/li>\n<li>Un syst\u00e8me de d\u00e9tection humaine, v\u00e9hicule et une alarme sonore et visuelle<\/li>\n<\/ul>\n<p>Au lieu de 79 euros, la Xiaomi CW700S est <a href=\"https:\/\/shop.frandroid.com\/17n4os7o\" target=\"_blank\" rel=\"noreferrer noopener affiliate nofollow\" data-gtm=\"{&quot;event&quot;:&quot;afficlic&quot;,&quot;nom_marchand&quot;:&quot;xiaomi&quot;,&quot;nom_produit&quot;:&quot;inconnu&quot;,&quot;categorie_produit&quot;:&quot;inconnu&quot;,&quot;module_produit&quot;:&quot;editolink&quot;,&quot;position_marchand&quot;:0,&quot;texte&quot;:&quot;aujourd-hui-disponible-en-promotion-a-69-euros-sur-xiaomi&quot;,&quot;offer_url&quot;:&quot;https:\/\/shop.frandroid.com\/17n4os7o&quot;,&quot;zone&quot;:&quot;contenu-page&quot;}\">aujourd\u2019hui disponible en promotion \u00e0 69 euros sur Xiaomi<\/a>.<\/p>\n<p>Le Motorola Moto G86 5G est un smartphone \u00e9quilibr\u00e9 avec un  grand \u00e9cran pOled r\u00e9actif, une bonne autonomie et une puce efficace. De jolis arguments avec en prime une baisse de prix : il est \u00e0 199 euros au lieu de 379 euros de base \u00e0 l\u2019occasion du pr\u00e9-Black Friday. <\/p>\n<p><a href=\"https:\/\/images.frandroid.com\/wp-content\/uploads\/2025\/06\/motorola-moto-g85-5g-pre-black-friday.jpg\" target=\"_blank\" class=\"article-content__figure\" rel=\"noopener\"><img loading=\"lazy\" decoding=\"async\" width=\"1200\" height=\"675\" src=\"https:\/\/www.europesays.com\/fr\/wp-content\/uploads\/2025\/11\/motorola-moto-g85-5g-pre-black-friday-1200x675.jpg\" alt=\"\" class=\"wp-image-2856593 wp-image\"  \/><\/a><\/p>\n<ul class=\"wp-block-list\">\n<li>L\u2019\u00e9cran pOled de 6,67 pouces \u00e0 120 Hz<\/li>\n<li>La puce milieu de gamme efficace : Qualcomm Snapdragon 6s Gen 3<\/li>\n<li>La batterie de 5 000 mAh et la charge rapide 30 W<\/li>\n<\/ul>\n<p>Lanc\u00e9 \u00e0 379 euros, le Motorola Moto G85 5G est en ce moment <a href=\"https:\/\/shop.frandroid.com\/l13aemgs\" target=\"_blank\" rel=\"noreferrer noopener affiliate nofollow\" data-gtm=\"{&quot;event&quot;:&quot;afficlic&quot;,&quot;nom_marchand&quot;:&quot;lenovo&quot;,&quot;nom_produit&quot;:&quot;inconnu&quot;,&quot;categorie_produit&quot;:&quot;inconnu&quot;,&quot;module_produit&quot;:&quot;editolink&quot;,&quot;position_marchand&quot;:0,&quot;texte&quot;:&quot;en-promotion-a-199-euros-sur-le-site-lenovo&quot;,&quot;offer_url&quot;:&quot;https:\/\/shop.frandroid.com\/l13aemgs&quot;,&quot;zone&quot;:&quot;contenu-page&quot;}\">en promotion \u00e0 199 euros sur le site Lenovo.<\/a><\/p>\n<p>Dans la cat\u00e9gorie des petits prix, la Hisense 55E79Q PRO est un bon choix en mati\u00e8re de compromis : dalle QLED, fr\u00e9quence de 144 Hz, traitements HDR10 et Dolby Vision\u2026 Ce TV a une fiche technique assez compl\u00e8te au vu de son prix. Une bonne alternative pour les budgets limit\u00e9s.<\/p>\n<p><a href=\"https:\/\/www.europesays.com\/fr\/wp-content\/uploads\/2025\/11\/image-102-4.jpg\" target=\"_blank\" class=\"article-content__figure\"><img loading=\"lazy\" decoding=\"async\" width=\"768\" height=\"432\" src=\"https:\/\/www.europesays.com\/fr\/wp-content\/uploads\/2025\/11\/image-102-4.jpg\" alt=\"\" class=\"wp-image-2856459 wp-image\"  \/><\/a><\/p>\n<ul class=\"wp-block-list\">\n<li>Dalle QLED 4K de 55 pouces avec traitements HDR10<\/li>\n<li>Ports HDMI 2.1 et rafra\u00eechissement de 144 Hz<\/li>\n<li>Compatibilit\u00e9 avec Dolby Atmos et DTS:X<\/li>\n<\/ul>\n<p>Au lieu de 479 euros, le Hisense 55E79Q PRO est aujourd\u2019hui disponible\u00a0<a href=\"https:\/\/shop.frandroid.com\/ztjoysjg\" target=\"_blank\" rel=\"noreferrer noopener affiliate nofollow\" data-gtm=\"{&quot;event&quot;:&quot;afficlic&quot;,&quot;nom_marchand&quot;:&quot;boulanger&quot;,&quot;nom_produit&quot;:&quot;inconnu&quot;,&quot;categorie_produit&quot;:&quot;inconnu&quot;,&quot;module_produit&quot;:&quot;editolink&quot;,&quot;position_marchand&quot;:0,&quot;texte&quot;:&quot;en-promotion-a-449-euros-sur-boulanger&quot;,&quot;offer_url&quot;:&quot;https:\/\/shop.frandroid.com\/ztjoysjg&quot;,&quot;zone&quot;:&quot;contenu-page&quot;}\">en promotion \u00e0 429 euros\u00a0sur Boulanger.<\/a><\/p>\n<p>En cette p\u00e9riode de Pr\u00e9-Black Friday, Dell met \u00e0 l\u2019honneur son 16 Plus 2-en-1 en baissant son prix \u00e0 699 euros au lieu de 999 euros pour ceux qui veulent acheter un appareil qui laisse s\u2019exprimer la cr\u00e9ativit\u00e9 de chacun.<\/p>\n<p><a href=\"https:\/\/images.frandroid.com\/wp-content\/uploads\/2025\/11\/jmgo-n1s-infinity-4k-pre-black-friday-2025-1.jpg\" target=\"_blank\" class=\"article-content__figure\" rel=\"noopener\"><img loading=\"lazy\" decoding=\"async\" width=\"1200\" height=\"675\" src=\"https:\/\/www.europesays.com\/fr\/wp-content\/uploads\/2025\/11\/jmgo-n1s-infinity-4k-pre-black-friday-2025-1-1200x675.jpg\" alt=\"Dell 16 plus 2-en1\" class=\"wp-image-2856101 wp-image\"  \/><\/a><\/p>\n<ul class=\"wp-block-list\">\n<li>Un processeur Intel Core Ultra 7 qui propose 8 c\u0153urs, 4 c\u0153urs performance pour 4 c\u0153urs efficients<\/li>\n<li>Une m\u00e9moire vive de 32 Go et un taux de rafra\u00eechissement de 90 Hz pour emp\u00eacher les ralentissements<\/li>\n<li>Le mode ComfortView pour pr\u00e9server nos yeux<\/li>\n<\/ul>\n<p>Au lieu de 999 euros, ce Dell 16 Plus 2-en-1 est aujourd\u2019hui disponible <a href=\"https:\/\/shop.frandroid.com\/7ngfpoi6\" target=\"_blank\" rel=\"noreferrer noopener affiliate nofollow\" data-gtm=\"{&quot;event&quot;:&quot;afficlic&quot;,&quot;nom_marchand&quot;:&quot;dell&quot;,&quot;nom_produit&quot;:&quot;inconnu&quot;,&quot;categorie_produit&quot;:&quot;inconnu&quot;,&quot;module_produit&quot;:&quot;editolink&quot;,&quot;position_marchand&quot;:0,&quot;texte&quot;:&quot;en-promotion-a-699-euros-sur-le-site-de-son-fabricant-dell&quot;,&quot;offer_url&quot;:&quot;https:\/\/shop.frandroid.com\/7ngfpoi6&quot;,&quot;zone&quot;:&quot;contenu-page&quot;}\">en promotion \u00e0 699 euros sur le site de son fabricant, Dell.<\/a><\/p>\n<p>Un v\u00e9lo d\u2019aventure avec assistance \u00e9lectrique, c\u2019est ce que propose la marque de comp\u00e9t de Decathlon : Van Rysel. Un gravel avec 150 kilom\u00e8tres d\u2019autonomie, bien \u00e9quip\u00e9. Et qui voit son prix se tarir de 3 499 euros \u00e0 3 149 euros sur le site de la marque fran\u00e7aise.<\/p>\n<p><a href=\"https:\/\/images.frandroid.com\/wp-content\/uploads\/2025\/11\/decathlon-van-rysel-e-grvl-af-md-black-friday-frandroid.jpg\" target=\"_blank\" class=\"article-content__figure\" rel=\"noopener\"><img loading=\"lazy\" decoding=\"async\" width=\"1200\" height=\"675\" src=\"https:\/\/www.europesays.com\/fr\/wp-content\/uploads\/2025\/11\/decathlon-van-rysel-e-grvl-af-md-black-friday-frandroid-1200x675.jpg\" alt=\"\" class=\"wp-image-2855661 wp-image\"  \/><\/a><\/p>\n<ul class=\"wp-block-list\">\n<li>Un bloc Brose Drive T Mag avec une puissance de 70 Nm<\/li>\n<li>Une batterie amovible de 500 Wh, offrant sur le papier 150 Km<\/li>\n<li>Une transmission SRAM Apex XLPR 12 vitesses, freins hydrauliques \u00e0 disque SRAM Apex 160 mm<\/li>\n<\/ul>\n<p>Au lieu de 3 499 euros, le Decathlon Van Rysel E-GRVL AF MD est <a href=\"https:\/\/shop.frandroid.com\/tfa6cwpb\" target=\"_blank\" rel=\"noreferrer noopener affiliate nofollow\" data-gtm=\"{&quot;event&quot;:&quot;afficlic&quot;,&quot;nom_marchand&quot;:&quot;decathlon&quot;,&quot;nom_produit&quot;:&quot;inconnu&quot;,&quot;categorie_produit&quot;:&quot;inconnu&quot;,&quot;module_produit&quot;:&quot;editolink&quot;,&quot;position_marchand&quot;:0,&quot;texte&quot;:&quot;aujourd-hui-disponible-en-promotion-a-3-149-euros-sur-decathlon&quot;,&quot;offer_url&quot;:&quot;https:\/\/shop.frandroid.com\/tfa6cwpb&quot;,&quot;zone&quot;:&quot;contenu-page&quot;}\">aujourd\u2019hui disponible en promotion \u00e0 3 149 euros sur Decathlon<\/a>.<\/p>\n<p>Le <a href=\"https:\/\/www.frandroid.com\/guide-dachat\/689411_guide-meilleurs-pc-portables-gamer\" target=\"_blank\" rel=\"noopener\">PC portable gamer<\/a> MSI Cyborg 15 B13WFKG est la preuve que l\u2019on peut profiter d\u2019une configuration pointue sans se ruiner. Pendant le pr\u00e9-Black Friday, il co\u00fbte 30 % de moins. <\/p>\n<p><a href=\"https:\/\/images.frandroid.com\/wp-content\/uploads\/2025\/11\/msi-cyborg-15-pre-black-friday.jpg\" target=\"_blank\" class=\"article-content__figure\" rel=\"noopener\"><img loading=\"lazy\" decoding=\"async\" width=\"1200\" height=\"675\" src=\"https:\/\/www.europesays.com\/fr\/wp-content\/uploads\/2025\/11\/msi-cyborg-15-pre-black-friday-1200x675.jpg\" alt=\"\" class=\"wp-image-2855587 wp-image\"  \/><\/a><\/p>\n<ul class=\"wp-block-list\">\n<li>Une dalle IPS Full HD de 15,6 pouces + 144 Hz<\/li>\n<li>Un combo i7-13620H + RTX 5060 + 16 Go de RAM<\/li>\n<li>Un SSD de 512 Go<\/li>\n<\/ul>\n<p>De base \u00e0 1 399,99 euros, le laptop MSI Cyborg 15 (B13WFKG-649FR) se n\u00e9gocie <a href=\"https:\/\/shop.frandroid.com\/69e5q4v5\" target=\"_blank\" rel=\"noreferrer noopener affiliate nofollow\" data-gtm=\"{&quot;event&quot;:&quot;afficlic&quot;,&quot;nom_marchand&quot;:&quot;fnac&quot;,&quot;nom_produit&quot;:&quot;inconnu&quot;,&quot;categorie_produit&quot;:&quot;inconnu&quot;,&quot;module_produit&quot;:&quot;editolink&quot;,&quot;position_marchand&quot;:0,&quot;texte&quot;:&quot;en-ce-moment-a-979-99-euros-sur-le-site-de-la-fnac&quot;,&quot;offer_url&quot;:&quot;https:\/\/shop.frandroid.com\/69e5q4v5&quot;,&quot;zone&quot;:&quot;contenu-page&quot;}\">en ce moment \u00e0 979,99 euros sur le site de la Fnac<\/a>. L\u2019offre est \u00e9galement <a href=\"https:\/\/shop.frandroid.com\/f51drme2\" target=\"_blank\" rel=\"noreferrer noopener affiliate nofollow\" data-gtm=\"{&quot;event&quot;:&quot;afficlic&quot;,&quot;nom_marchand&quot;:&quot;darty&quot;,&quot;nom_produit&quot;:&quot;inconnu&quot;,&quot;categorie_produit&quot;:&quot;inconnu&quot;,&quot;module_produit&quot;:&quot;editolink&quot;,&quot;position_marchand&quot;:0,&quot;texte&quot;:&quot;disponible-chez-darty&quot;,&quot;offer_url&quot;:&quot;https:\/\/shop.frandroid.com\/f51drme2&quot;,&quot;zone&quot;:&quot;contenu-page&quot;}\">disponible chez Darty. <\/a><\/p>\n<p>Jouer \u00e0 une Game Boy sous st\u00e9ro\u00efde en 2025, c\u2019est ce que propose l\u2019Anbernic RG35XX, probablement l\u2019un des meilleurs \u00e9mulateurs \u00e0 l\u2019heure actuelle avec les autres consoles de la marque ainsi que les Ayaneo. La RG35XX propose entre autres un \u00e9cran couleur, des g\u00e2chettes suppl\u00e9mentaires et assez de puissance pour faire tourner les jeux Game Boy, Dreamcast et PlayStation One.<\/p>\n<p><a href=\"https:\/\/www.europesays.com\/fr\/wp-content\/uploads\/2025\/11\/image-102-2.jpg\" target=\"_blank\" class=\"article-content__figure\"><img loading=\"lazy\" decoding=\"async\" width=\"768\" height=\"432\" src=\"https:\/\/www.europesays.com\/fr\/wp-content\/uploads\/2025\/11\/image-102-2.jpg\" alt=\"\" class=\"wp-image-2855521 wp-image\"  \/><\/a><\/p>\n<ul class=\"wp-block-list\">\n<li>Une dalle IPS-LCD de 480p<\/li>\n<li>Elle supporte plus de 30 \u00e9mulateurs, y compris la PSP, la Dreamcast, la GBA, les jeux d\u2019arcade, la NES, etc.<\/li>\n<li>Une autonomie entre 6h et 7h pour replonger dans les ann\u00e9es 80 et 90<\/li>\n<\/ul>\n<p>Au lieu de 49,99 euros, l\u2019Anbernic RG35XX (64 Go) est aujourd\u2019hui disponible\u00a0<a href=\"https:\/\/shop.frandroid.com\/htncg5x3\" target=\"_blank\" rel=\"noreferrer noopener affiliate nofollow\" data-gtm=\"{&quot;event&quot;:&quot;afficlic&quot;,&quot;nom_marchand&quot;:&quot;pc_componentes&quot;,&quot;nom_produit&quot;:&quot;inconnu&quot;,&quot;categorie_produit&quot;:&quot;inconnu&quot;,&quot;module_produit&quot;:&quot;editolink&quot;,&quot;position_marchand&quot;:0,&quot;texte&quot;:&quot;en-promotion-a-41-72-euros-sur-pc-componentes&quot;,&quot;offer_url&quot;:&quot;https:\/\/shop.frandroid.com\/htncg5x3&quot;,&quot;zone&quot;:&quot;contenu-page&quot;}\">en promotion \u00e0 41,72 euros\u00a0sur PcComponentes<\/a>.<\/p>\n<p>Le HP OmniBook X Flip 14 est un ultrabook 2-en-1 que l\u2019on a test\u00e9 et largement valid\u00e9. Ce mod\u00e8le propuls\u00e9 par un Intel Core Ultra 7 est actuellement affich\u00e9 \u00e0 999,99 euros au lieu de 1 299,99 euros chez Darty et \u00e0 la Fnac \u00e0 l\u2019approche du Black Friday.<\/p>\n<p><a href=\"https:\/\/images.frandroid.com\/wp-content\/uploads\/2025\/11\/hp-omnibook-x-flip-14-black-friday-2025.jpg\" target=\"_blank\" class=\"article-content__figure\" rel=\"noopener\"><img loading=\"lazy\" decoding=\"async\" width=\"1200\" height=\"675\" src=\"https:\/\/www.europesays.com\/fr\/wp-content\/uploads\/2025\/11\/hp-omnibook-x-flip-14-black-friday-2025-1200x675.jpg\" alt=\"\" class=\"wp-image-2854607 wp-image\"  \/><\/a><\/p>\n<ul class=\"wp-block-list\">\n<li>Une charni\u00e8re \u00e0 360\u00b0<\/li>\n<li>Une dalle OLED de 14 pouces rafra\u00eechie \u00e0 120 Hz<\/li>\n<li>Un combo Intel Core Ultra 7 + 32 Go de RAM + SSD de 1 To<\/li>\n<\/ul>\n<p>Initialement affich\u00e9 \u00e0 1 299,99 euros, le HP OmniBook X Flip-14fm0007 est aujourd\u2019hui <a href=\"https:\/\/shop.frandroid.com\/5r5sdvl6\" target=\"_blank\" rel=\"noreferrer noopener affiliate nofollow\" data-gtm=\"{&quot;event&quot;:&quot;afficlic&quot;,&quot;nom_marchand&quot;:&quot;darty&quot;,&quot;nom_produit&quot;:&quot;inconnu&quot;,&quot;categorie_produit&quot;:&quot;inconnu&quot;,&quot;module_produit&quot;:&quot;editolink&quot;,&quot;position_marchand&quot;:0,&quot;texte&quot;:&quot;disponible-en-promotion-a-999-99-euros-chez-darty&quot;,&quot;offer_url&quot;:&quot;https:\/\/shop.frandroid.com\/5r5sdvl6&quot;,&quot;zone&quot;:&quot;contenu-page&quot;}\">disponible en promotion \u00e0 999,99 euros chez Darty<\/a> et \u00e0 <a href=\"https:\/\/shop.frandroid.com\/w16jevxy\" target=\"_blank\" rel=\"noreferrer noopener affiliate nofollow\" data-gtm=\"{&quot;event&quot;:&quot;afficlic&quot;,&quot;nom_marchand&quot;:&quot;fnac&quot;,&quot;nom_produit&quot;:&quot;inconnu&quot;,&quot;categorie_produit&quot;:&quot;inconnu&quot;,&quot;module_produit&quot;:&quot;editolink&quot;,&quot;position_marchand&quot;:0,&quot;texte&quot;:&quot;la-fnac&quot;,&quot;offer_url&quot;:&quot;https:\/\/shop.frandroid.com\/w16jevxy&quot;,&quot;zone&quot;:&quot;contenu-page&quot;}\">la Fnac<\/a>.<\/p>\n<p>Un \u00e9cran OLED, de la 5G et un suivi logiciel longue dur\u00e9e : le Galaxy A17 5G est un excellent mod\u00e8le d\u2019entr\u00e9e de gamme. Pour l\u2019avant Black Friday, il passe \u00e0 149 euros au lieu de 229 euros sur Red By SFR apr\u00e8s une offre de remboursement.<\/p>\n<p><a href=\"https:\/\/images.frandroid.com\/wp-content\/uploads\/2025\/11\/samsung-galaxy-a17-5g-black-friday-frandroid.jpg\" target=\"_blank\" class=\"article-content__figure\" rel=\"noopener\"><img loading=\"lazy\" decoding=\"async\" width=\"1200\" height=\"675\" src=\"https:\/\/www.europesays.com\/fr\/wp-content\/uploads\/2025\/11\/samsung-galaxy-a17-5g-black-friday-frandroid-1200x675.jpg\" alt=\"\" class=\"wp-image-2854997 wp-image\"  \/><\/a><\/p>\n<ul class=\"wp-block-list\">\n<li>Un \u00e9cran OLED de 6,7 pouces<\/li>\n<li>Une long\u00e9vit\u00e9 de 6 ans de mises \u00e0 jour majeure et de s\u00e9curit\u00e9<\/li>\n<li>Une batterie de 5 000 mAh et la recharge rapide \u00e0 25 W<\/li>\n<\/ul>\n<p>Au lieu de 229 euros, le Samsung Galaxy A17 5G est <a href=\"https:\/\/shop.frandroid.com\/3jbrnvtq\" target=\"_blank\" rel=\"noreferrer noopener affiliate nofollow\" data-gtm=\"{&quot;event&quot;:&quot;afficlic&quot;,&quot;nom_marchand&quot;:&quot;red_sfr&quot;,&quot;nom_produit&quot;:&quot;inconnu&quot;,&quot;categorie_produit&quot;:&quot;inconnu&quot;,&quot;module_produit&quot;:&quot;editolink&quot;,&quot;position_marchand&quot;:0,&quot;texte&quot;:&quot;aujourd-hui-disponible-en-promotion-a-149-euros-sur-sfr&quot;,&quot;offer_url&quot;:&quot;https:\/\/shop.frandroid.com\/3jbrnvtq&quot;,&quot;zone&quot;:&quot;contenu-page&quot;}\">aujourd\u2019hui disponible en promotion \u00e0 149 euros sur Red By SFR<\/a> apr\u00e8s le remboursement <a href=\"https:\/\/shop.frandroid.com\/j5gprjdx\" target=\"_blank\" rel=\"noreferrer noopener nofollow\" data-gtm=\"{&quot;event&quot;:&quot;afficlic&quot;,&quot;nom_marchand&quot;:&quot;sfr&quot;,&quot;nom_produit&quot;:&quot;inconnu&quot;,&quot;categorie_produit&quot;:&quot;inconnu&quot;,&quot;module_produit&quot;:&quot;editolink&quot;,&quot;position_marchand&quot;:0,&quot;texte&quot;:&quot;de-30-euros-de-l-odr&quot;,&quot;offer_url&quot;:&quot;https:\/\/shop.frandroid.com\/j5gprjdx&quot;,&quot;zone&quot;:&quot;contenu-page&quot;}\">de 30 euros de l\u2019ODR<\/a>.<\/p>\n<p>Les\u00a0<a href=\"https:\/\/www.frandroid.com\/guide-dachat\/1649125_montres-connectees-garmin-quel-modele-de-smartwatch-choisir\" target=\"_blank\" rel=\"noopener\">montres Garmin<\/a>\u00a0comptent parmi les meilleures r\u00e9f\u00e9rences pour les amateurs de sport. Pr\u00e9cision, autonomie et accompagnement sportif\u2026 Tout y est, comme sur cette Fenix E.\u00a0Une montre\u00a0outdoor\u00a0haut de gamme, avec un tarif l\u00e9g\u00e8rement plus abordable\u00a0que\u00a0<a href=\"https:\/\/www.frandroid.com\/produits\/montres-bracelet-connectes\/garmin\/2314930-garmin-fenix-8\" target=\"_blank\" rel=\"noopener\">la Fenix 8<\/a>.<\/p>\n<p><a href=\"https:\/\/images.frandroid.com\/wp-content\/uploads\/2025\/11\/garmin-fenix-e-1.jpg\" target=\"_blank\" class=\"article-content__figure\" rel=\"noopener\"><img loading=\"lazy\" decoding=\"async\" width=\"1200\" height=\"675\" src=\"https:\/\/www.europesays.com\/fr\/wp-content\/uploads\/2025\/11\/garmin-fenix-e-1-1200x675.jpg\" alt=\"\" class=\"wp-image-2854963 wp-image\"  \/><\/a><\/p>\n<ul class=\"wp-block-list\">\n<li>Une montre robuste avec un bel \u00e9cran AMOLED<\/li>\n<li>De moults capteurs pour assurer un bon suivi\u00a0<\/li>\n<li>Une montre endurante<\/li>\n<\/ul>\n<p>Au lieu de 799,99 euros \u00e0 son lancement, la Garmin Fenix E est aujourd\u2019hui disponible <a href=\"https:\/\/shop.frandroid.com\/2f4wb217\" data-type=\"link\" data-id=\"https:\/\/www.amazon.fr\/dp\/B0DC6ZHZX2?th=1\" target=\"_blank\" rel=\"noreferrer noopener affiliate nofollow\">en promotion \u00e0 532,47 euros<\/a> sur Amazon.<\/p>\n<p>Pour celles et ceux qui souhaitent une machine r\u00e9active et performante sans se ruiner pour jouer \u00e0 vos jeux, ce laptop HP avec RTX 5060 devrait vous plaire. Il est m\u00eame propos\u00e9 \u00e0 moins 900 euros gr\u00e2ce \u00e0 cette offre. <\/p>\n<p><a href=\"https:\/\/images.frandroid.com\/wp-content\/uploads\/2025\/11\/hp-victus-15-fb3012nf-pre-black-friday.jpg\" target=\"_blank\" class=\"article-content__figure\" rel=\"noopener\"><img loading=\"lazy\" decoding=\"async\" width=\"1200\" height=\"675\" src=\"https:\/\/www.europesays.com\/fr\/wp-content\/uploads\/2025\/11\/hp-victus-15-fb3012nf-pre-black-friday-1200x675.jpg\" alt=\"\" class=\"wp-image-2854925 wp-image\"  \/><\/a><\/p>\n<ul class=\"wp-block-list\">\n<li>Un \u00e9cran FHD IPS de 15,6\u2033 avec un 144 Hz<\/li>\n<li>Un CPU AMD Ryzen AI 5 340<\/li>\n<li>Un GPU RTX 5060, 16 Go de RAM, et 512 Go de SSD<\/li>\n<\/ul>\n<p>Au lieu de 1 299,99 euros, le HP Victus 15-fb3012nf est aujourd\u2019hui disponible\u00a0<a href=\"https:\/\/shop.frandroid.com\/j9iz70j3\" target=\"_blank\" rel=\"noreferrer noopener affiliate nofollow\" data-gtm=\"{&quot;event&quot;:&quot;afficlic&quot;,&quot;nom_marchand&quot;:&quot;cdiscount&quot;,&quot;nom_produit&quot;:&quot;inconnu&quot;,&quot;categorie_produit&quot;:&quot;inconnu&quot;,&quot;module_produit&quot;:&quot;editolink&quot;,&quot;position_marchand&quot;:0,&quot;texte&quot;:&quot;en-promotion-a-889-99-euros-sur-cdiscount&quot;,&quot;offer_url&quot;:&quot;https:\/\/shop.frandroid.com\/j9iz70j3&quot;,&quot;zone&quot;:&quot;contenu-page&quot;}\">en promotion \u00e0 889,99 euros sur Cdiscount.<\/a><\/p>\n<p>Pendant le pr\u00e9-Black Friday, le TCL 65T8C sort du lot avec une dalle 4K QLED 144 Hz, des couleurs qui vivent et un son sign\u00e9 Onkyo. Et surtout une belle ristourne de 799 euros \u00e0 549 euros sur Amazon.<\/p>\n<p><a href=\"https:\/\/images.frandroid.com\/wp-content\/uploads\/2025\/11\/tcl-65t8c-black-friday-frandroid.jpg\" target=\"_blank\" class=\"article-content__figure\" rel=\"noopener\"><img loading=\"lazy\" decoding=\"async\" width=\"1200\" height=\"675\" src=\"https:\/\/www.europesays.com\/fr\/wp-content\/uploads\/2025\/11\/tcl-65t8c-black-friday-frandroid-1200x675.jpg\" alt=\"\" class=\"wp-image-2854853 wp-image\"  \/><\/a><\/p>\n<p>Pourquoi choisir le TCL 65T8C ?<\/p>\n<ul class=\"wp-block-list\">\n<li>Une dalle QLED de 65 pouces<\/li>\n<li>Un affichage compatible Dolby Vision, HDR10+ et Filmmaker Mode<\/li>\n<li>Du 144 Hz avec VRR, ALLM et FreeSync pour le gaming<\/li>\n<\/ul>\n<p>Au lieu de 799 euros, le TCL 65T8C est <a href=\"https:\/\/shop.frandroid.com\/yhhqkngg\" target=\"_blank\" rel=\"noreferrer noopener affiliate nofollow\" data-gtm=\"{&quot;event&quot;:&quot;afficlic&quot;,&quot;nom_marchand&quot;:&quot;amazon_fr&quot;,&quot;nom_produit&quot;:&quot;inconnu&quot;,&quot;categorie_produit&quot;:&quot;inconnu&quot;,&quot;module_produit&quot;:&quot;editolink&quot;,&quot;position_marchand&quot;:0,&quot;texte&quot;:&quot;aujourd-hui-disponible-en-promotion-a-549-euros-sur-amazon&quot;,&quot;offer_url&quot;:&quot;https:\/\/shop.frandroid.com\/yhhqkngg&quot;,&quot;zone&quot;:&quot;contenu-page&quot;}\">aujourd\u2019hui disponible en promotion \u00e0 549 euros sur Amazon<\/a>.<\/p>\n<p>La Partybox On-The-Go 2, c\u2019est la toute derni\u00e8re version sortie de l\u2019enceinte de soir\u00e9e mobile de JBL. Avec 100 watts dans le coffre, un micro sans fil et un d\u00e9capsuleur planqu\u00e9 dans la sangle, l\u2019ambiance est d\u00e9j\u00e0 pos\u00e9e. Pour f\u00eater la venue du Black Friday,  elle s\u2019affiche \u00e0 299 euros au lieu de 349 euros chez Darty. <\/p>\n<p><a href=\"https:\/\/images.frandroid.com\/wp-content\/uploads\/2025\/11\/jbl-party-box-on-the-go-2-black-friday-frandroid.jpg\" target=\"_blank\" class=\"article-content__figure\" rel=\"noopener\"><img loading=\"lazy\" decoding=\"async\" width=\"1200\" height=\"675\" src=\"https:\/\/www.europesays.com\/fr\/wp-content\/uploads\/2025\/11\/jbl-party-box-on-the-go-2-black-friday-frandroid-1200x675.jpg\" alt=\"\" class=\"wp-image-2854583 wp-image\"  \/><\/a><\/p>\n<ul class=\"wp-block-list\">\n<li>Une puissance de 100 W dans un gabarit mobile<\/li>\n<li>Un micro sans fil inclus<\/li>\n<li>Des leds synchronis\u00e9es, et une sangle pour le transport avec\u2026 un d\u00e9capsuleur <\/li>\n<\/ul>\n<p>Au lieu de 349 euros, la JBL Partybox On The Go 2 est <a href=\"https:\/\/shop.frandroid.com\/yuhohrmg\" data-type=\"link\" data-id=\"https:\/\/www.darty.com\/nav\/achat\/audio_mp3_mp4\/enceinte_ipod_ipad_iphone_mp3\/enceinte_sono\/jbl_partybox_otg_2.html\" target=\"_blank\" rel=\"noreferrer noopener affiliate nofollow\" data-gtm=\"{&quot;event&quot;:&quot;afficlic&quot;,&quot;nom_marchand&quot;:&quot;darty&quot;,&quot;nom_produit&quot;:&quot;inconnu&quot;,&quot;categorie_produit&quot;:&quot;inconnu&quot;,&quot;module_produit&quot;:&quot;editolink&quot;,&quot;position_marchand&quot;:0,&quot;texte&quot;:&quot;aujourd-hui-disponible-en-promotion-a-299-euros-sur-darty&quot;,&quot;offer_url&quot;:&quot;https:\/\/shop.frandroid.com\/yuhohrmg&quot;,&quot;zone&quot;:&quot;contenu-page&quot;}\">aujourd\u2019hui disponible en promotion \u00e0 299 euros sur Darty<\/a>.<\/p>\n<p>Avec sa batterie de 6 500 mAh, le r\u00e9cent smartphone Honor 400 Smart promet pas moins de 69 heures d\u2019autonomie. Oui, c\u2019est peu courant. Et ce qui est encore plus int\u00e9ressant, c\u2019est qu\u2019on trouve ce mod\u00e8le dans un pack \u00e0 21 % lors du pr\u00e9-Black Friday. <\/p>\n<p><a href=\"https:\/\/images.frandroid.com\/wp-content\/uploads\/2025\/11\/pack-honor-400-smart-pre-black-friday.jpg\" target=\"_blank\" class=\"article-content__figure\" rel=\"noopener\"><img loading=\"lazy\" decoding=\"async\" width=\"1200\" height=\"675\" src=\"https:\/\/www.europesays.com\/fr\/wp-content\/uploads\/2025\/11\/pack-honor-400-smart-pre-black-friday-1200x675.jpg\" alt=\"\" class=\"wp-image-2854733 wp-image\"  \/><\/a><\/p>\n<ul class=\"wp-block-list\">\n<li>Un ch\u00e2ssis tr\u00e8s r\u00e9sistant + IP54<\/li>\n<li>MagicOS 9.0 avec six ans de mises \u00e0 jour<\/li>\n<li>Une autonomie de 69 heures !<\/li>\n<\/ul>\n<p>Affich\u00e9 \u00e0 199,90 euros, le Honor 400 Smart est actuellement pr\u00e9sent dans un pack, avec des \u00e9couteurs Honor Earbuds X7e Active,\u00a0<a href=\"https:\/\/shop.frandroid.com\/n9g08x5a\" target=\"_blank\" rel=\"noreferrer noopener affiliate nofollow\" data-gtm=\"{&quot;event&quot;:&quot;afficlic&quot;,&quot;nom_marchand&quot;:&quot;darty&quot;,&quot;nom_produit&quot;:&quot;inconnu&quot;,&quot;categorie_produit&quot;:&quot;inconnu&quot;,&quot;module_produit&quot;:&quot;editolink&quot;,&quot;position_marchand&quot;:0,&quot;texte&quot;:&quot;a-150-99-euros-chez-darty&quot;,&quot;offer_url&quot;:&quot;https:\/\/shop.frandroid.com\/n9g08x5a&quot;,&quot;zone&quot;:&quot;contenu-page&quot;}\">\u00e0 159,90 euros chez Darty<\/a> et le site de <a href=\"https:\/\/shop.frandroid.com\/gxkxhxck\" target=\"_blank\" rel=\"noreferrer noopener affiliate nofollow\" data-gtm=\"{&quot;event&quot;:&quot;afficlic&quot;,&quot;nom_marchand&quot;:&quot;fnac&quot;,&quot;nom_produit&quot;:&quot;inconnu&quot;,&quot;categorie_produit&quot;:&quot;inconnu&quot;,&quot;module_produit&quot;:&quot;editolink&quot;,&quot;position_marchand&quot;:0,&quot;texte&quot;:&quot;la-fnac&quot;,&quot;offer_url&quot;:&quot;https:\/\/shop.frandroid.com\/gxkxhxck&quot;,&quot;zone&quot;:&quot;contenu-page&quot;}\">la Fnac.<\/a> <\/p>\n<p>Pour son petit prix,\u00a0<a href=\"https:\/\/www.frandroid.com\/marques\/amazfit\/2610669_test-de-lamazfit-bip-6-une-montre-de-sport-efficace-et-vraiment-pas-chere-ca-existe\" target=\"_blank\" rel=\"noopener\">l\u2019Amazfit Bip 6<\/a>\u00a0est une excellente montre de sport que l\u2019on a not\u00e9e 9\/10 dans nos colonnes et\u00a0qui se trouve \u00eatre une bonne alternative pour qui chercherait \u00e0 se lancer avec une premi\u00e8re montre de sport, sans casser sa tirelire. <\/p>\n<p><a href=\"https:\/\/images.frandroid.com\/wp-content\/uploads\/2025\/10\/amazfit-bip-6-pre-black-friday.jpg\" target=\"_blank\" class=\"article-content__figure\" rel=\"noopener\"><img loading=\"lazy\" decoding=\"async\" width=\"1200\" height=\"675\" src=\"https:\/\/www.europesays.com\/fr\/wp-content\/uploads\/2025\/11\/amazfit-bip-6-pre-black-friday-1200x675.jpg\" alt=\"\" class=\"wp-image-2854697 wp-image\"  \/><\/a><\/p>\n<ul class=\"wp-block-list\">\n<li>Un \u00e9cran Amoled de 1,97 pouce<\/li>\n<li>De nombreuses fonctionnalit\u00e9s de sant\u00e9<\/li>\n<li>Une autonomie de deux semaines<\/li>\n<\/ul>\n<p>Lanc\u00e9e \u00e0 79,99 euros, la montre connect\u00e9e Amazfit Bip 6 peut aujourd\u2019hui\u00a0<a href=\"https:\/\/shop.frandroid.com\/4vbs1bse\" target=\"_blank\" rel=\"noreferrer noopener affiliate nofollow\" data-gtm=\"{&quot;event&quot;:&quot;afficlic&quot;,&quot;nom_marchand&quot;:&quot;amazon_fr&quot;,&quot;nom_produit&quot;:&quot;inconnu&quot;,&quot;categorie_produit&quot;:&quot;inconnu&quot;,&quot;module_produit&quot;:&quot;editolink&quot;,&quot;position_marchand&quot;:0,&quot;texte&quot;:&quot;vous-revenir-a-69-99-euros-sur-amazon-lors-du-pre-black-friday&quot;,&quot;offer_url&quot;:&quot;https:\/\/shop.frandroid.com\/4vbs1bse&quot;,&quot;zone&quot;:&quot;contenu-page&quot;}\">vous revenir \u00e0 69,99 euros sur Amazon\u00a0lors du pr\u00e9-Black Friday. <\/a><\/p>\n<p><a href=\"https:\/\/www.frandroid.com\/marques\/nothing\/2521355_test-du-nothing-phone-3a-pro-gros-coup-de-pression-sur-les-champions-du-milieu-de-gamme\" target=\"_blank\" rel=\"noopener\">Le Nothing Phone (3a) Pro<\/a> est un smartphone qui se place dans un excellent rapport qualit\u00e9\/prix. La marque propose toujours un design premium avec une fiche technique comp\u00e9titive. Notamment gr\u00e2ce \u00e0 un appareil photo comportant un zoom p\u00e9riscopique.<\/p>\n<p><a href=\"https:\/\/images.frandroid.com\/wp-content\/uploads\/2025\/11\/nothing-phone-3a-pro-black-friday-2025.jpg\" target=\"_blank\" class=\"article-content__figure\" rel=\"noopener\"><img loading=\"lazy\" decoding=\"async\" width=\"1200\" height=\"675\" src=\"https:\/\/www.europesays.com\/fr\/wp-content\/uploads\/2025\/11\/nothing-phone-3a-pro-black-friday-2025-1200x675.jpg\" alt=\"\" class=\"wp-image-2852917 wp-image\"  \/><\/a><\/p>\n<ul class=\"wp-block-list\">\n<li>Pour son design toujours premium<\/li>\n<li>Son excellent rapport qualit\u00e9\/prix<\/li>\n<li>La qualit\u00e9 de son appareil photo<\/li>\n<\/ul>\n<p>Au lieu de son prix de d\u00e9part affich\u00e9 \u00e0 479 euros, le Nothing Phone (3a) Pro est en promotion. <a href=\"https:\/\/shop.frandroid.com\/5jck2tgq\" data-type=\"link\" data-id=\"https:\/\/shop.frandroid.com\/5jck2tgq\" target=\"_blank\" rel=\"noreferrer noopener affiliate nofollow\">Il est actuellement disponible sur Amazon \u00e0 379 euros<\/a>.<\/p>\n<p>Philips est un des leaders sur les dalles Oled 4K, qui plus est avec le fameux Ambilight (ici sur trois c\u00f4t\u00e9s), qui ajoute une dose bienvenue d\u2019immersion. On notera aussi la barre de son int\u00e9gr\u00e9e sign\u00e9e Bowers &amp; Wilkins 5.1.2, parfait pour profiter du Dolby Atmos. La TV sera aussi parfaitement adapt\u00e9e pour le gaming avec toutes les compatibilit\u00e9s n\u00e9cessaire.<\/p>\n<p><a href=\"https:\/\/images.frandroid.com\/wp-content\/uploads\/2025\/10\/image-102-1.jpg\" target=\"_blank\" class=\"article-content__figure\" rel=\"noopener\"><img loading=\"lazy\" decoding=\"async\" width=\"1200\" height=\"675\" src=\"https:\/\/www.europesays.com\/fr\/wp-content\/uploads\/2025\/11\/image-102-1-1200x675.jpg\" alt=\"\" class=\"wp-image-2854549 wp-image\"  \/><\/a><\/p>\n<ul class=\"wp-block-list\">\n<li>Dalle OLED Meta 2.0 et processeur P5 AI Dual<\/li>\n<\/ul>\n<ul class=\"wp-block-list\">\n<li>Technologie Ambilight XL sur 3 c\u00f4t\u00e9s\u00a0pour l\u2019immersion<\/li>\n<\/ul>\n<ul class=\"wp-block-list\">\n<li>4 ports HDMI, dont 2 ports HDMI 2.1 compatibles 4K 120 Hz<\/li>\n<\/ul>\n<p>Son-video.com n\u2019a pas rigol\u00e9 sur la promotion : la Philips 65OLED959 profite de 50 % de r\u00e9duction et\u00a0<a href=\"https:\/\/shop.frandroid.com\/t23tgi7k\" target=\"_blank\" rel=\"noreferrer noopener affiliate nofollow\" data-gtm=\"{&quot;event&quot;:&quot;afficlic&quot;,&quot;nom_marchand&quot;:&quot;son_video&quot;,&quot;nom_produit&quot;:&quot;inconnu&quot;,&quot;categorie_produit&quot;:&quot;inconnu&quot;,&quot;module_produit&quot;:&quot;editolink&quot;,&quot;position_marchand&quot;:0,&quot;texte&quot;:&quot;tombe-a-1990-euros&quot;,&quot;offer_url&quot;:&quot;https:\/\/shop.frandroid.com\/t23tgi7k&quot;,&quot;zone&quot;:&quot;contenu-page&quot;}\">tombe \u00e0 1990 euros<\/a>\u00a0au lieu de 3999 euros, un record.<\/p>\n<p>La Lenovo Idea Tab Pro est une <a href=\"https:\/\/www.frandroid.com\/guide-dachat\/guide-tablettes\/320702_guide-dachat-tablette-choisir-noel\" target=\"_blank\" rel=\"noopener\">tablette<\/a> Android boost\u00e9e \u00e0 l\u2019IA avec une fiche technique muscl\u00e9e avec un SoC v\u00e9loce, un \u00e9cran fluide et des accessoires la transformant en un v\u00e9ritable laptop. Lors du pr\u00e9-Black Friday on la retrouve avec 45 % de r\u00e9duction.<\/p>\n<p><a href=\"https:\/\/images.frandroid.com\/wp-content\/uploads\/2025\/11\/lenovo-idea-tab-pro-pre-black-friday.jpg\" target=\"_blank\" class=\"article-content__figure\" rel=\"noopener\"><img loading=\"lazy\" decoding=\"async\" width=\"1200\" height=\"675\" src=\"https:\/\/www.europesays.com\/fr\/wp-content\/uploads\/2025\/11\/lenovo-idea-tab-pro-pre-black-friday-1200x675.jpg\" alt=\"\" class=\"wp-image-2853295 wp-image\"  \/><\/a><\/p>\n<ul class=\"wp-block-list\">\n<li>Une dalle 12,7 pouces 3K\u00a0\u00e0 144 Hz<\/li>\n<li>Une puce MediaTek performante<\/li>\n<li>La prise en charge de Google Gemini\u00a0et de la charge rapide<\/li>\n<\/ul>\n<p>La Lenovo Idea Tab Pro (avec stylet et clavier inclus) est disponible <a href=\"https:\/\/shop.frandroid.com\/h4o2q8oi\" target=\"_blank\" rel=\"noreferrer noopener affiliate nofollow\" data-gtm=\"{&quot;event&quot;:&quot;afficlic&quot;,&quot;nom_marchand&quot;:&quot;fnac&quot;,&quot;nom_produit&quot;:&quot;inconnu&quot;,&quot;categorie_produit&quot;:&quot;inconnu&quot;,&quot;module_produit&quot;:&quot;editolink&quot;,&quot;position_marchand&quot;:0,&quot;texte&quot;:&quot;au-prix-de-299-euros-au-lieu-de-549-euros-sur-le-site-de-la-fnac&quot;,&quot;offer_url&quot;:&quot;https:\/\/shop.frandroid.com\/h4o2q8oi&quot;,&quot;zone&quot;:&quot;contenu-page&quot;}\">au prix de 299 euros au lieu de 549 euros sur le site de la Fnac<\/a> et <a href=\"https:\/\/shop.frandroid.com\/v7caadfu\" target=\"_blank\" rel=\"noreferrer noopener affiliate nofollow\" data-gtm=\"{&quot;event&quot;:&quot;afficlic&quot;,&quot;nom_marchand&quot;:&quot;darty&quot;,&quot;nom_produit&quot;:&quot;inconnu&quot;,&quot;categorie_produit&quot;:&quot;inconnu&quot;,&quot;module_produit&quot;:&quot;editolink&quot;,&quot;position_marchand&quot;:0,&quot;texte&quot;:&quot;darty&quot;,&quot;offer_url&quot;:&quot;https:\/\/shop.frandroid.com\/v7caadfu&quot;,&quot;zone&quot;:&quot;contenu-page&quot;}\">Darty<\/a>. <\/p>\n<p>Bambu Lab est une marque bien connue pour ses imprimantes 3D abordable. Le site officiel se lance d\u00e9j\u00e0 dans le pr\u00e9-Black Friday et propose son mod\u00e8le id\u00e9al pour d\u00e9buter, la Bambu Lab A1 Mini, pour 179 euros au lieu de 319 euros \u00e0 son lancement. <\/p>\n<p><a href=\"https:\/\/images.frandroid.com\/wp-content\/uploads\/2025\/06\/bambu-lab-a1-mini-pre-black-friday.jpg\" target=\"_blank\" class=\"article-content__figure\" rel=\"noopener\"><img loading=\"lazy\" decoding=\"async\" width=\"1200\" height=\"675\" src=\"https:\/\/www.europesays.com\/fr\/wp-content\/uploads\/2025\/11\/bambu-lab-a1-mini-pre-black-friday-1200x675.jpg\" alt=\"\" class=\"wp-image-2854141 wp-image\"  \/><\/a><\/p>\n<ul class=\"wp-block-list\">\n<li>Il suffit de la brancher pour qu\u2019elle soit imm\u00e9diatement utilisable<\/li>\n<li>Son format compact permet de l\u2019installer partout<\/li>\n<li>Le logiciel Bambu Studio est pens\u00e9 pour les d\u00e9butants<\/li>\n<\/ul>\n<p>D\u2019abord \u00e0 319 euros, puis r\u00e9duit \u00e0 199 euros, l\u2019imprimante 3D Bambu A1 Mini, dans sa version simple, est <a href=\"https:\/\/shop.frandroid.com\/5bqsxeqz\" target=\"_blank\" rel=\"noreferrer noopener affiliate nofollow\" data-gtm=\"{&quot;event&quot;:&quot;afficlic&quot;,&quot;nom_marchand&quot;:&quot;bambulab&quot;,&quot;nom_produit&quot;:&quot;inconnu&quot;,&quot;categorie_produit&quot;:&quot;inconnu&quot;,&quot;module_produit&quot;:&quot;editolink&quot;,&quot;position_marchand&quot;:0,&quot;texte&quot;:&quot;en-promotion-a-179-euros-au-lieu-de-199-euros&quot;,&quot;offer_url&quot;:&quot;https:\/\/shop.frandroid.com\/5bqsxeqz&quot;,&quot;zone&quot;:&quot;contenu-page&quot;}\">aujourd\u2019hui promotion \u00e0 179 euros<\/a>. Si la version Combo vous int\u00e9resse, elle est aussi en promotion et <a href=\"https:\/\/shop.frandroid.com\/5bqsxeqz\" target=\"_blank\" rel=\"noreferrer noopener affiliate nofollow\" data-gtm=\"{&quot;event&quot;:&quot;afficlic&quot;,&quot;nom_marchand&quot;:&quot;bambulab&quot;,&quot;nom_produit&quot;:&quot;inconnu&quot;,&quot;categorie_produit&quot;:&quot;inconnu&quot;,&quot;module_produit&quot;:&quot;editolink&quot;,&quot;position_marchand&quot;:0,&quot;texte&quot;:&quot;passe-de-349-euros-a-289-euros&quot;,&quot;offer_url&quot;:&quot;https:\/\/shop.frandroid.com\/5bqsxeqz&quot;,&quot;zone&quot;:&quot;contenu-page&quot;}\">passe de 349 euros \u00e0 289 euros<\/a>.<\/p>\n<p>Si les\u00a0<a href=\"https:\/\/www.frandroid.com\/guide-dachat\/smartphones\/332196_10-smartphones-attendus-debut-2016\" target=\"_blank\" rel=\"noopener\">smartphones<\/a>\u00a0sont mieux loti c\u00f4t\u00e9 autonomie, et dont certains sont compatibles avec une bonne puissance de charge, opter pour une batterie externe reste une bonne solution.\u00a0Celle de Samsung d\u2019une capacit\u00e9 de 10 000 mAh passe de 49 euros \u00e0 seulement 9 euros !<\/p>\n<p><a href=\"https:\/\/images.frandroid.com\/wp-content\/uploads\/2025\/11\/batterie-externe-samsung-black-friday-2025.jpg\" target=\"_blank\" class=\"article-content__figure\" rel=\"noopener\"><img loading=\"lazy\" decoding=\"async\" width=\"1200\" height=\"675\" src=\"https:\/\/www.europesays.com\/fr\/wp-content\/uploads\/2025\/11\/batterie-externe-samsung-black-friday-2025-1200x675.jpg\" alt=\"\" class=\"wp-image-2853953 wp-image\"  \/><\/a><\/p>\n<ul class=\"wp-block-list\">\n<li>Compacte, facile \u00e0 transporter<\/li>\n<li>Avec une capacit\u00e9 de 10 000 mAh<\/li>\n<\/ul>\n<ul class=\"wp-block-list\">\n<li>Compatible avec charge rapide 25 W<\/li>\n<\/ul>\n<p>Vendue \u00e0 49,99 euros sur le site de la marque, la batterie externe Samsung 10 000 mAh (25 W) se trouve actuellement \u00e0 29,99 euros sur fnac.com, mais gr\u00e2ce\u00a0\u00e0 <a href=\"https:\/\/static.fnac-static.com\/Multimedia\/editorial\/Digital\/PDF\/2025\/SAMSUNG\/ODR_samsung_accessoires_01_10_31_12_2025.pdf\" target=\"_blank\" rel=\"noreferrer noopener nofollow\">une ODR<\/a> de 20 euros, <a href=\"https:\/\/shop.frandroid.com\/l2viowoc\" target=\"_blank\" rel=\"noreferrer noopener affiliate nofollow\" data-gtm=\"{&quot;event&quot;:&quot;afficlic&quot;,&quot;nom_marchand&quot;:&quot;fnac&quot;,&quot;nom_produit&quot;:&quot;inconnu&quot;,&quot;categorie_produit&quot;:&quot;inconnu&quot;,&quot;module_produit&quot;:&quot;editolink&quot;,&quot;position_marchand&quot;:0,&quot;texte&quot;:&quot;elle-revient-a-9-99-euros-seulement&quot;,&quot;offer_url&quot;:&quot;https:\/\/shop.frandroid.com\/l2viowoc&quot;,&quot;zone&quot;:&quot;contenu-page&quot;}\">elle\u00a0revient \u00e0 9,99 euros seulement.<\/a><\/p>\n<p>Si vous attendiez avec impatience de voir\u00a0<a href=\"https:\/\/www.frandroid.com\/guide-dachat\/689411_guide-meilleurs-pc-portables-gamer\" target=\"_blank\" rel=\"noopener\">un laptop gaming\u00a0<\/a>\u00e9quip\u00e9 des derni\u00e8res RTX de Nvidia, c\u2019est le moment : Darty propose le MSI Vector 16 HX AI avec une RTX 5080 et un Intel Core Ultra 9 avec pr\u00e8s de 25 % de r\u00e9duction.<\/p>\n<p><a href=\"https:\/\/www.europesays.com\/fr\/wp-content\/uploads\/2025\/11\/image-102.jpg\" target=\"_blank\" class=\"article-content__figure\"><img loading=\"lazy\" decoding=\"async\" width=\"768\" height=\"432\" src=\"https:\/\/www.europesays.com\/fr\/wp-content\/uploads\/2025\/11\/image-102.jpg\" alt=\"\" class=\"wp-image-2853973 wp-image\"  \/><\/a><\/p>\n<ul class=\"wp-block-list\">\n<li>Son \u00e9cran de 16 pouces en QHD+ \u00e0 240 Hz<\/li>\n<li>Une config muscl\u00e9e : Intel Core Ultra 9 275HX + 32 Go RAM + 1 To SSD<\/li>\n<li>Sans oublier la pr\u00e9sence de la Nvidia GeForce RTX 5080<\/li>\n<\/ul>\n<p>Lanc\u00e9 au prix de 3 299,99 euros, le MSI Vector 16 HX AI 2XWIG-015FR est actuellement\u00a0<a href=\"https:\/\/shop.frandroid.com\/9rwl40sb\" target=\"_blank\" rel=\"noreferrer noopener affiliate nofollow\" data-gtm=\"{&quot;event&quot;:&quot;afficlic&quot;,&quot;nom_marchand&quot;:&quot;darty&quot;,&quot;nom_produit&quot;:&quot;inconnu&quot;,&quot;categorie_produit&quot;:&quot;inconnu&quot;,&quot;module_produit&quot;:&quot;editolink&quot;,&quot;position_marchand&quot;:0,&quot;texte&quot;:&quot;en-forte-promotion-chez-darty-a-2-499-99-euros&quot;,&quot;offer_url&quot;:&quot;https:\/\/shop.frandroid.com\/9rwl40sb&quot;,&quot;zone&quot;:&quot;contenu-page&quot;}\">en forte promotion chez Darty \u00e0 2 499,99 euros.\u00a0<\/a><\/p>\n<p>La JBL PartyBox Encore Essential 2 est une excellente option pour celles et ceux qui cherchent une sono puissante pour animer de futures soir\u00e9es. <\/p>\n<p><a href=\"https:\/\/images.frandroid.com\/wp-content\/uploads\/2025\/10\/jbl-partybox-encore-essential-2-black-friday-2025.jpg\" target=\"_blank\" class=\"article-content__figure\" rel=\"noopener\"><img loading=\"lazy\" decoding=\"async\" width=\"1200\" height=\"675\" src=\"https:\/\/www.europesays.com\/fr\/wp-content\/uploads\/2025\/10\/jbl-partybox-encore-essential-2-black-friday-2025-1200x675.jpg\" alt=\"\" class=\"wp-image-2849565 wp-image\"  \/><\/a><\/p>\n<ul class=\"wp-block-list\">\n<li>Une sono robuste avec une poign\u00e9e int\u00e9gr\u00e9e pratique <\/li>\n<li>Une puissance de 100 W<\/li>\n<li>Jusqu\u2019\u00e0 15 heures d\u2019autonomie<\/li>\n<\/ul>\n<p>La JBL Partybox Encore Essential 2 est habituellement vendu \u00e0 299 euros, mais en ce moment, on la trouve <a href=\"https:\/\/shop.frandroid.com\/12sxw6pf\" target=\"_blank\" rel=\"noreferrer noopener affiliate nofollow\" data-gtm=\"{&quot;event&quot;:&quot;afficlic&quot;,&quot;nom_marchand&quot;:&quot;boulanger&quot;,&quot;nom_produit&quot;:&quot;inconnu&quot;,&quot;categorie_produit&quot;:&quot;inconnu&quot;,&quot;module_produit&quot;:&quot;editolink&quot;,&quot;position_marchand&quot;:0,&quot;texte&quot;:&quot;en-promotion-a-199-euros-chez-boulanger&quot;,&quot;offer_url&quot;:&quot;https:\/\/shop.frandroid.com\/12sxw6pf&quot;,&quot;zone&quot;:&quot;contenu-page&quot;}\">en promotion \u00e0 199 euros chez Boulanger<\/a>.<\/p>\n<p>Si la taille de votre t\u00e9l\u00e9viseur ne vous suffit pas pour passer un bon moment, vous pouvez passer \u00e0 la taille sup\u00e9rieure en optant pour un vid\u00e9oprojecteur. Pour ne pas faire les choses \u00e0 moiti\u00e9, autant passer \u00e0 la 4K avec le JMGO N1S Infinity qui b\u00e9n\u00e9ficie en plus de <a href=\"https:\/\/shop.frandroid.com\/8sqh14rm\" data-type=\"link\" data-id=\"https:\/\/shop.frandroid.com\/8sqh14rm\" target=\"_blank\" rel=\"noreferrer noopener affiliate nofollow\" data-gtm=\"{&quot;event&quot;:&quot;afficlic&quot;,&quot;nom_marchand&quot;:&quot;fnac&quot;,&quot;nom_produit&quot;:&quot;inconnu&quot;,&quot;categorie_produit&quot;:&quot;inconnu&quot;,&quot;module_produit&quot;:&quot;editolink&quot;,&quot;position_marchand&quot;:0,&quot;texte&quot;:&quot;200-euros-de-reduction&quot;,&quot;offer_url&quot;:&quot;https:\/\/shop.frandroid.com\/tzd3voq7&quot;,&quot;zone&quot;:&quot;contenu-page&quot;}\">200 euros de r\u00e9duction<\/a>.<\/p>\n<p><a href=\"https:\/\/images.frandroid.com\/wp-content\/uploads\/2025\/11\/jmgo-n1s-infinity-4k-pre-black-friday-2025.jpg\" target=\"_blank\" class=\"article-content__figure\" rel=\"noopener\"><img loading=\"lazy\" decoding=\"async\" width=\"1200\" height=\"675\" src=\"https:\/\/www.europesays.com\/fr\/wp-content\/uploads\/2025\/11\/jmgo-n1s-infinity-4k-pre-black-friday-2025-1200x675.jpg\" alt=\"\" class=\"wp-image-2853491 wp-image\"  \/><\/a><\/p>\n<ul class=\"wp-block-list\">\n<li>La technologie Triple Laser 4K<\/li>\n<li>Une luminosit\u00e9 de 2450 lumens<\/li>\n<li>Une bonne sc\u00e8ne audio avec un syst\u00e8me 2 x 20 W<\/li>\n<\/ul>\n<p>Le JMGO N1S Infinity 4K est un bon petit vid\u00e9oprojecteur qu\u2019il est possible <a href=\"https:\/\/shop.frandroid.com\/8sqh14rm\" target=\"_blank\" rel=\"noreferrer noopener affiliate nofollow\" data-gtm=\"{&quot;event&quot;:&quot;afficlic&quot;,&quot;nom_marchand&quot;:&quot;darty&quot;,&quot;nom_produit&quot;:&quot;inconnu&quot;,&quot;categorie_produit&quot;:&quot;inconnu&quot;,&quot;module_produit&quot;:&quot;editolink&quot;,&quot;position_marchand&quot;:0,&quot;texte&quot;:&quot;de-retrouver-chez-darty-pour-1-299-euros&quot;,&quot;offer_url&quot;:&quot;https:\/\/shop.frandroid.com\/8sqh14rm&quot;,&quot;zone&quot;:&quot;contenu-page&quot;}\">de retrouver chez Darty pour 1 299 euros<\/a> alors qu\u2019il co\u00fbte d\u2019habitude 1 499 euros, gr\u00e2ce au pr\u00e9-Black Friday.<\/p>\n<p><a href=\"https:\/\/www.frandroid.com\/marques\/razer\/2353558_test-de-la-razer-wolverine-v3-pro\" data-type=\"link\" data-id=\"https:\/\/www.frandroid.com\/marques\/razer\/2353558_test-de-la-razer-wolverine-v3-pro\" target=\"_blank\" rel=\"noopener\">Test\u00e9e et approuv\u00e9e par nos soins<\/a>, la Razer Wolverine V3 Pro s\u2019adresse aux joueurs intensifs, aux adeptes de l\u2019esport et compagnie. Tant en termes de qualit\u00e9 de fabrication que d\u2019ergonomie et de personnalisation, elle est sup\u00e9rieure aux manettes standard. Son prix est toutefois \u00e9lev\u00e9, mais ce compromis est plus acceptable en cette p\u00e9riode d\u2019avant-premi\u00e8re du Black Friday.<\/p>\n<p><a href=\"https:\/\/images.frandroid.com\/wp-content\/uploads\/2025\/11\/razer-wolverine-v3-pro.jpg\" target=\"_blank\" class=\"article-content__figure\" rel=\"noopener\"><img loading=\"lazy\" decoding=\"async\" width=\"1200\" height=\"675\" src=\"https:\/\/www.europesays.com\/fr\/wp-content\/uploads\/2025\/11\/razer-wolverine-v3-pro-1200x675.jpg\" alt=\"\" class=\"wp-image-2853329 wp-image\"  \/><\/a><\/p>\n<ul class=\"wp-block-list\">\n<li>Conception premium et ergonomie excellente<\/li>\n<li>Joysticks interchangeables<\/li>\n<li>Logiciel simple \u00e0 utiliser<\/li>\n<\/ul>\n<p>Au lieu de 229,99 euros, la Razer Wolverine V3 Pro est aujourd\u2019hui disponible <a href=\"https:\/\/shop.frandroid.com\/yafddysk\" data-type=\"link\" data-id=\"https:\/\/www.fnac.com\/Manette-sans-fil-e-sport-Razer-Wolverine-V3-Pro-8K-Noir-pour-PC\/a21903826\/w-4\" target=\"_blank\" rel=\"noreferrer noopener affiliate nofollow\" data-gtm=\"{&quot;event&quot;:&quot;afficlic&quot;,&quot;nom_marchand&quot;:&quot;fnac&quot;,&quot;nom_produit&quot;:&quot;inconnu&quot;,&quot;categorie_produit&quot;:&quot;inconnu&quot;,&quot;module_produit&quot;:&quot;editolink&quot;,&quot;position_marchand&quot;:0,&quot;texte&quot;:&quot;en-promotion-a-159-99-euros&quot;,&quot;offer_url&quot;:&quot;https:\/\/shop.frandroid.com\/yafddysk&quot;,&quot;zone&quot;:&quot;contenu-page&quot;}\">en promotion \u00e0 159,99 euros<\/a> sur la Fnac.<\/p>\n<p>Le JBL Live 775NC est un casque Bluetooth disponible depuis 2024. On peut le consid\u00e9rer comme une petite \u00e9volution du <a href=\"https:\/\/www.frandroid.com\/produits\/audio-casques-ecouteurs\/jbl\/1784075-jbl-live-770nc\" target=\"_blank\" rel=\"noreferrer noopener\">JBL Live 770NC<\/a>, avec une r\u00e9duction de bruit adaptative True Adaptive Noise Cancelling plus raffin\u00e9e et une meilleure personnalisation sonore. Il int\u00e8gre aussi le Bluetooth 5.3 avec prise en charge future Audio LE.<\/p>\n<p><a href=\"https:\/\/images.frandroid.com\/wp-content\/uploads\/2025\/10\/jbl-live-775-nc-black-friday-2025.jpg\" target=\"_blank\" class=\"article-content__figure\" rel=\"noopener\"><img loading=\"lazy\" decoding=\"async\" width=\"1200\" height=\"675\" src=\"https:\/\/www.europesays.com\/fr\/wp-content\/uploads\/2025\/10\/jbl-live-775-nc-black-friday-2025-1200x675.jpg\" alt=\"\" class=\"wp-image-2849649 wp-image\"  \/><\/a><\/p>\n<ul class=\"wp-block-list\">\n<li>Son autonomie de 65 h, 50 h avec l\u2019ANC activ\u00e9e<\/li>\n<li>La qualit\u00e9 du Bluetooth 5.3 avec connexion multipoint<\/li>\n<li>Il est tr\u00e8s confortable pour de longues sessions d\u2019\u00e9coute<\/li>\n<\/ul>\n<p>Le prix de r\u00e9f\u00e9rence du JBL Live 775NC est de 179,99 euros, mais en ce moment sur Boulanger, vous retrouvez <a href=\"https:\/\/shop.frandroid.com\/ou6vxevd\" target=\"_blank\" rel=\"noreferrer noopener affiliate nofollow\" data-gtm=\"{&quot;event&quot;:&quot;afficlic&quot;,&quot;nom_marchand&quot;:&quot;boulanger&quot;,&quot;nom_produit&quot;:&quot;inconnu&quot;,&quot;categorie_produit&quot;:&quot;inconnu&quot;,&quot;module_produit&quot;:&quot;editolink&quot;,&quot;position_marchand&quot;:0,&quot;texte&quot;:&quot;ce-casque-pour-99-99-euros&quot;,&quot;offer_url&quot;:&quot;https:\/\/shop.frandroid.com\/ou6vxevd&quot;,&quot;zone&quot;:&quot;contenu-page&quot;}\">ce casque pour 99,99 euros<\/a>.<\/p>\n<p>Le Samsung Galaxy A56 est le fer de lance de la derni\u00e8re s\u00e9rie A de la marque cor\u00e9enne. Un smartphone qui ne se veut pas forc\u00e9ment innovant mais qui s\u2019am\u00e9liore sur tous les aspects et dont le prix est nettement plus int\u00e9ressant lors du pr\u00e9-Black Friday.<\/p>\n<p><a href=\"https:\/\/images.frandroid.com\/wp-content\/uploads\/2025\/10\/samsung-galaxy-a56-pre-black-firday.jpg\" target=\"_blank\" class=\"article-content__figure\" rel=\"noopener\"><img loading=\"lazy\" decoding=\"async\" width=\"1200\" height=\"675\" src=\"https:\/\/www.europesays.com\/fr\/wp-content\/uploads\/2025\/11\/samsung-galaxy-a56-pre-black-firday-1200x675.jpg\" alt=\"\" class=\"wp-image-2850093 wp-image\"  \/><\/a><\/p>\n<ul class=\"wp-block-list\">\n<li>Une bonne int\u00e9gration de One UI 7 et 6 ans de MAJ<\/li>\n<li>Un processeur solide avec un NPU puissant<\/li>\n<li>Une autonomie qui d\u00e9passe la journ\u00e9e sans chargeur<\/li>\n<\/ul>\n<p>Lanc\u00e9 \u00e0 499 euros, le Samsung Galaxy A56 est aujourd\u2019hui <a href=\"https:\/\/shop.frandroid.com\/2s7rrlkm\" target=\"_blank\" rel=\"noreferrer noopener affiliate nofollow\">propos\u00e9 \u00e0 304 euros sur le site Cdiscount.<\/a><\/p>\n<p>Si vous avez un PC fixe plut\u00f4t costaud et le budget qui va avec, PC Componentes propose une carte graphique haut de gamme \u00e0 un prix int\u00e9ressant. Il s\u2019agit de la GeForce RTX 5080 version PNY, avec triple ventilateur, 16 Go de RAM GDDR7 d\u00e9di\u00e9 : le top pour jouer et cr\u00e9er, notamment de la 3D. <\/p>\n<p><a href=\"https:\/\/images.frandroid.com\/wp-content\/uploads\/2025\/11\/pny-geforce-rtx-5080-triple-fan-16gb-gddr7-reflex-2-rtx-ai-dlss4-pre-black-friday-2025.jpg\" target=\"_blank\" class=\"article-content__figure\" rel=\"noopener\"><img loading=\"lazy\" decoding=\"async\" width=\"1200\" height=\"675\" src=\"https:\/\/www.europesays.com\/fr\/wp-content\/uploads\/2025\/11\/pny-geforce-rtx-5080-triple-fan-16gb-gddr7-reflex-2-rtx-ai-dlss4-pre-black-friday-2025-1200x675.jpg\" alt=\"\" class=\"wp-image-2853175 wp-image\"  \/><\/a><\/p>\n<ul class=\"wp-block-list\">\n<li>Compatible jusqu\u2019\u00e0 4 \u00e9crans en 8K et VR Ready<\/li>\n<li>Le triple ventilateur assure un refroidissement optimal<\/li>\n<li>Top pour l\u2019IA, la 3D et le ray-tracing<\/li>\n<\/ul>\n<p>Nvidia a lanc\u00e9 sa RTX 5080 en \u00e9dition Founder \u00e0 1 170 euros, mais ce mod\u00e8le pr\u00e9cis du constructeur PNY <a href=\"https:\/\/shop.frandroid.com\/jujivhsr\" target=\"_blank\" rel=\"noreferrer noopener affiliate nofollow\" data-gtm=\"{&quot;event&quot;:&quot;afficlic&quot;,&quot;nom_marchand&quot;:&quot;pc_componentes&quot;,&quot;nom_produit&quot;:&quot;inconnu&quot;,&quot;categorie_produit&quot;:&quot;inconnu&quot;,&quot;module_produit&quot;:&quot;editolink&quot;,&quot;position_marchand&quot;:0,&quot;texte&quot;:&quot;passe-a-1-049-euros-chez-pc-componentes&quot;,&quot;offer_url&quot;:&quot;https:\/\/shop.frandroid.com\/jujivhsr&quot;,&quot;zone&quot;:&quot;contenu-page&quot;}\">passe \u00e0 1 049 euros chez PC Componentes<\/a>. <\/p>\n<p>Avec ses moniteurs Odyssey, Samsung a su s\u00e9duire les gamers : des \u00e9crans de taille vari\u00e9e, avec une courbe plus ou moins prononc\u00e9e et toujours des atouts pour am\u00e9liorer l\u2019image et la fluidit\u00e9. C\u2019est ce qui vous attend avec ce G9 G91SF, un mod\u00e8le incurv\u00e9 de 49 pouces qui peut afficher 144 images par seconde et que vous retrouvez <a href=\"https:\/\/shop.frandroid.com\/98n6p640\" target=\"_blank\" rel=\"noreferrer noopener affiliate nofollow\" data-gtm=\"{&quot;event&quot;:&quot;afficlic&quot;,&quot;nom_marchand&quot;:&quot;darty&quot;,&quot;nom_produit&quot;:&quot;inconnu&quot;,&quot;categorie_produit&quot;:&quot;inconnu&quot;,&quot;module_produit&quot;:&quot;editolink&quot;,&quot;position_marchand&quot;:0,&quot;texte&quot;:&quot;avec-200-euros-de-reduction-aujourd-hui&quot;,&quot;offer_url&quot;:&quot;https:\/\/shop.frandroid.com\/98n6p640&quot;,&quot;zone&quot;:&quot;contenu-page&quot;}\">avec 200 euros de r\u00e9duction aujourd\u2019hui<\/a>.<\/p>\n<p><a href=\"https:\/\/images.frandroid.com\/wp-content\/uploads\/2025\/11\/samsung-odyssey-g9-g91f-pre-black-friday-2025.jpg\" target=\"_blank\" class=\"article-content__figure\" rel=\"noopener\"><img loading=\"lazy\" decoding=\"async\" width=\"1200\" height=\"675\" src=\"https:\/\/www.europesays.com\/fr\/wp-content\/uploads\/2025\/11\/1762592944_366_samsung-odyssey-g9-g91f-pre-black-friday-2025-1200x675.jpg\" alt=\"\" class=\"wp-image-2852831 wp-image\"  \/><\/a><\/p>\n<ul class=\"wp-block-list\">\n<li>Une image \u00e0 144 Hz avec compatibilit\u00e9 FreeSync Premium Pro<\/li>\n<li>Une taille g\u00e9n\u00e9reuse de 49 pouces qui affiche de la QHD<\/li>\n<li>Une seule milliseconde de latence, le paradis du gaming<\/li>\n<\/ul>\n<p>Alors qu\u2019il est habituellement affich\u00e9 \u00e0 799,99 euros, le Samsung G9 G91SF se laisse approcher tel un Pok\u00e9mon sauvage <a href=\"https:\/\/shop.frandroid.com\/98n6p640\" target=\"_blank\" rel=\"noreferrer noopener affiliate nofollow\" data-gtm=\"{&quot;event&quot;:&quot;afficlic&quot;,&quot;nom_marchand&quot;:&quot;darty&quot;,&quot;nom_produit&quot;:&quot;inconnu&quot;,&quot;categorie_produit&quot;:&quot;inconnu&quot;,&quot;module_produit&quot;:&quot;editolink&quot;,&quot;position_marchand&quot;:0,&quot;texte&quot;:&quot;a-599-99-euros-sur-darty&quot;,&quot;offer_url&quot;:&quot;https:\/\/shop.frandroid.com\/98n6p640&quot;,&quot;zone&quot;:&quot;contenu-page&quot;}\">\u00e0 599,99 euros sur Darty<\/a>, soit 25 % de moins avant le Black Friday.<\/p>\n<p>Si vous souhaitez renouveler vos \u00e9couteurs, ou \u00eates simplement r\u00e9ticent au format intra, les AirPods 4 pourraient bien vous plaire. D\u2019ailleurs, le mod\u00e8le sans ANC est en ce moment la r\u00e9f\u00e9rence la plus abordable pour des \u00e9couteurs de la marque \u00e0 la Pomme.\u00a0Ils chutent aujourd\u2019hui \u00e0 moins de 120 euros.<\/p>\n<p><a href=\"https:\/\/images.frandroid.com\/wp-content\/uploads\/2025\/10\/apple-airpods-4-pre-black-firday.jpg\" target=\"_blank\" class=\"article-content__figure\" rel=\"noopener\"><img loading=\"lazy\" decoding=\"async\" width=\"1200\" height=\"675\" src=\"https:\/\/www.europesays.com\/fr\/wp-content\/uploads\/2025\/11\/1762592947_898_apple-airpods-4-pre-black-firday-1200x675.jpg\" alt=\"\" class=\"wp-image-2850117 wp-image\"  \/><\/a><\/p>\n<ul class=\"wp-block-list\">\n<li>Un bo\u00eetier compact et des \u00e9couteurs confortables<\/li>\n<li>L\u2019audio spatial avec suivi dynamique des mouvements de la t\u00eate<\/li>\n<li>La d\u00e9tection des conversations<\/li>\n<\/ul>\n<p>Les AirPods 4 d\u2019Apple, sans r\u00e9duction de bruit, sont vendus \u00e0 149 euros, mais\u00a0lors du pr\u00e9-Black Friday, on les retrouve <a href=\"https:\/\/shop.frandroid.com\/s5x9y2o6\" target=\"_blank\" rel=\"noreferrer noopener affiliate nofollow\" data-gtm=\"{&quot;event&quot;:&quot;afficlic&quot;,&quot;nom_marchand&quot;:&quot;cdiscount&quot;,&quot;nom_produit&quot;:&quot;inconnu&quot;,&quot;categorie_produit&quot;:&quot;inconnu&quot;,&quot;module_produit&quot;:&quot;editolink&quot;,&quot;position_marchand&quot;:0,&quot;texte&quot;:&quot;en-promotion-a-119-euros-sur-cdiscount&quot;,&quot;offer_url&quot;:&quot;https:\/\/shop.frandroid.com\/s5x9y2o6&quot;,&quot;zone&quot;:&quot;contenu-page&quot;}\">en promotion \u00e0 119 euros sur Cdiscount<\/a>. Amazon s\u2019est align\u00e9 et propose lui aussi les <a href=\"https:\/\/shop.frandroid.com\/e4b71zbx\" target=\"_blank\" rel=\"noreferrer noopener affiliate nofollow\">AirPods 4 au m\u00eame prix<\/a>. <\/p>\n<p>En introduisant son nouveau\u00a0<a href=\"https:\/\/www.frandroid.com\/marques\/samsung\/2758797_samsung-pris-de-court-voici-plein-dimages-du-galaxy-s25-fe\" target=\"_blank\" rel=\"noopener\">Galaxy S25 FE<\/a>, Samsung rend cette \u00ab Fan Edition \u00bb encore plus proche des mod\u00e8les premium. Il poss\u00e8de un design similaire au S25+, ajoute les 7 ans de mises \u00e0 jour et l\u2019int\u00e9gralit\u00e9 des fonctions Galaxy AI.<\/p>\n<p><a href=\"https:\/\/images.frandroid.com\/wp-content\/uploads\/2025\/10\/samsung-galaxy-s25-fe-black-friday-2025.jpg\" target=\"_blank\" class=\"article-content__figure\" rel=\"noopener\"><img loading=\"lazy\" decoding=\"async\" width=\"1200\" height=\"675\" src=\"https:\/\/www.europesays.com\/fr\/wp-content\/uploads\/2025\/11\/1762592953_633_samsung-galaxy-s25-fe-black-friday-2025-1200x675.jpg\" alt=\"\" class=\"wp-image-2849783 wp-image\"  \/><\/a><\/p>\n<ul class=\"wp-block-list\">\n<li>Un design quasiment identique au S25+ <\/li>\n<li>Bonnes performances\u00a0<\/li>\n<li>7 ans de mises \u00e0 jours + OneUI 8 et l\u2019int\u00e9gralit\u00e9 des fonctions Galaxy AI<\/li>\n<\/ul>\n<p>Disponible \u00e0 sa sortie \u00e0 749 euros dans sa version 8 + 128 Go, le Samsung Galaxy S25 FE <a href=\"https:\/\/shop.frandroid.com\/qy1hw3ce\" data-type=\"link\" data-id=\"https:\/\/www.boulanger.com\/ref\/1231556\" target=\"_blank\" rel=\"noreferrer noopener affiliate nofollow\" data-gtm=\"{&quot;event&quot;:&quot;afficlic&quot;,&quot;nom_marchand&quot;:&quot;boulanger&quot;,&quot;nom_produit&quot;:&quot;inconnu&quot;,&quot;categorie_produit&quot;:&quot;inconnu&quot;,&quot;module_produit&quot;:&quot;editolink&quot;,&quot;position_marchand&quot;:0,&quot;texte&quot;:&quot;revient-a-599-euros-chez-boulanger&quot;,&quot;offer_url&quot;:&quot;https:\/\/shop.frandroid.com\/qy1hw3ce&quot;,&quot;zone&quot;:&quot;contenu-page&quot;}\">revient \u00e0 599 euros chez Boulanger<\/a>, dans sa version Entreprise Edition.<\/p>\n<p>Tout le monde n\u2019a ni la place, ni les comp\u00e9tences n\u00e9cessaires pour manipuler un t\u00e9lescope classique. Les novices de l\u2019observation des \u00e9toiles peuvent heureusement se tourner vers des mod\u00e8les connect\u00e9s, capables d\u2019offrir rapidement des images \u00e9poustouflantes, y compris en pleine ville. C\u2019est par exemple le cas de l\u2019Odyssey Pro, un t\u00e9lescope connect\u00e9 ultra-compact con\u00e7u par la jeune entreprise marseillaise Unistellar et qui est aujourd\u2019hui en promotion. <\/p>\n<p><a href=\"https:\/\/images.frandroid.com\/wp-content\/uploads\/2025\/11\/unistellar-odyssey-pro-black-friday-2025.jpg\" target=\"_blank\" class=\"article-content__figure\" rel=\"noopener\"><img loading=\"lazy\" decoding=\"async\" width=\"1200\" height=\"675\" src=\"https:\/\/www.europesays.com\/fr\/wp-content\/uploads\/2025\/11\/1762592955_660_unistellar-odyssey-pro-black-friday-2025-1200x675.jpg\" alt=\"\" class=\"wp-image-2852569 wp-image\"  \/><\/a><\/p>\n<ul class=\"wp-block-list\">\n<li>C\u2019est un t\u00e9lescope connect\u00e9 tr\u00e8s compact (4 kg)<\/li>\n<li>Avec un oculaire pour observer les astres en temps r\u00e9el<\/li>\n<li>Et une base de donn\u00e9es de 5 000 objets c\u00e9lestes<\/li>\n<\/ul>\n<p>Auparavant affich\u00e9 \u00e0 3 999 euros, l\u2019Unistellar Odyssey Pro est aujourd\u2019hui <a href=\"https:\/\/shop.frandroid.com\/6lia57we\" target=\"_blank\" rel=\"noreferrer noopener affiliate nofollow\" data-gtm=\"{&quot;event&quot;:&quot;afficlic&quot;,&quot;nom_marchand&quot;:&quot;unistellar&quot;,&quot;nom_produit&quot;:&quot;inconnu&quot;,&quot;categorie_produit&quot;:&quot;inconnu&quot;,&quot;module_produit&quot;:&quot;editolink&quot;,&quot;position_marchand&quot;:0,&quot;texte&quot;:&quot;disponible-en-promotion-a-3-199-euros-sur-le-site-officiel-d-unistellar&quot;,&quot;offer_url&quot;:&quot;https:\/\/shop.frandroid.com\/6lia57we&quot;,&quot;zone&quot;:&quot;contenu-page&quot;}\">disponible en promotion \u00e0 3 199 euros sur le site officiel d\u2019Unistellar<\/a>. La version classique sans oculaire est quant \u00e0 elle <a href=\"https:\/\/shop.frandroid.com\/qtw9sk0w\" target=\"_blank\" rel=\"noreferrer noopener affiliate nofollow\" data-gtm=\"{&quot;event&quot;:&quot;afficlic&quot;,&quot;nom_marchand&quot;:&quot;unistellar&quot;,&quot;nom_produit&quot;:&quot;inconnu&quot;,&quot;categorie_produit&quot;:&quot;inconnu&quot;,&quot;module_produit&quot;:&quot;editolink&quot;,&quot;position_marchand&quot;:0,&quot;texte&quot;:&quot;proposee-a-1-839-euros-au-lieu-de-2-299-euros&quot;,&quot;offer_url&quot;:&quot;https:\/\/shop.frandroid.com\/qtw9sk0w&quot;,&quot;zone&quot;:&quot;contenu-page&quot;}\">propos\u00e9e \u00e0 1 839 euros au lieu de 2 299 euros<\/a>.<\/p>\n<p>Oui, le <a href=\"https:\/\/www.frandroid.com\/marques\/apple\/842094_test-macbook-air-m1-arm\" target=\"_blank\" rel=\"noopener\">MacBook Air M1<\/a> est sorti en 2020. Mais m\u00eame s\u2019il a depuis \u00e9t\u00e9 remplac\u00e9 par plusieurs g\u00e9n\u00e9rations de laptop, cet ancien PC portable d\u2019Apple reste tout de m\u00eame recommandable. En ce moment, il est affich\u00e9 \u00e0 549 euros en reconditionn\u00e9, au lieu de 799 euros.<\/p>\n<p><a href=\"https:\/\/images.frandroid.com\/wp-content\/uploads\/2025\/10\/macbook-air-m1-pre-black-firday.jpg\" target=\"_blank\" class=\"article-content__figure\" rel=\"noopener\"><img loading=\"lazy\" decoding=\"async\" width=\"1200\" height=\"675\" src=\"https:\/\/www.europesays.com\/fr\/wp-content\/uploads\/2025\/11\/1762592958_728_macbook-air-m1-pre-black-firday-1200x675.jpg\" alt=\"\" class=\"wp-image-2849923 wp-image\"  \/><\/a><\/p>\n<ul class=\"wp-block-list\">\n<li>La puce M1 fait la diff\u00e9rence avec les g\u00e9n\u00e9rations pr\u00e9c\u00e9dentes<\/li>\n<li>Il tourne dans un silence absolu<\/li>\n<li>Il est particuli\u00e8rement compact et relativement l\u00e9ger<\/li>\n<\/ul>\n<p>Pour le Black Friday, la Fnac lance une belle offre pour le MacBook Air M1 en reconditionn\u00e9 grade A : <a href=\"https:\/\/shop.frandroid.com\/kn6zf9l9\" target=\"_blank\" rel=\"noreferrer noopener affiliate nofollow\" data-gtm=\"{&quot;event&quot;:&quot;afficlic&quot;,&quot;nom_marchand&quot;:&quot;darty&quot;,&quot;nom_produit&quot;:&quot;inconnu&quot;,&quot;categorie_produit&quot;:&quot;inconnu&quot;,&quot;module_produit&quot;:&quot;editolink&quot;,&quot;position_marchand&quot;:0,&quot;texte&quot;:&quot;549-euros-contre-799-euros-de-base&quot;,&quot;offer_url&quot;:&quot;https:\/\/shop.frandroid.com\/kn6zf9l9&quot;,&quot;zone&quot;:&quot;contenu-page&quot;}\">549 euros contre 799 euros de base.<\/a><\/p>\n<p>Le Lenovo LOQ 15IRX10 est un <a href=\"https:\/\/www.frandroid.com\/guide-dachat\/689411_guide-meilleurs-pc-portables-gamer\" target=\"_blank\" rel=\"noopener\">laptop gamer<\/a> taill\u00e9 pour la performance\u00a0avec son GPU RTX 5070, son processeur Intel Core i7 de 13e gen et son grand \u00e9cran rafra\u00eechi \u00e0 165 Hz. Bonne nouvelle ce dernier voit son prix s\u2019adoucir \u00e0 l\u2019occasion du pr\u00e9-Black Friday.<\/p>\n<p><a href=\"https:\/\/images.frandroid.com\/wp-content\/uploads\/2025\/11\/lenovo-legion-5-15irx10-pre-black-friday.jpg\" target=\"_blank\" class=\"article-content__figure\" rel=\"noopener\"><img loading=\"lazy\" decoding=\"async\" width=\"1200\" height=\"675\" src=\"https:\/\/www.europesays.com\/fr\/wp-content\/uploads\/2025\/11\/1762592961_795_lenovo-legion-5-15irx10-pre-black-friday-1200x675.jpg\" alt=\"\" class=\"wp-image-2852489 wp-image\"  \/><\/a><\/p>\n<ul class=\"wp-block-list\">\n<li>Une dalle Full HD IPS de 15,3 pouces + 165 Hz<\/li>\n<li>Un Intel Core i7 de 13e gen \u00e9paul\u00e9 par 32 Go de RAM<\/li>\n<li>Une RTX 5070 pour jouer en 1440p<\/li>\n<\/ul>\n<p>Avec un prix barr\u00e9 \u00e0 1 299,99 euros, le Lenovo Legion 5 15IX10 est actuellement <a href=\"https:\/\/shop.frandroid.com\/7wiyv9j7\" target=\"_blank\" rel=\"noreferrer noopener affiliate nofollow\" data-gtm=\"{&quot;event&quot;:&quot;afficlic&quot;,&quot;nom_marchand&quot;:&quot;cdiscount&quot;,&quot;nom_produit&quot;:&quot;inconnu&quot;,&quot;categorie_produit&quot;:&quot;inconnu&quot;,&quot;module_produit&quot;:&quot;editolink&quot;,&quot;position_marchand&quot;:0,&quot;texte&quot;:&quot;en-promotion-a-1-199-99-euros-sur-cdiscount&quot;,&quot;offer_url&quot;:&quot;https:\/\/shop.frandroid.com\/7wiyv9j7&quot;,&quot;zone&quot;:&quot;contenu-page&quot;}\">en promotion \u00e0 1 199,99 euros sur Cdiscount. <\/a><\/p>\n<p>Le MacBook Air <a href=\"https:\/\/www.frandroid.com\/produits\/pc-portables\/apple\/1357363-apple-macbook-air-2022-m2\" target=\"_blank\" rel=\"noopener\">dans sa version M2<\/a> a \u00e9t\u00e9 remplac\u00e9 depuis, mais l\u2019ancien processeur en a encore dans le ch\u00e2ssis pour plusieurs ann\u00e9es. Et si vous souhaitez un bon laptop pour la rentr\u00e9e ce dernier fera tr\u00e8s bien l\u2019affaire, surtout maintenant qu\u2019il co\u00fbte moins de 800 euros.<\/p>\n<p><a href=\"https:\/\/images.frandroid.com\/wp-content\/uploads\/2025\/10\/apple-macbook-air-13-m2.jpg\" target=\"_blank\" class=\"article-content__figure\" rel=\"noopener\"><img loading=\"lazy\" decoding=\"async\" width=\"1200\" height=\"675\" src=\"https:\/\/www.europesays.com\/fr\/wp-content\/uploads\/2025\/11\/1762592963_904_apple-macbook-air-13-m2-1200x675.jpg\" alt=\"\" class=\"wp-image-2850541 wp-image\"  \/><\/a><\/p>\n<ul class=\"wp-block-list\">\n<li>Sa dalle Liquid Retina 13,6 pouces<\/li>\n<li>Sa puce M2, toujours aussi v\u00e9loce<\/li>\n<li>16 Go de RAM &amp; 256 Go en SSD<\/li>\n<\/ul>\n<p>Au lieu de 1 199 euros au lancement, le MacBook Air M2 est aujourd\u2019hui disponible\u00a0<a href=\"https:\/\/shop.frandroid.com\/tgvqurx2\" data-type=\"link\" data-id=\"https:\/\/shop.frandroid.com\/tgvqurx2\" target=\"_blank\" rel=\"noreferrer noopener affiliate nofollow\" data-gtm=\"{&quot;event&quot;:&quot;afficlic&quot;,&quot;nom_marchand&quot;:&quot;boulanger&quot;,&quot;nom_produit&quot;:&quot;inconnu&quot;,&quot;categorie_produit&quot;:&quot;inconnu&quot;,&quot;module_produit&quot;:&quot;editolink&quot;,&quot;position_marchand&quot;:0,&quot;texte&quot;:&quot;en-promotion-a-773-euros-chez-cdiscount&quot;,&quot;offer_url&quot;:&quot;https:\/\/shop.frandroid.com\/y3gc8w2g&quot;,&quot;zone&quot;:&quot;contenu-page&quot;}\">en promotion \u00e0 773 euros chez Cdiscount<\/a> avec le code promo <strong>POMME25<\/strong>.<\/p>\n<p>Si vous \u00eates \u00e0 la recherche d\u2019un <a href=\"https:\/\/www.frandroid.com\/guide-dachat\/1978676_quels-sont-les-meilleurs-videoprojecteurs-pas-chers-en-2024\" target=\"_blank\" rel=\"noopener\">vid\u00e9oprojecteur<\/a> \u00e0 emmener partout avec soi et avec une bonne qualit\u00e9 d\u2019image, le JMGO PicoPlay+ est un bon choix\u00a0gr\u00e2ce \u00e0 sa batterie int\u00e9gr\u00e9e.<\/p>\n<p><a href=\"https:\/\/images.frandroid.com\/wp-content\/uploads\/2025\/10\/jmgo-picoplay-pre-black-firday.jpg\" target=\"_blank\" class=\"article-content__figure\" rel=\"noopener\"><img loading=\"lazy\" decoding=\"async\" width=\"1200\" height=\"675\" src=\"https:\/\/www.europesays.com\/fr\/wp-content\/uploads\/2025\/11\/1762592967_585_jmgo-picoplay-pre-black-firday-1200x675.jpg\" alt=\"\" class=\"wp-image-2849939 wp-image\"  \/><\/a><\/p>\n<ul class=\"wp-block-list\">\n<li>Un picoprojecteur de 720 g<\/li>\n<li>Des images projet\u00e9es en Full HD jusqu\u2019\u00e0 200 pouces<\/li>\n<li>Google TV int\u00e9gr\u00e9<\/li>\n<\/ul>\n<p>Propos\u00e9 au d\u00e9part \u00e0 449 euros, le vid\u00e9oprojecteur JMGO PicoPlay+ se n\u00e9gocie en ce moment <a href=\"https:\/\/shop.frandroid.com\/v2ic5n89\" target=\"_blank\" rel=\"noreferrer noopener affiliate nofollow\" data-gtm=\"{&quot;event&quot;:&quot;afficlic&quot;,&quot;nom_marchand&quot;:&quot;darty&quot;,&quot;nom_produit&quot;:&quot;inconnu&quot;,&quot;categorie_produit&quot;:&quot;inconnu&quot;,&quot;module_produit&quot;:&quot;editolink&quot;,&quot;position_marchand&quot;:0,&quot;texte&quot;:&quot;en-promotion-a-389-euros-sur-le-site-darty&quot;,&quot;offer_url&quot;:&quot;https:\/\/shop.frandroid.com\/v2ic5n89&quot;,&quot;zone&quot;:&quot;contenu-page&quot;}\">en promotion \u00e0 389 euros sur le site Darty.<\/a><\/p>\n<p>Avec cet ordinateur MSICrosshair 16 HX AI, vous avez de quoi faire tourner vos jeux avec tous les taquets au max dans les options graphiques. Cet <a href=\"https:\/\/www.frandroid.com\/guide-dachat\/689411_guide-meilleurs-pc-portables-gamer\" target=\"_blank\" rel=\"noopener\">ordinateur portable de jeu<\/a> extr\u00eamement puissant co\u00fbte aujourd\u2019hui 700 euros de moins.<\/p>\n<p><a href=\"https:\/\/images.frandroid.com\/wp-content\/uploads\/2025\/10\/msi-crosshair-16-hx-ai-pre-black-firday.jpg\" target=\"_blank\" class=\"article-content__figure\" rel=\"noopener\"><img loading=\"lazy\" decoding=\"async\" width=\"1200\" height=\"675\" src=\"https:\/\/www.europesays.com\/fr\/wp-content\/uploads\/2025\/11\/1762592970_227_msi-crosshair-16-hx-ai-pre-black-firday-1200x675.jpg\" alt=\"\" class=\"wp-image-2850005 wp-image\"  \/><\/a><\/p>\n<ul class=\"wp-block-list\">\n<li>Son \u00e9cran 16\u2033 QHD+ rafra\u00eechi \u00e0 240 Hz<\/li>\n<li>Le combo Intel Core Ultra 7 255HX, 16 Go de RAM, coupl\u00e9s \u00e0 un GPU RTX 5070<\/li>\n<li>Un clavier RGB 24 zones, touches Copilot, audio Hi-Res Nahimic<\/li>\n<\/ul>\n<p>Au lieu de 1 999,99 euros, le MSI Crosshair 16 HX est\u00a0aujourd\u2019hui disponible <a href=\"https:\/\/shop.frandroid.com\/8v21aadq\" target=\"_blank\" rel=\"noreferrer noopener affiliate nofollow\" data-gtm=\"{&quot;event&quot;:&quot;afficlic&quot;,&quot;nom_marchand&quot;:&quot;darty&quot;,&quot;nom_produit&quot;:&quot;inconnu&quot;,&quot;categorie_produit&quot;:&quot;inconnu&quot;,&quot;module_produit&quot;:&quot;editolink&quot;,&quot;position_marchand&quot;:0,&quot;texte&quot;:&quot;en-promotion-a-1-299-99-euros-sur-le-site-darty&quot;,&quot;offer_url&quot;:&quot;https:\/\/shop.frandroid.com\/8v21aadq&quot;,&quot;zone&quot;:&quot;contenu-page&quot;}\">en promotion \u00e0 1 299,99 euros sur le site Darty<\/a>. <\/p>\n<p>La Honor Pad X8a est une <a href=\"https:\/\/www.frandroid.com\/guide-dachat\/guide-tablettes\/320702_guide-dachat-tablette-choisir-noel\" target=\"_blank\" rel=\"noopener\">tablette<\/a> tactile familiale d\u2019entr\u00e9e de gamme qui a plus d\u2019un atout. Grand \u00e9cran qui peut se diviser en quatre, IA int\u00e9gr\u00e9e, bonne autonomie\u2026<\/p>\n<p><a href=\"https:\/\/images.frandroid.com\/wp-content\/uploads\/2025\/10\/honor-pad-x8a-black-friday-2025.jpg\" target=\"_blank\" class=\"article-content__figure\" rel=\"noopener\"><img loading=\"lazy\" decoding=\"async\" width=\"1200\" height=\"675\" src=\"https:\/\/www.europesays.com\/fr\/wp-content\/uploads\/2025\/11\/1762592978_37_honor-pad-x8a-black-friday-2025-1200x675.jpg\" alt=\"\" class=\"wp-image-2849713 wp-image\"  \/><\/a><\/p>\n<ul class=\"wp-block-list\">\n<li>Une dalle Full HD+ de 11 pouces rafra\u00eechie \u00e0 90 Hz<\/li>\n<li>Une tablette sous MagicOS 8.0 (Android 14)<\/li>\n<li>Une autonomie de 14 heures (lecture vid\u00e9o)<\/li>\n<\/ul>\n<p>Initialement propos\u00e9 \u00e0 199,45 euros, la Honor Pad X8a est aujourd\u2019hui disponible <a href=\"https:\/\/shop.frandroid.com\/mrba05n8\" data-type=\"link\" data-id=\"https:\/\/www.boulanger.com\/ref\/1230959\" target=\"_blank\" rel=\"noreferrer noopener affiliate nofollow\" data-gtm=\"{&quot;event&quot;:&quot;afficlic&quot;,&quot;nom_marchand&quot;:&quot;boulanger&quot;,&quot;nom_produit&quot;:&quot;inconnu&quot;,&quot;categorie_produit&quot;:&quot;inconnu&quot;,&quot;module_produit&quot;:&quot;editolink&quot;,&quot;position_marchand&quot;:0,&quot;texte&quot;:&quot;en-promotion-a-129-99-euros-chez-boulanger&quot;,&quot;offer_url&quot;:&quot;https:\/\/shop.frandroid.com\/mrba05n8&quot;,&quot;zone&quot;:&quot;contenu-page&quot;}\">en promotion \u00e0 129,99 euros chez Boulanger<\/a>.<\/p>\n<p>Le Google Pixel 9a, le plus accessible de la bande, s\u2019offre une vir\u00e9e en duo avec la JBL Go 3. Un pack calibr\u00e9 pour bouger, streamer, et \u00e9couter partout sans se ruiner.<\/p>\n<p><a href=\"https:\/\/images.frandroid.com\/wp-content\/uploads\/2025\/10\/google-pixel-9a-jbl-go-3-black-friday-frandroid.jpg\" target=\"_blank\" class=\"article-content__figure\" rel=\"noopener\"><img loading=\"lazy\" decoding=\"async\" width=\"1200\" height=\"675\" src=\"https:\/\/www.europesays.com\/fr\/wp-content\/uploads\/2025\/11\/1762592980_192_google-pixel-9a-jbl-go-3-black-friday-frandroid-1200x675.jpg\" alt=\"\" class=\"wp-image-2849317 wp-image\"  \/><\/a><\/p>\n<ul class=\"wp-block-list\">\n<li>Un smartphone endurant, avec 7 ans de mise \u00e0 jour<\/li>\n<li>Un Pixel abordable, et bon en photo<\/li>\n<li>Une enceinte compact, \u00e9tanche et surtout styl\u00e9e<\/li>\n<\/ul>\n<p>Au lieu de 599,99 euros, le bundle Google Pixel 9a et la JBL Go 3 est <a href=\"https:\/\/shop.frandroid.com\/ig5hycdt\" target=\"_blank\" rel=\"noreferrer noopener affiliate nofollow\">aujourd\u2019hui disponible en promotion \u00e0 429,99 euros sur Boulanger<\/a>.<\/p>\n<p>Si vous recherchez une batterie externe pas ch\u00e8re aujourd\u2019hui, nous avons s\u00fbrement trouv\u00e9 la bonne affaire qu\u2019il vous faut avec cette batterie externe Belkin \u00e0 moiti\u00e9 prix. <\/p>\n<p><a href=\"https:\/\/images.frandroid.com\/wp-content\/uploads\/2025\/10\/batterie-belkin-10k-mah-black-friday-2025.jpg\" target=\"_blank\" class=\"article-content__figure\" rel=\"noopener\"><img loading=\"lazy\" decoding=\"async\" width=\"1200\" height=\"675\" src=\"https:\/\/www.europesays.com\/fr\/wp-content\/uploads\/2025\/11\/1762592983_667_batterie-belkin-10k-mah-black-friday-2025-1200x675.jpg\" alt=\"\" class=\"wp-image-2849575 wp-image\"  \/><\/a><\/p>\n<ul class=\"wp-block-list\">\n<li>Capacit\u00e9 de 10 000 mAh<\/li>\n<li>2 ports uSB-A et un port USB-C<\/li>\n<li>Uniquement en coliris rose gold<\/li>\n<\/ul>\n<p>Au lieu de 29,99 euros habituellement, la PowerBank Belkin de 10 000 mAh est actuellement remis\u00e9 <a href=\"https:\/\/shop.frandroid.com\/qkyf36q4\" target=\"_blank\" rel=\"noreferrer noopener affiliate nofollow\" data-gtm=\"{&quot;event&quot;:&quot;afficlic&quot;,&quot;nom_marchand&quot;:&quot;boulanger&quot;,&quot;nom_produit&quot;:&quot;inconnu&quot;,&quot;categorie_produit&quot;:&quot;inconnu&quot;,&quot;module_produit&quot;:&quot;editolink&quot;,&quot;position_marchand&quot;:0,&quot;texte&quot;:&quot;a-seulement-14-99-euros-chez-boulanger&quot;,&quot;offer_url&quot;:&quot;https:\/\/shop.frandroid.com\/qkyf36q4&quot;,&quot;zone&quot;:&quot;contenu-page&quot;}\">\u00e0 seulement 14,99 euros chez Boulanger<\/a>. <\/p>\n<p>Connu pour m\u00ealer expertise audio et pur esprit rock\u2019n\u2019roll, Marshall nous a livr\u00e9 l\u00e0 une des meilleures enceintes Bluetooth de son catalogue. D\u00e9voil\u00e9e d\u00e9but 2023, elle a r\u00e9colt\u00e9\u00a0<a href=\"https:\/\/www.frandroid.com\/marques\/marshall\/1617539_test-de-la-marshall-middleton-un-puissant-son-a-360-degres\" target=\"_blank\" rel=\"noopener\">la note de 9\/10 dans nos colonnes<\/a>, c\u2019est simple, elle obtient de bons points partout : conception, autonomie, logiciel, et surtout l\u2019audio avec un son puissant et omnidirectionnel. Le seul d\u00e9faut serait son prix, point noir rapidement effac\u00e9 avec cette r\u00e9duction de 120 euros.<\/p>\n<p><a href=\"https:\/\/www.europesays.com\/fr\/wp-content\/uploads\/2025\/11\/1762592986_277_image-99-13.jpg\" target=\"_blank\" class=\"article-content__figure\"><img loading=\"lazy\" decoding=\"async\" width=\"928\" height=\"522\" src=\"https:\/\/www.europesays.com\/fr\/wp-content\/uploads\/2025\/11\/1762592986_277_image-99-13.jpg\" alt=\"\" class=\"wp-image-2850041 wp-image\"  \/><\/a><\/p>\n<ul class=\"wp-block-list\">\n<li>Une enceinte solide, certifi\u00e9e IP67 et au style Marshall inimitable<\/li>\n<li>Un son puissant, \u00e9quilibr\u00e9 et diffus\u00e9 \u00e0 360\u00b0<\/li>\n<li>Une autonomie de pr\u00e8s de 11 heures \u00e0 50 % du volume<\/li>\n<\/ul>\n<p>Au lieu de 299,99 euros, la Marshall Middleton est aujourd\u2019hui disponible\u00a0<a href=\"https:\/\/shop.frandroid.com\/o5r4wfgm\" target=\"_blank\" rel=\"noreferrer noopener affiliate nofollow\">en promotion \u00e0 179,99 euros<\/a>\u00a0sur Boulanger.<\/p>\n<p>La Redmi Pad 2, ou \u00ab\u00a0l\u2019iPad de Xiaomi\u00a0\u00bb si vous voulez, est la derni\u00e8re figure de proue des tablettes tactiles pas ch\u00e8res. M\u00eame pour 200 euros, elle r\u00e9pond a beaucoup d\u2019usages, de la navigation au streaming en passant par les jeux vid\u00e9o, \u00e0 partir du moment o\u00f9 ils sont l\u00e9gers. <\/p>\n<p><a href=\"https:\/\/images.frandroid.com\/wp-content\/uploads\/2025\/11\/xiaomi-redmi-pad-2.jpg\" target=\"_blank\" class=\"article-content__figure\" rel=\"noopener\"><img loading=\"lazy\" decoding=\"async\" width=\"1200\" height=\"675\" src=\"https:\/\/www.europesays.com\/fr\/wp-content\/uploads\/2025\/11\/1762592991_943_xiaomi-redmi-pad-2-1200x675.jpg\" alt=\"\" class=\"wp-image-2851469 wp-image\"  \/><\/a><\/p>\n<ul class=\"wp-block-list\">\n<li>Design premium et \u00e9cran rafra\u00eechi \u00e0 90 Hz<\/li>\n<li>Quatre haut-parleurs aux performances insoup\u00e7onn\u00e9es<\/li>\n<li>La belle autonomie de sa batterie de 9 000 mAh<\/li>\n<\/ul>\n<p>Au lieu de 229,99 euros, le pack Xiaomi Redmi Pad 2 avec son \u00e9tui de protection est aujourd\u2019hui disponible <a href=\"https:\/\/shop.frandroid.com\/02u7sk5z\" data-type=\"link\" data-id=\"https:\/\/www.boulanger.com\/ref\/1231058\" target=\"_blank\" rel=\"noreferrer noopener affiliate nofollow\" data-gtm=\"{&quot;event&quot;:&quot;afficlic&quot;,&quot;nom_marchand&quot;:&quot;boulanger&quot;,&quot;nom_produit&quot;:&quot;inconnu&quot;,&quot;categorie_produit&quot;:&quot;inconnu&quot;,&quot;module_produit&quot;:&quot;editolink&quot;,&quot;position_marchand&quot;:0,&quot;texte&quot;:&quot;en-promotion-a-179-99-euros&quot;,&quot;offer_url&quot;:&quot;https:\/\/shop.frandroid.com\/02u7sk5z&quot;,&quot;zone&quot;:&quot;contenu-page&quot;}\">en promotion \u00e0 179,99 euros<\/a> sur Boulanger.<\/p>\n<p>Lanc\u00e9e en 2020, puis retouch\u00e9e en 2022 et encore en 2024, la Samsung Galaxy Tab S6 Lite fait son petit bonhomme de chemin dans le segment des tablettes du milieu de gamme. C\u2019est \u00e9videmment la version la plus r\u00e9cente qui est ici en promotion, boost\u00e9e avec une Exynos 1280 et livr\u00e9e avec un S-Pen.<\/p>\n<p><a href=\"https:\/\/images.frandroid.com\/wp-content\/uploads\/2025\/11\/samsung-galaxy-tab-s6-lite.jpg\" target=\"_blank\" class=\"article-content__figure\" rel=\"noopener\"><img loading=\"lazy\" decoding=\"async\" width=\"1200\" height=\"675\" src=\"https:\/\/www.europesays.com\/fr\/wp-content\/uploads\/2025\/11\/1762592995_495_samsung-galaxy-tab-s6-lite-1200x675.jpg\" alt=\"\" class=\"wp-image-2851467 wp-image\"  \/><\/a><\/p>\n<ul class=\"wp-block-list\">\n<li>Une dalle LCD de 10,4 pouces avec 2 000 x 1 200 pixels<\/li>\n<li>Un processeur Exynos 1280 et une batterie de 7 040 mAh<\/li>\n<li>Le S-Pen inclus !<\/li>\n<\/ul>\n<p>Au lieu de 449,99 euros, le pack Samsung Galaxy Tab S6 Lite avec son \u00e9tui de protection est aujourd\u2019hui disponible <a href=\"https:\/\/shop.frandroid.com\/6ur8yqu3\" data-type=\"link\" data-id=\"https:\/\/www.boulanger.com\/ref\/1230958\" target=\"_blank\" rel=\"noreferrer noopener affiliate nofollow\" data-gtm=\"{&quot;event&quot;:&quot;afficlic&quot;,&quot;nom_marchand&quot;:&quot;boulanger&quot;,&quot;nom_produit&quot;:&quot;inconnu&quot;,&quot;categorie_produit&quot;:&quot;inconnu&quot;,&quot;module_produit&quot;:&quot;editolink&quot;,&quot;position_marchand&quot;:0,&quot;texte&quot;:&quot;en-promotion-a-249-99-euros&quot;,&quot;offer_url&quot;:&quot;https:\/\/shop.frandroid.com\/6ur8yqu3&quot;,&quot;zone&quot;:&quot;contenu-page&quot;}\">en promotion \u00e0 249,99 euros<\/a> sur Boulanger.<\/p>\n<p>Avec le Wash G1, Dyson fait une entr\u00e9e remarqu\u00e9e sur le march\u00e9 des balais laveurs de sol. On retrouve d\u2019abord ce design esth\u00e9tique que nous avions d\u00e9j\u00e0 avec ses aspirateurs-balais mais aussi une prise en main agr\u00e9able malgr\u00e9 son poids effleurant les 5 kg. C\u00f4t\u00e9 performances, les rouleaux en microfibre avec une rotation de 265 tours\/minutes font du Wash G1 un balai-laveur efficace. Pour en savoir plus, <a href=\"https:\/\/www.frandroid.com\/marques\/dyson\/2417078_test-du-dyson-wash-g1-un-laveur-de-sol-aussi-efficace-que-style-et-encore-des-imperfections\" data-type=\"link\" data-id=\"https:\/\/www.frandroid.com\/marques\/dyson\/2417078_test-du-dyson-wash-g1-un-laveur-de-sol-aussi-efficace-que-style-et-encore-des-imperfections\" target=\"_blank\" rel=\"noopener\">voici notre test du Dyson Wash G1<\/a>.<\/p>\n<p><a href=\"https:\/\/images.frandroid.com\/wp-content\/uploads\/2025\/10\/dyson-wash-g1.jpg\" target=\"_blank\" class=\"article-content__figure\" rel=\"noopener\"><img loading=\"lazy\" decoding=\"async\" width=\"1200\" height=\"675\" src=\"https:\/\/www.europesays.com\/fr\/wp-content\/uploads\/2025\/11\/1762592997_457_dyson-wash-g1-1200x675.jpg\" alt=\"\" class=\"wp-image-2851611 wp-image\"  \/><\/a><\/p>\n<ul class=\"wp-block-list\">\n<li>Un balai-laveur avec du style et de l\u2019ergonomie<\/li>\n<li>Efficace et peu bruyant lors du lavage<\/li>\n<li>Un entretien facile<\/li>\n<\/ul>\n<p>Au lieu de 699 euros, le Dyson Wash G1 est aujourd\u2019hui disponible <a href=\"https:\/\/shop.frandroid.com\/cl5g70vr\" data-type=\"link\" data-id=\"https:\/\/www.boulanger.com\/ref\/1201676\" target=\"_blank\" rel=\"noreferrer noopener affiliate nofollow\" data-gtm=\"{&quot;event&quot;:&quot;afficlic&quot;,&quot;nom_marchand&quot;:&quot;boulanger&quot;,&quot;nom_produit&quot;:&quot;inconnu&quot;,&quot;categorie_produit&quot;:&quot;inconnu&quot;,&quot;module_produit&quot;:&quot;editolink&quot;,&quot;position_marchand&quot;:0,&quot;texte&quot;:&quot;en-promotion-a-349-euros&quot;,&quot;offer_url&quot;:&quot;https:\/\/shop.frandroid.com\/cl5g70vr&quot;,&quot;zone&quot;:&quot;contenu-page&quot;}\">en promotion \u00e0 349 euros<\/a> sur Boulanger.<\/p>\n<p>Sur le segment des smartphones pliants au format Flip, ceux de Samsung sont une r\u00e9f\u00e9rence. Bien entendu, il faut plus que faire vibrer la corde de la nostalgie pour que ces smartphones \u00e0 clapet soient r\u00e9ussis. Et Samsung fait l\u00e0 un bon travail. D\u2019autant plus que\u00a0<a href=\"https:\/\/www.frandroid.com\/marques\/samsung\/1758157_test-samsung-galaxy-z-flip-5\" target=\"_blank\" rel=\"noopener\">le Galaxy Z Flip 5 not\u00e9 8\/10<\/a>\u00a0chez nous renouvelle un peu la gamme avec une charni\u00e8re retravaill\u00e9e et un \u00e9cran externe beaucoup plus grand.<\/p>\n<p><a href=\"https:\/\/images.frandroid.com\/wp-content\/uploads\/2025\/11\/samsung-galaxy-z-flip-5.jpg\" target=\"_blank\" class=\"article-content__figure\" rel=\"noopener\"><img loading=\"lazy\" decoding=\"async\" width=\"1200\" height=\"675\" src=\"https:\/\/www.europesays.com\/fr\/wp-content\/uploads\/2025\/11\/1762593000_809_samsung-galaxy-z-flip-5-1200x675.jpg\" alt=\"\" class=\"wp-image-2851511 wp-image\"  \/><\/a><\/p>\n<ul class=\"wp-block-list\">\n<li>Un design travaill\u00e9 et une nouvelle charni\u00e8re<\/li>\n<li>Un \u00e9cran externe plus grand et plus agr\u00e9able \u00e0 utiliser<\/li>\n<li>Tourne avec un Snapdragon 8 Gen 2<\/li>\n<\/ul>\n<p>Au lieu de 1 339 euros lors de son lancement, le Samsung Galaxy Z Flip 5 (512 Go) est aujourd\u2019hui disponible\u00a0<a href=\"https:\/\/shop.frandroid.com\/t30gh2sk\" data-type=\"link\" data-id=\"https:\/\/www.darty.com\/nav\/achat\/gps_communication\/telephone_mobile\/telephone_portable\/samsung_zflip5_512go_5g_noir.html\" target=\"_blank\" rel=\"noreferrer noopener affiliate nofollow\" data-gtm=\"{&quot;event&quot;:&quot;afficlic&quot;,&quot;nom_marchand&quot;:&quot;darty&quot;,&quot;nom_produit&quot;:&quot;inconnu&quot;,&quot;categorie_produit&quot;:&quot;inconnu&quot;,&quot;module_produit&quot;:&quot;editolink&quot;,&quot;position_marchand&quot;:0,&quot;texte&quot;:&quot;en-promotion-a-699-euros&quot;,&quot;offer_url&quot;:&quot;https:\/\/shop.frandroid.com\/t30gh2sk&quot;,&quot;zone&quot;:&quot;contenu-page&quot;}\">en promotion \u00e0 699 euros<\/a>\u00a0chez Darty.<\/p>\n<p>Avec son casque ULT Wear, Sony a fait le pari de r\u00e9introduire la technologie Extra Bass, et les fr\u00e9quences basses qui auraient d\u00fb \u00eatre mises \u00e0 l\u2019honneur ici sont en fait sujettes \u00e0 une forte coloration. Si Sony ne pr\u00e9sente pas ici sa meilleure copie en mati\u00e8re d\u2019audio, la partie design reste une fois de plus ma\u00eetris\u00e9e, sans compter l\u2019autonSomie : pr\u00e8s de 30 heures sur une charge.<\/p>\n<p><a href=\"https:\/\/images.frandroid.com\/wp-content\/uploads\/2025\/10\/sony-ult.jpg\" target=\"_blank\" class=\"article-content__figure\" rel=\"noopener\"><img loading=\"lazy\" decoding=\"async\" width=\"1200\" height=\"675\" src=\"https:\/\/www.europesays.com\/fr\/wp-content\/uploads\/2025\/11\/1762593010_118_sony-ult-1200x675.jpg\" alt=\"\" class=\"wp-image-2851433 wp-image\"  \/><\/a><\/p>\n<ul class=\"wp-block-list\">\n<li>Un casque confortable avec d\u00e9tecteur de port<\/li>\n<li>30 heures d\u2019autonomie sur une charge<\/li>\n<li>Une r\u00e9duction de bruit active satisfaisante<\/li>\n<\/ul>\n<p>Au lieu de 199,99 euros, le Sony ULT Wear est aujourd\u2019hui disponible <a href=\"https:\/\/shop.frandroid.com\/y8muovlp\" data-type=\"link\" data-id=\"https:\/\/www.amazon.fr\/dp\/B0CX1TYWC1?th=1\" target=\"_blank\" rel=\"noreferrer noopener affiliate nofollow\" data-gtm=\"{&quot;event&quot;:&quot;afficlic&quot;,&quot;nom_marchand&quot;:&quot;amazon_fr&quot;,&quot;nom_produit&quot;:&quot;inconnu&quot;,&quot;categorie_produit&quot;:&quot;inconnu&quot;,&quot;module_produit&quot;:&quot;editolink&quot;,&quot;position_marchand&quot;:0,&quot;texte&quot;:&quot;en-promotion-a-139-euros&quot;,&quot;offer_url&quot;:&quot;https:\/\/shop.frandroid.com\/y8muovlp&quot;,&quot;zone&quot;:&quot;contenu-page&quot;}\">en promotion \u00e0 139 euros<\/a> sur Amazon ainsi que Boulanger.<\/p>\n<p>Honor \u00e0 r\u00e9cemment r\u00e9ussi une perc\u00e9e dans le haut de gamme mais c\u2019est aussi dans le milieu de gamme qu\u2019il est bien repr\u00e9sent\u00e9 avec ses smartphones. Le Honor 400 en est la preuve la plus r\u00e9cente : belles finitions, MagicOS arm\u00e9 de fonctions IA, 6 ann\u00e9es de mises \u00e0 jour et batterie de 5 300 mAh. Il vaut clairement ses 400 euros pendant l\u2019avant-premi\u00e8re du Black Friday.<\/p>\n<p><a href=\"https:\/\/images.frandroid.com\/wp-content\/uploads\/2025\/10\/honor-400.jpg\" target=\"_blank\" class=\"article-content__figure\" rel=\"noopener\"><img loading=\"lazy\" decoding=\"async\" width=\"1200\" height=\"675\" src=\"https:\/\/www.europesays.com\/fr\/wp-content\/uploads\/2025\/11\/1762593013_439_honor-400-1200x675.jpg\" alt=\"\" class=\"wp-image-2851425 wp-image\"  \/><\/a><\/p>\n<ul class=\"wp-block-list\">\n<li>MagicOS avec une flop\u00e9e de fonctions IA<\/li>\n<li>Quasi 2 jours d\u2019autonomie avec la batterie de 5 300 mAh<\/li>\n<li>Un appareil photo efficace en journ\u00e9e<\/li>\n<\/ul>\n<p>Au lieu de 579,90 euros, la version de 512 Go du Honor 400 est aujourd\u2019hui disponible <a href=\"https:\/\/shop.frandroid.com\/ly6kqmy5\" data-type=\"link\" data-id=\"https:\/\/www.honor.com\/fr\/phones\/honor-400\/buy\/\" target=\"_blank\" rel=\"noreferrer noopener affiliate nofollow\" data-gtm=\"{&quot;event&quot;:&quot;afficlic&quot;,&quot;nom_marchand&quot;:&quot;honor&quot;,&quot;nom_produit&quot;:&quot;inconnu&quot;,&quot;categorie_produit&quot;:&quot;inconnu&quot;,&quot;module_produit&quot;:&quot;editolink&quot;,&quot;position_marchand&quot;:0,&quot;texte&quot;:&quot;en-promotion-a-399-90-euros&quot;,&quot;offer_url&quot;:&quot;https:\/\/shop.frandroid.com\/ly6kqmy5&quot;,&quot;zone&quot;:&quot;contenu-page&quot;}\">en promotion \u00e0 399,90 euros<\/a> en boutique officielle. N\u2019oubliez pas de rentrer le coupon de r\u00e9duction <strong>AHR4BF<\/strong> pour avoir 100 euros de r\u00e9duction.<\/p>\n<p>Barre de son haut de gamme lanc\u00e9e en 2024, parfaite pour accompagner un TV Sony, la Sony Bravia Theatre Bar 8 n\u2019y va pas mollo avec ses 11 haut-parleurs. Compatible avec les formats Dolby Atmos, DTS:X et IMAX Enhanced, elle est aussi puissante qu\u2019immersive, et se suffit \u00e0 elle-m\u00eame si l\u2019on en croit l\u2019absence de caisson de basses.<\/p>\n<p><a href=\"https:\/\/images.frandroid.com\/wp-content\/uploads\/2025\/10\/sony-bravia-theatre-bar-8.jpg\" target=\"_blank\" class=\"article-content__figure\" rel=\"noopener\"><img loading=\"lazy\" decoding=\"async\" width=\"1200\" height=\"675\" src=\"https:\/\/www.europesays.com\/fr\/wp-content\/uploads\/2025\/11\/1762593016_519_sony-bravia-theatre-bar-8-1200x675.jpg\" alt=\"\" class=\"wp-image-2851415 wp-image\"  \/><\/a><\/p>\n<ul class=\"wp-block-list\">\n<li>Une barre de son \u00e9l\u00e9gante avec une connectique moderne<\/li>\n<li>11 haut-parleurs et prise en charge de Dolby Atmos, DTS:X et de IMAX Enhanced<\/li>\n<li>4 woofers pour avoir des basses puissantes sans caisson<\/li>\n<\/ul>\n<p>Au lieu de 999 euros, la Sony Bravia Theatre Bar 8 est aujourd\u2019hui disponible <a href=\"https:\/\/shop.frandroid.com\/kxu0qr54\" data-type=\"link\" data-id=\"https:\/\/www.amazon.fr\/dp\/B0D1858LH3?th=1\" target=\"_blank\" rel=\"noreferrer noopener affiliate nofollow\" data-gtm=\"{&quot;event&quot;:&quot;afficlic&quot;,&quot;nom_marchand&quot;:&quot;amazon_fr&quot;,&quot;nom_produit&quot;:&quot;inconnu&quot;,&quot;categorie_produit&quot;:&quot;inconnu&quot;,&quot;module_produit&quot;:&quot;editolink&quot;,&quot;position_marchand&quot;:0,&quot;texte&quot;:&quot;en-promotion-a-649-euros&quot;,&quot;offer_url&quot;:&quot;https:\/\/shop.frandroid.com\/kxu0qr54&quot;,&quot;zone&quot;:&quot;contenu-page&quot;}\">en promotion \u00e0 649 euros<\/a> sur Amazon.<\/p>\n<p>L\u2019Acer Aspire 14 IA d\u00e9barque avec son processeur Snapdragon X et l\u2019\u00e9cosyst\u00e8me Copilot+. Un ultrabook taill\u00e9 pour le quotidien, la bureautique et l\u2019IA g\u00e9n\u00e9rative\u2026 en version ARM. Pour les pr\u00e9mices du Black Friday, son prix passe \u00e0 549 euros chez au lieu de 699 euros.<\/p>\n<p><a href=\"https:\/\/images.frandroid.com\/wp-content\/uploads\/2025\/10\/acer-spire-14-black-friday-frandroid.jpg\" target=\"_blank\" class=\"article-content__figure\" rel=\"noopener\"><img loading=\"lazy\" decoding=\"async\" width=\"1200\" height=\"675\" src=\"https:\/\/www.europesays.com\/fr\/wp-content\/uploads\/2025\/11\/1762593019_205_acer-spire-14-black-friday-frandroid-1200x675.jpg\" alt=\"\" class=\"wp-image-2851123 wp-image\"  \/><\/a><\/p>\n<ul class=\"wp-block-list\">\n<li>Une architecture ARM propuls\u00e9 par un SoC Snapdragon X1<\/li>\n<li>Un bel \u00e9cran de 14 pouces cadenc\u00e9 \u00e0 120 Hz<\/li>\n<li>Une bonne partie connectique et du Wi-Fi 7<\/li>\n<\/ul>\n<p>Au lieu de 699 euros, le Acer Aspire 14 est <a href=\"https:\/\/shop.frandroid.com\/4y5b9jmj\" target=\"_blank\" rel=\"noreferrer noopener affiliate nofollow\" data-gtm=\"{&quot;event&quot;:&quot;afficlic&quot;,&quot;nom_marchand&quot;:&quot;boulanger&quot;,&quot;nom_produit&quot;:&quot;inconnu&quot;,&quot;categorie_produit&quot;:&quot;inconnu&quot;,&quot;module_produit&quot;:&quot;editolink&quot;,&quot;position_marchand&quot;:0,&quot;texte&quot;:&quot;aujourd-hui-disponible-en-promotion-a-549-euros-sur-boulanger&quot;,&quot;offer_url&quot;:&quot;https:\/\/shop.frandroid.com\/4y5b9jmj&quot;,&quot;zone&quot;:&quot;contenu-page&quot;}\">aujourd\u2019hui disponible en promotion \u00e0 549 euros sur Boulanger<\/a> apr\u00e8s <a href=\"https:\/\/boulanger.scene7.com\/is\/content\/Boulanger\/2.B.com\/Commerce\/EMS\/ODR825MICT3.pdf\" data-type=\"link\" data-id=\"https:\/\/boulanger.scene7.com\/is\/content\/Boulanger\/2.B.com\/Commerce\/EMS\/ODR825MICT3.pdf\" target=\"_blank\" rel=\"noreferrer noopener nofollow\">le passage de l\u2019ODR<\/a>.<\/p>\n<p>Le nouveau <a href=\"https:\/\/www.frandroid.com\/produits\/smartphones\/google\/2757533-google-pixel-10-pro\" target=\"_blank\" rel=\"noopener\">Google Pixel 10 Pro<\/a> est d\u00e9j\u00e0 sous le joug d\u2019une importante r\u00e9duction de prix sur\u00a0le site de Boulanger avec un stand de charge sans fil et un chargeur \u00e0 67 W. <\/p>\n<p><a href=\"https:\/\/images.frandroid.com\/wp-content\/uploads\/2025\/10\/google-pixel-10-pro-pre-black-firday.jpg\" target=\"_blank\" class=\"article-content__figure\" rel=\"noopener\"><img loading=\"lazy\" decoding=\"async\" width=\"1200\" height=\"675\" src=\"https:\/\/www.europesays.com\/fr\/wp-content\/uploads\/2025\/11\/1762593022_444_google-pixel-10-pro-pre-black-firday-1200x675.jpg\" alt=\"\" class=\"wp-image-2851105 wp-image\"  \/><\/a><\/p>\n<ul class=\"wp-block-list\">\n<li>\u00c9cran Super Actua 6,3 pouces OLED LTPO<\/li>\n<li>Triple appareil photo arri\u00e8re : 50 Mpx + 48 Mpx + 48 Mpx<\/li>\n<li>SoC Google Tensor G5 et Gemini : puissance brute et intelligence embarqu\u00e9e<\/li>\n<\/ul>\n<p>Au lieu d\u2019un prix barr\u00e9 \u00e0 1 249 euros, le pack Google Pixel 10 Pro se n\u00e9gocie en ce moment <a href=\"https:\/\/shop.frandroid.com\/ovwuiw54\" target=\"_blank\" rel=\"noreferrer noopener affiliate nofollow\" data-gtm=\"{&quot;event&quot;:&quot;afficlic&quot;,&quot;nom_marchand&quot;:&quot;boulanger&quot;,&quot;nom_produit&quot;:&quot;inconnu&quot;,&quot;categorie_produit&quot;:&quot;inconnu&quot;,&quot;module_produit&quot;:&quot;editolink&quot;,&quot;position_marchand&quot;:0,&quot;texte&quot;:&quot;en-promotion-a-999-euros-chez-boulanger&quot;,&quot;offer_url&quot;:&quot;https:\/\/shop.frandroid.com\/ovwuiw54&quot;,&quot;zone&quot;:&quot;contenu-page&quot;}\">en promotion \u00e0 999 euros chez Boulanger.<\/a><\/p>\n<p>Cet \u00e9cran de gaming Asus XG27UCDMG 4K OLED offre une qualit\u00e9 d\u2019image \u00e0 couper le souffle et un temps de r\u00e9ponse de 0,03 ms. Des qualit\u00e9s qui sauront ravir les joueurs \u00e0 la recherche d\u2019une exp\u00e9rience des plus immersives. En ce pr\u00e9-Black Friday, Boulanger vous fait \u00e9conomiser 100 euros dessus. <\/p>\n<p><a href=\"https:\/\/images.frandroid.com\/wp-content\/uploads\/2025\/10\/lg-65qned86a-black-friday-frandroid-1.jpg\" target=\"_blank\" class=\"article-content__figure\" rel=\"noopener\"><img loading=\"lazy\" decoding=\"async\" width=\"1200\" height=\"675\" src=\"https:\/\/www.europesays.com\/fr\/wp-content\/uploads\/2025\/11\/1762593025_910_lg-65qned86a-black-friday-frandroid-1-1200x675.jpg\" alt=\"Ecran PC Gamer ASUS XG27UCDMG 4K OLED Black Friday\" class=\"wp-image-2850863 wp-image\"  \/><\/a><\/p>\n<ul class=\"wp-block-list\">\n<li>Une qualit\u00e9 d\u2019image \u00e0 couper le souffle<\/li>\n<li>Un temps de r\u00e9ponse ultra-rapide de 0,03 ms et un taux de rafra\u00eechissement de 240 Hz pour offrir une exp\u00e9rience sans ralentissement<\/li>\n<li>La technologie OLED pour des noirs profonds et des couleurs vives<\/li>\n<\/ul>\n<p>Habituellement, son prix est fix\u00e9 \u00e0 899,99 euros, mais <a href=\"https:\/\/shop.frandroid.com\/nvh9tvgz\" target=\"_blank\" rel=\"noreferrer noopener affiliate nofollow\" data-gtm=\"{&quot;event&quot;:&quot;afficlic&quot;,&quot;nom_marchand&quot;:&quot;boulanger&quot;,&quot;nom_produit&quot;:&quot;inconnu&quot;,&quot;categorie_produit&quot;:&quot;inconnu&quot;,&quot;module_produit&quot;:&quot;editolink&quot;,&quot;position_marchand&quot;:0,&quot;texte&quot;:&quot;le-met-en-promotion&quot;,&quot;offer_url&quot;:&quot;https:\/\/shop.frandroid.com\/nvh9tvgz&quot;,&quot;zone&quot;:&quot;contenu-page&quot;}\">Boulanger le baisse<\/a> \u00e0 799,99 euros.<\/p>\n<p>Accompagn\u00e9 de sa station de lavage, ce robot-aspirateur Ecovacs DEEBOT T30C Omni GEN2 se pr\u00e9sente comme un pro de l\u2019entretien. Pour l\u2019essayer, Amazon baisse son prix et, en cette p\u00e9riode de pr\u00e9-Black Friday, il chute \u00e0 349 euros au lieu de 499 euros.<\/p>\n<p><a href=\"https:\/\/images.frandroid.com\/wp-content\/uploads\/2025\/10\/samsung-b-series-hw-b660f-black-friday-frandroid-1-1.jpg\" target=\"_blank\" class=\"article-content__figure\" rel=\"noopener\"><img loading=\"lazy\" decoding=\"async\" width=\"1200\" height=\"675\" src=\"https:\/\/www.europesays.com\/fr\/wp-content\/uploads\/2025\/11\/1762593028_524_samsung-b-series-hw-b660f-black-friday-frandroid-1-1-1200x675.jpg\" alt=\"Aspirateur-robot ECOVACS DEEBOT T30C Omni GEN2\" class=\"wp-image-2850615 wp-image\"  \/><\/a><\/p>\n<ul class=\"wp-block-list\">\n<li>Un nettoyage complet dans les moindres recoins<\/li>\n<li>Une station qui lave et nettoie les serpill\u00e8res \u00e0 75\u00b0C<\/li>\n<li>Un syst\u00e8me qui emp\u00eache l\u2019enchev\u00eatrement des poils et des cheveux<\/li>\n<\/ul>\n<p>Au lieu de 499 euros, cet Ecovacs Deebot T30C Omni GEN 2 est actuellement <a href=\"https:\/\/shop.frandroid.com\/7llsp8t7\" target=\"_blank\" rel=\"noreferrer noopener affiliate nofollow\">en promotion \u00e0 349 euros sur Amazon.<\/a><\/p>\n<p>Si les vid\u00e9oprojecteurs haut de gamme sont un bon investissement, les NeoPix de Philips, beaucoup plus abordables, valent \u00e9galement le coup d\u2019\u0153il. On ne retrouve \u00e9videmment pas les m\u00eames technologies, ni la m\u00eame qualit\u00e9 d\u2019image, mais son prix en fait d\u00e9j\u00e0 une bonne affaire.<\/p>\n<p><a href=\"https:\/\/images.frandroid.com\/wp-content\/uploads\/2025\/10\/image-99-32.jpg\" target=\"_blank\" class=\"article-content__figure\" rel=\"noopener\"><img loading=\"lazy\" decoding=\"async\" width=\"1200\" height=\"675\" src=\"https:\/\/www.europesays.com\/fr\/wp-content\/uploads\/2025\/11\/1762593030_400_image-99-32-1200x675.jpg\" alt=\"\" class=\"wp-image-2850939 wp-image\"  \/><\/a><\/p>\n<ul class=\"wp-block-list\">\n<li>Une projection en Full HD<\/li>\n<li>Une luminosit\u00e9 de 200 lumens<\/li>\n<li>Son format compact et l\u00e9ger<\/li>\n<\/ul>\n<p>Au lieu de 149 euros, le Philips NeoPix 200 est aujourd\u2019hui disponible\u00a0<a href=\"https:\/\/shop.frandroid.com\/sivvs5k9\" target=\"_blank\" rel=\"noreferrer noopener affiliate nofollow\" data-gtm=\"{&quot;event&quot;:&quot;afficlic&quot;,&quot;nom_marchand&quot;:&quot;boulanger&quot;,&quot;nom_produit&quot;:&quot;inconnu&quot;,&quot;categorie_produit&quot;:&quot;inconnu&quot;,&quot;module_produit&quot;:&quot;editolink&quot;,&quot;position_marchand&quot;:0,&quot;texte&quot;:&quot;en-promotion-a-119-euros-sur-boulanger&quot;,&quot;offer_url&quot;:&quot;https:\/\/shop.frandroid.com\/sivvs5k9&quot;,&quot;zone&quot;:&quot;contenu-page&quot;}\">en promotion \u00e0 119 euros\u00a0sur Boulanger.<\/a><\/p>\n<p>Le pr\u00e9-Black Friday est l\u2019occasion parfaite pour choper une machine de guerre \u00e0 bon prix.\u00a0Avec ce Legion 5i, Lenovo balance tout ce qu\u2019il a dans le ventre : un processeur i7-13650HX, une RTX 5070 et 32 Go de RAM. \u00a0Il s\u2019afficher \u00e0 prix tr\u00e8s r\u00e9duit aujourd\u2019hui : 1 299 euros au lieu de 1 799 euros. <\/p>\n<p><a href=\"https:\/\/images.frandroid.com\/wp-content\/uploads\/2025\/10\/lenovo-legion-5i-pre-black-firday.jpg\" target=\"_blank\" class=\"article-content__figure\" rel=\"noopener\"><img loading=\"lazy\" decoding=\"async\" width=\"1200\" height=\"675\" src=\"https:\/\/www.europesays.com\/fr\/wp-content\/uploads\/2025\/11\/1762593032_70_lenovo-legion-5i-pre-black-firday-1200x675.jpg\" alt=\"\" class=\"wp-image-2850741 wp-image\"  \/><\/a><\/p>\n<ul class=\"wp-block-list\">\n<li>Les performances de la RTX 5070 et du Core i7 13e g\u00e9n\u00e9ration<\/li>\n<li>Une dalle de 15 pouces en d\u00e9finition WQXGA et \u00e0 165 Hz<\/li>\n<li>Gestion thermique efficace<\/li>\n<\/ul>\n<p>Au lieu d\u2019un prix barr\u00e9 de 1 799 euros, le Lenovo Legion 5i est maintenant disponible <a href=\"https:\/\/shop.frandroid.com\/tcs52x05\" target=\"_blank\" rel=\"noreferrer noopener affiliate nofollow\" data-gtm=\"{&quot;event&quot;:&quot;afficlic&quot;,&quot;nom_marchand&quot;:&quot;lenovo&quot;,&quot;nom_produit&quot;:&quot;inconnu&quot;,&quot;categorie_produit&quot;:&quot;inconnu&quot;,&quot;module_produit&quot;:&quot;editolink&quot;,&quot;position_marchand&quot;:0,&quot;texte&quot;:&quot;en-promotion-a-1-299-euros-sur-le-site-officiel&quot;,&quot;offer_url&quot;:&quot;https:\/\/shop.frandroid.com\/tcs52x05&quot;,&quot;zone&quot;:&quot;contenu-page&quot;}\">en promotion \u00e0 1 299 euros sur le site officiel.<\/a><\/p>\n<p>Si vous avez un salon ou une cave am\u00e9nag\u00e9e en salle de cin\u00e9ma personnelle adapt\u00e9e pour accueillir une dalle de 100 pouces (soit 2,53 m\u00e8tres de diagonale), alors cette promotion tombe bien. Le Hisense 100U7Q concentre nombre de technologies avanc\u00e9es et prend en charge nombre de formats vid\u00e9o et audio.\u00a0<\/p>\n<p><a href=\"https:\/\/www.europesays.com\/fr\/wp-content\/uploads\/2025\/11\/1762593035_376_image-99-31.jpg\" target=\"_blank\" class=\"article-content__figure\"><img loading=\"lazy\" decoding=\"async\" width=\"768\" height=\"432\" src=\"https:\/\/www.europesays.com\/fr\/wp-content\/uploads\/2025\/11\/1762593035_376_image-99-31.jpg\" alt=\"\" class=\"wp-image-2850663 wp-image\"  \/><\/a><\/p>\n<ul class=\"wp-block-list\">\n<li>Une dalle Mini-LED de 100 pouces en 4K avec HDR10 et Dolby Vision<\/li>\n<li>Quatre ports HDMI 2.1, fr\u00e9quence optimis\u00e9e de 240 Hz<\/li>\n<li>Un syst\u00e8me audio de 50 W avec DTS:X et Dolby Atmos<\/li>\n<\/ul>\n<p>Au lieu de 2 490 euros, le Hisense 100U7Q est aujourd\u2019hui disponible\u00a0e<a href=\"https:\/\/shop.frandroid.com\/vh2rw3fv\" target=\"_blank\" rel=\"noreferrer noopener affiliate nofollow\" data-gtm=\"{&quot;event&quot;:&quot;afficlic&quot;,&quot;nom_marchand&quot;:&quot;boulanger&quot;,&quot;nom_produit&quot;:&quot;inconnu&quot;,&quot;categorie_produit&quot;:&quot;inconnu&quot;,&quot;module_produit&quot;:&quot;editolink&quot;,&quot;position_marchand&quot;:0,&quot;texte&quot;:&quot;n-promotion-a-1-999-euros-sur-boulanger&quot;,&quot;offer_url&quot;:&quot;https:\/\/shop.frandroid.com\/vh2rw3fv&quot;,&quot;zone&quot;:&quot;contenu-page&quot;}\">n promotion \u00e0 1 999 euros\u00a0sur Boulanger.<\/a><\/p>\n<p>Avec ses nombreuses fonctionnalit\u00e9s et le rendu audio immersif qu\u2019elle offre, la Sony Bravia Theatre Bar 8 est une barre de son que l\u2019on peut recommander facilement, surtout pour son prix tr\u00e8s int\u00e9ressant, qui baisse de plus de 300 euros. <\/p>\n<p><a href=\"https:\/\/images.frandroid.com\/wp-content\/uploads\/2025\/10\/sony-bravia-theatre-bar-8-pre-black-firday.jpg\" target=\"_blank\" class=\"article-content__figure\" rel=\"noopener\"><img loading=\"lazy\" decoding=\"async\" width=\"1200\" height=\"675\" src=\"https:\/\/www.europesays.com\/fr\/wp-content\/uploads\/2025\/11\/1762593037_91_sony-bravia-theatre-bar-8-pre-black-firday-1200x675.jpg\" alt=\"\" class=\"wp-image-2850509 wp-image\"  \/><\/a><\/p>\n<ul class=\"wp-block-list\">\n<li>Une barre de son compatible Dolby Atmos, DTS:X, Hi-Res Audio<\/li>\n<li>11 haut-parleurs int\u00e9gr\u00e9s<\/li>\n<li>La technologie 360 Spatial Sound Mapping<\/li>\n<\/ul>\n<p>Initialement affich\u00e9e \u00e0 990 euros, la barre de son Sony Bravia Theatre Bar 8\u00a0est en ce moment <a href=\"https:\/\/shop.frandroid.com\/5p3kn32d\" target=\"_blank\" rel=\"noreferrer noopener affiliate nofollow\" data-gtm=\"{&quot;event&quot;:&quot;afficlic&quot;,&quot;nom_marchand&quot;:&quot;boulanger&quot;,&quot;nom_produit&quot;:&quot;inconnu&quot;,&quot;categorie_produit&quot;:&quot;inconnu&quot;,&quot;module_produit&quot;:&quot;editolink&quot;,&quot;position_marchand&quot;:0,&quot;texte&quot;:&quot;remisee-a-649-euros-chez-boulanger&quot;,&quot;offer_url&quot;:&quot;https:\/\/shop.frandroid.com\/5p3kn32d&quot;,&quot;zone&quot;:&quot;contenu-page&quot;}\">remis\u00e9e \u00e0 649 euros chez Boulanger.<\/a><\/p>\n<p>La Huawei Watch Fit 4 a beau \u00eatre la plus accessible des montres de la marque, elle allie \u00e9l\u00e9gance, fonctionnalit\u00e9s sportives solides et confort d\u2019utilisation. <\/p>\n<p><a href=\"https:\/\/images.frandroid.com\/wp-content\/uploads\/2025\/10\/huawei-watch-fit-4-pre-black-firday.jpg\" target=\"_blank\" class=\"article-content__figure\" rel=\"noopener\"><img loading=\"lazy\" decoding=\"async\" width=\"1200\" height=\"675\" src=\"https:\/\/www.europesays.com\/fr\/wp-content\/uploads\/2025\/11\/1762593039_498_huawei-watch-fit-4-pre-black-firday-1200x675.jpg\" alt=\"\" class=\"wp-image-2850469 wp-image\"  \/><\/a><\/p>\n<ul class=\"wp-block-list\">\n<li>Un \u00e9cran AMOLED 1,82 pouce ultra-lumineux<\/li>\n<li>Une autonomie d\u2019une dizaine de jours<\/li>\n<li>Un suivi complet, sommeil, SpO2, fr\u00e9quence cardiaque, stress et plus<\/li>\n<\/ul>\n<p>Au lieu de 169 euros, la Huawei Watch Fit 4 est aujourd\u2019hui en <a href=\"https:\/\/shop.frandroid.com\/a3dn4u23\" target=\"_blank\" rel=\"noreferrer noopener affiliate nofollow\" data-gtm=\"{&quot;event&quot;:&quot;afficlic&quot;,&quot;nom_marchand&quot;:&quot;boulanger&quot;,&quot;nom_produit&quot;:&quot;inconnu&quot;,&quot;categorie_produit&quot;:&quot;inconnu&quot;,&quot;module_produit&quot;:&quot;editolink&quot;,&quot;position_marchand&quot;:0,&quot;texte&quot;:&quot;promotion-a-119-euros-sur-le-site-boulanger&quot;,&quot;offer_url&quot;:&quot;https:\/\/shop.frandroid.com\/a3dn4u23&quot;,&quot;zone&quot;:&quot;contenu-page&quot;}\">promotion \u00e0 119 euros sur le site Boulanger.<\/a> <\/p>\n<p>Si vous attendiez le pr\u00e9-Black Friday pour enfin renouveler votre \u00e9quipement de travail sans y laisser un rein, laissez-nous vous dire que vous avez bien fait. En ce moment, vous pouvez par exemple trouver un <a href=\"https:\/\/shop.frandroid.com\/2w9wukif\" target=\"_blank\" rel=\"noreferrer noopener affiliate nofollow\" data-gtm=\"{&quot;event&quot;:&quot;afficlic&quot;,&quot;nom_marchand&quot;:&quot;boulanger&quot;,&quot;nom_produit&quot;:&quot;inconnu&quot;,&quot;categorie_produit&quot;:&quot;inconnu&quot;,&quot;module_produit&quot;:&quot;editolink&quot;,&quot;position_marchand&quot;:0,&quot;texte&quot;:&quot;pack-a-28&quot;,&quot;offer_url&quot;:&quot;https:\/\/shop.frandroid.com\/2w9wukif&quot;,&quot;zone&quot;:&quot;contenu-page&quot;}\">pack \u00e0 -28 %<\/a> qui inclut notamment un PC portable Acer Aspire AG15, un mod\u00e8le l\u00e9ger embarquant un Ryzen 5 7430U ainsi qu\u2019un grand \u00e9cran pour bosser confortablement<\/p>\n<p><a href=\"https:\/\/images.frandroid.com\/wp-content\/uploads\/2025\/10\/pack-acer-aspire-ag15-black-friday-2025.jpg\" target=\"_blank\" class=\"article-content__figure\" rel=\"noopener\"><img loading=\"lazy\" decoding=\"async\" width=\"1200\" height=\"675\" src=\"https:\/\/www.europesays.com\/fr\/wp-content\/uploads\/2025\/11\/1762593042_109_pack-acer-aspire-ag15-black-friday-2025-1200x675.jpg\" alt=\"\" class=\"wp-image-2849093 wp-image\"  \/><\/a><\/p>\n<ul class=\"wp-block-list\">\n<li>Un laptop l\u00e9ger<\/li>\n<li>Un grand \u00e9cran Full HD de 15,6 pouces<\/li>\n<li>Un combo Ryzen 5 + 16 Go de RAM + SSD de 512 Go<\/li>\n<\/ul>\n<p>Auparavant affich\u00e9 \u00e0 699 euros, le pack Acer Aspire AG15 est aujourd\u2019hui <a href=\"https:\/\/shop.frandroid.com\/2w9wukif\" target=\"_blank\" rel=\"noreferrer noopener affiliate nofollow\" data-gtm=\"{&quot;event&quot;:&quot;afficlic&quot;,&quot;nom_marchand&quot;:&quot;boulanger&quot;,&quot;nom_produit&quot;:&quot;inconnu&quot;,&quot;categorie_produit&quot;:&quot;inconnu&quot;,&quot;module_produit&quot;:&quot;editolink&quot;,&quot;position_marchand&quot;:0,&quot;texte&quot;:&quot;disponible-en-promotion-a-499-euros-chez-boulanger&quot;,&quot;offer_url&quot;:&quot;https:\/\/shop.frandroid.com\/2w9wukif&quot;,&quot;zone&quot;:&quot;contenu-page&quot;}\">disponible en promotion \u00e0 499 euros chez Boulanger<\/a>.<\/p>\n<p>Que vous vouliez partir en vacances l\u2019esprit tranquille ou pour garder un \u0153il sur votre foyer au quotidien, la TP-LINK Tapo C225 \u00e0 moiti\u00e9 prix est s\u00fbrement faite pour vous !<\/p>\n<p><a href=\"https:\/\/images.frandroid.com\/wp-content\/uploads\/2025\/10\/copie-de-preblackfriday-frandroid-solo.jpg\" target=\"_blank\" class=\"article-content__figure\" rel=\"noopener\"><img loading=\"lazy\" decoding=\"async\" width=\"1200\" height=\"675\" src=\"https:\/\/www.europesays.com\/fr\/wp-content\/uploads\/2025\/11\/1762593044_36_copie-de-preblackfriday-frandroid-solo-1200x675.jpg\" alt=\"TP-LINK Tapo C225 Black Friday\" class=\"wp-image-2849981 wp-image\"  \/><\/a><\/p>\n<ul class=\"wp-block-list\">\n<li>La pr\u00e9sence de l\u2019intelligence artificielle pour une s\u00e9curit\u00e9 optimale<\/li>\n<li>Une captation des images en 2K QHD enrichies par la technologie HDR<\/li>\n<li>Un mode physique pour assurer la confidentialit\u00e9<\/li>\n<\/ul>\n<p>Habituellement vendue \u00e0 69,90 euros, Boulanger fait une promotion de 43 % et en cette p\u00e9riode de pr\u00e9-Black Friday, elle est donc <a href=\"https:\/\/shop.frandroid.com\/3d2vkk97\" target=\"_blank\" rel=\"noreferrer noopener affiliate nofollow\">disponible \u00e0 seulement 39,90 euros<\/a>.<\/p>\n<p>Les JBL Live Pro 2 sont plus anciens dans le catalogue du constructeur, ils ont tout de m\u00eame \u00e9t\u00e9 d\u00e9voil\u00e9s lors du CES de 2022. Ces \u00e9couteurs intra-auriculaires dot\u00e9s d\u2019une tige font beaucoup penser aux AirPods Pro et leur fiche technique reste int\u00e9ressante aujourd\u2019hui. En plus de la r\u00e9duction de bruit active, on retrouve la signature sonore de JBL et la connexion multipoint. Toutefois, l\u2019absence de codec avanc\u00e9 n\u2019en font pas un bon choix pour les gamers et les audiophiles.<\/p>\n<p><a href=\"https:\/\/images.frandroid.com\/wp-content\/uploads\/2025\/10\/jbl-live-pro-2.jpg\" target=\"_blank\" class=\"article-content__figure\" rel=\"noopener\"><img loading=\"lazy\" decoding=\"async\" width=\"1200\" height=\"675\" src=\"https:\/\/www.europesays.com\/fr\/wp-content\/uploads\/2025\/11\/1762593046_86_jbl-live-pro-2-1200x675.jpg\" alt=\"\" class=\"wp-image-2850039 wp-image\"  \/><\/a><\/p>\n<ul class=\"wp-block-list\">\n<li>Une belle autonomie de 40 heures et recharge sans fil Qi<\/li>\n<li>R\u00e9duction de bruit active, mode transparence, connexion multipoint<\/li>\n<li>Des \u00e9couteurs l\u00e9gers et certifi\u00e9s IPX5<\/li>\n<\/ul>\n<p>Au lieu de 149,99 euros, les JBL Live Pro 2 sont aujourd\u2019hui disponibles <a href=\"https:\/\/shop.frandroid.com\/5gghctfq\" data-type=\"link\" data-id=\"https:\/\/www.boulanger.com\/ref\/1181177\" target=\"_blank\" rel=\"noreferrer noopener affiliate nofollow\" data-gtm=\"{&quot;event&quot;:&quot;afficlic&quot;,&quot;nom_marchand&quot;:&quot;boulanger&quot;,&quot;nom_produit&quot;:&quot;inconnu&quot;,&quot;categorie_produit&quot;:&quot;inconnu&quot;,&quot;module_produit&quot;:&quot;editolink&quot;,&quot;position_marchand&quot;:0,&quot;texte&quot;:&quot;en-promotion-a-99-99-euros&quot;,&quot;offer_url&quot;:&quot;https:\/\/shop.frandroid.com\/5gghctfq&quot;,&quot;zone&quot;:&quot;contenu-page&quot;}\">en promotion \u00e0 99,99 euros<\/a> sur Boulanger.<\/p>\n<p>Il n\u2019y a pas que l\u2019OLED dans la vie. Le 65QNED86A de LG en est la preuve vivante : une dalle de 65 pouces bien lumineuse, bien calibr\u00e9e, taill\u00e9e pour le jeu comme pour les longues nuits de s\u00e9ries. <\/p>\n<p><a href=\"https:\/\/images.frandroid.com\/wp-content\/uploads\/2025\/10\/lg-65qned86a-black-friday-frandroid.jpg\" target=\"_blank\" class=\"article-content__figure\" rel=\"noopener\"><img loading=\"lazy\" decoding=\"async\" width=\"1200\" height=\"675\" src=\"https:\/\/www.europesays.com\/fr\/wp-content\/uploads\/2025\/11\/1762593048_776_lg-65qned86a-black-friday-frandroid-1200x675.jpg\" alt=\"\" class=\"wp-image-2849117 wp-image\"  \/><\/a><\/p>\n<ul class=\"wp-block-list\">\n<li>Un r\u00e9tro\u00e9clairage Mini LED qui fait ses preuves<\/li>\n<li>Une dalle compatible Dolby Vision, HDR10, et cadenc\u00e9e \u00e0 144 Hz pour les joueurs<\/li>\n<li>Un son Dolby Atmos<\/li>\n<\/ul>\n<p>Au lieu de 899 euros, le LG 65QNED85A est <a href=\"https:\/\/shop.frandroid.com\/ilzg7dma\" target=\"_blank\" rel=\"noreferrer noopener affiliate nofollow\" data-gtm=\"{&quot;event&quot;:&quot;afficlic&quot;,&quot;nom_marchand&quot;:&quot;boulanger&quot;,&quot;nom_produit&quot;:&quot;inconnu&quot;,&quot;categorie_produit&quot;:&quot;inconnu&quot;,&quot;module_produit&quot;:&quot;editolink&quot;,&quot;position_marchand&quot;:0,&quot;texte&quot;:&quot;aujourd-hui-disponible-en-promotion-a-749-euros-sur-boulanger&quot;,&quot;offer_url&quot;:&quot;https:\/\/shop.frandroid.com\/ilzg7dma&quot;,&quot;zone&quot;:&quot;contenu-page&quot;}\">aujourd\u2019hui disponible en promotion \u00e0 749 euros sur Boulanger<\/a>.<\/p>\n<p>Pour offrir une immersion d\u2019une qualit\u00e9 optimale, la barre de son Samsung HW-B760F\u00a0s\u2019est dot\u00e9e de la technologie DTS Virtual:X capable de donner l\u2019impression que le son se diffuse tout autour de nous. <\/p>\n<p><a href=\"https:\/\/images.frandroid.com\/wp-content\/uploads\/2025\/10\/samsung-b-series-hw-b660f-black-friday-frandroid-1.jpg\" target=\"_blank\" class=\"article-content__figure\" rel=\"noopener\"><img loading=\"lazy\" decoding=\"async\" width=\"1200\" height=\"675\" src=\"https:\/\/www.europesays.com\/fr\/wp-content\/uploads\/2025\/11\/1762593051_822_samsung-b-series-hw-b660f-black-friday-frandroid-1-1200x675.jpg\" alt=\"Barre de son SAMSUNG HW-B760F\" class=\"wp-image-2849803 wp-image\"  \/><\/a><\/p>\n<ul class=\"wp-block-list\">\n<li>La technologie DTS Virtual:X pour une immersion optimale<\/li>\n<li>Un caisson de basse pour restituer les sons les plus graves<\/li>\n<li>L\u2019Adaptive Sound pour rendre les dialogues plus faciles \u00e0 entendre<\/li>\n<\/ul>\n<p>Au lieu de 349 euros, la barre de son Samsung HW-B760F est aujourd\u2019hui disponible en promotion \u00e0 <a href=\"https:\/\/shop.frandroid.com\/o2yh76kv\" target=\"_blank\" rel=\"noreferrer noopener affiliate nofollow\" data-gtm=\"{&quot;event&quot;:&quot;afficlic&quot;,&quot;nom_marchand&quot;:&quot;boulanger&quot;,&quot;nom_produit&quot;:&quot;inconnu&quot;,&quot;categorie_produit&quot;:&quot;inconnu&quot;,&quot;module_produit&quot;:&quot;editolink&quot;,&quot;position_marchand&quot;:0,&quot;texte&quot;:&quot;xxx-euros-chez-boulanger&quot;,&quot;offer_url&quot;:&quot;https:\/\/shop.frandroid.com\/o2yh76kv&quot;,&quot;zone&quot;:&quot;contenu-page&quot;}\">229 euros chez Boulanger<\/a>.<\/p>\n<p>Une dalle de 11\u2033 fluide, une autonomie solide et un stylet inclus, c\u2019est ce que propose la tablette Lenovo Tab K11 Plus. Et, pour l\u2019avant Black Friday, elle chute sous les 200 euros. <\/p>\n<p><a href=\"https:\/\/images.frandroid.com\/wp-content\/uploads\/2025\/10\/lenovo-tab-k11-plus-black-friday-frandroid.jpg\" target=\"_blank\" class=\"article-content__figure\" rel=\"noopener\"><img loading=\"lazy\" decoding=\"async\" width=\"1200\" height=\"675\" src=\"https:\/\/www.europesays.com\/fr\/wp-content\/uploads\/2025\/11\/1762593054_128_lenovo-tab-k11-plus-black-friday-frandroid-1200x675.jpg\" alt=\"\" class=\"wp-image-2849893 wp-image\"  \/><\/a><\/p>\n<ul class=\"wp-block-list\">\n<li>Une tablette l\u00e9g\u00e8re avec quatre haut-parleurs compatible Dolby Atmos<\/li>\n<li>Un trio SoC Mediatek Helio G88, 8 Go de RAM et 256 Go de stockage<\/li>\n<li>Le stylet Lenovo Tab Pen offre une pression de 4096 niveaux<\/li>\n<\/ul>\n<p>Au lieu de 319 euros, la Lenovo Tab K11 Plus est <a href=\"https:\/\/shop.frandroid.com\/949i5cw0\" target=\"_blank\" rel=\"noreferrer noopener affiliate nofollow\" data-gtm=\"{&quot;event&quot;:&quot;afficlic&quot;,&quot;nom_marchand&quot;:&quot;boulanger&quot;,&quot;nom_produit&quot;:&quot;inconnu&quot;,&quot;categorie_produit&quot;:&quot;inconnu&quot;,&quot;module_produit&quot;:&quot;editolink&quot;,&quot;position_marchand&quot;:0,&quot;texte&quot;:&quot;aujourd-hui-disponible-en-promotion-a-199-euros-sur-boulanger&quot;,&quot;offer_url&quot;:&quot;https:\/\/shop.frandroid.com\/949i5cw0&quot;,&quot;zone&quot;:&quot;contenu-page&quot;}\">aujourd\u2019hui disponible en promotion \u00e0 199 euros sur Boulanger<\/a>.<\/p>\n<p>Pour celles et ceux qui veulent d\u00e9penser encore moins, il y a l\u2019alternative toujours sign\u00e9e Lenovo \u00e0 159 euros. M\u00eame esprit, m\u00eame dalle 11 pouces fluide \u00e0 90 Hz, mais un processeur un peu plus sage et un stockage all\u00e9g\u00e9 (128 Go). La tablette IdeaPad <a href=\"https:\/\/shop.frandroid.com\/sd63qtjk\" target=\"_blank\" rel=\"noreferrer noopener affiliate nofollow\" data-gtm=\"{&quot;event&quot;:&quot;afficlic&quot;,&quot;nom_marchand&quot;:&quot;boulanger&quot;,&quot;nom_produit&quot;:&quot;inconnu&quot;,&quot;categorie_produit&quot;:&quot;inconnu&quot;,&quot;module_produit&quot;:&quot;editolink&quot;,&quot;position_marchand&quot;:0,&quot;texte&quot;:&quot;s-affiche-a-159-euros-au-lieu-de-229-chez-boulanger&quot;,&quot;offer_url&quot;:&quot;https:\/\/shop.frandroid.com\/sd63qtjk&quot;,&quot;zone&quot;:&quot;contenu-page&quot;}\">s\u2019affiche \u00e0 159 euros au lieu de 229 chez Boulanger<\/a>.<\/p>\n<p>Si votre salon est trop petit, mais que vous souhaitez tout de m\u00eame y installer un vid\u00e9oprojecteur plut\u00f4t qu\u2019un t\u00e9l\u00e9viseur, alors il faut vous diriger vers un mod\u00e8le \u00e0 ultra-courte focale. Ils peuvent en effet projeter une tr\u00e8s grande image tout en \u00e9tant pos\u00e9 \u00e0 quelques dizaines de centim\u00e8tres du mur. C\u2019est justement ce que peut faire le Samsung The Premiere 7, d\u00e9voil\u00e9 l\u2019ann\u00e9e derni\u00e8re.<\/p>\n<p><a href=\"https:\/\/images.frandroid.com\/wp-content\/uploads\/2025\/10\/samsung-the-premiere-7-black-friday-2025.jpg\" target=\"_blank\" class=\"article-content__figure\" rel=\"noopener\"><img loading=\"lazy\" decoding=\"async\" width=\"1200\" height=\"675\" src=\"https:\/\/www.europesays.com\/fr\/wp-content\/uploads\/2025\/11\/1762593056_695_samsung-the-premiere-7-black-friday-2025-1200x675.jpg\" alt=\"\" class=\"wp-image-2849051 wp-image\"  \/><\/a><\/p>\n<ul class=\"wp-block-list\">\n<li>Un vid\u00e9oprojecteur \u00e9l\u00e9gant \u00e0 ultra-courte\u00a0focale<\/li>\n<li>Des images en 4K jusqu\u2019\u00e0 120 pouces<\/li>\n<li>Une intelligence artificielle int\u00e9gr\u00e9e pour am\u00e9liorer chaque image<\/li>\n<\/ul>\n<p>Auparavant propos\u00e9 \u00e0 2 490 euros, puis r\u00e9duit \u00e0 1 999 euros, le Samsung The Premiere 7 2024 est aujourd\u2019hui <a href=\"https:\/\/shop.frandroid.com\/6kym0c9z\" target=\"_blank\" rel=\"noreferrer noopener affiliate nofollow\" data-gtm=\"{&quot;event&quot;:&quot;afficlic&quot;,&quot;nom_marchand&quot;:&quot;boulanger&quot;,&quot;nom_produit&quot;:&quot;inconnu&quot;,&quot;categorie_produit&quot;:&quot;inconnu&quot;,&quot;module_produit&quot;:&quot;editolink&quot;,&quot;position_marchand&quot;:0,&quot;texte&quot;:&quot;disponible-en-promotion-a-1-499-euros-chez-boulanger&quot;,&quot;offer_url&quot;:&quot;https:\/\/shop.frandroid.com\/6kym0c9z&quot;,&quot;zone&quot;:&quot;contenu-page&quot;}\">disponible en promotion \u00e0 1 499 euros chez Boulanger<\/a>.<\/p>\n<p>Le march\u00e9 des aspirateurs balais est certes domin\u00e9 par Dyson, mais d\u2019autres marques ont aussi investi ce march\u00e9 avec succ\u00e8s. Prenons par exemple Samsung, qui a con\u00e7u plusieurs mod\u00e8les int\u00e9ressants, \u00e0 l\u2019image du Jet 85 Pro. Accompagn\u00e9 d\u2019une multitude d\u2019accessoires, dont un embout \u00e9quip\u00e9 de serpilli\u00e8res, cet appareil peut aspirer, mais aussi laver les sols correctement, tout en restant bien maniable. <\/p>\n<p><a href=\"https:\/\/images.frandroid.com\/wp-content\/uploads\/2025\/10\/samsung-jet-85-pro-black-friday-2025.jpg\" target=\"_blank\" class=\"article-content__figure\" rel=\"noopener\"><img loading=\"lazy\" decoding=\"async\" width=\"1200\" height=\"675\" src=\"https:\/\/www.europesays.com\/fr\/wp-content\/uploads\/2025\/11\/1762593058_50_samsung-jet-85-pro-black-friday-2025-1200x675.jpg\" alt=\"\" class=\"wp-image-2849087 wp-image\"  \/><\/a><\/p>\n<ul class=\"wp-block-list\">\n<li>Un balai aspirateur maniable<\/li>\n<li>Une batterie d\u2019embouts pour toutes les situations<\/li>\n<li>Une autonomie de 60 minutes<\/li>\n<\/ul>\n<p>Initialement affich\u00e9 \u00e0 699 euros, le Samsung Jet 85 Pro est aujourd\u2019hui <a href=\"https:\/\/shop.frandroid.com\/jl8zw9p4\" target=\"_blank\" rel=\"noreferrer noopener affiliate nofollow\" data-gtm=\"{&quot;event&quot;:&quot;afficlic&quot;,&quot;nom_marchand&quot;:&quot;boulanger&quot;,&quot;nom_produit&quot;:&quot;inconnu&quot;,&quot;categorie_produit&quot;:&quot;inconnu&quot;,&quot;module_produit&quot;:&quot;editolink&quot;,&quot;position_marchand&quot;:0,&quot;texte&quot;:&quot;disponible-en-promotion-a-399-euros-chez-boulanger&quot;,&quot;offer_url&quot;:&quot;https:\/\/shop.frandroid.com\/jl8zw9p4&quot;,&quot;zone&quot;:&quot;contenu-page&quot;}\">disponible en promotion \u00e0 399 euros chez Boulanger<\/a>.<\/p>\n<p>Si vous voulez commencer \u00e0 \u00e9quiper votre domicile en \u00e9clairage connect\u00e9, alors vous aurez tout int\u00e9r\u00eat \u00e0 miser sur Philips Hue, dont les r\u00e9f\u00e9rences intelligentes comptent parmi les plus efficaces du march\u00e9. Facilement pilotables et riches en fonctionnalit\u00e9s, elles s\u2019int\u00e8grent dans un \u00e9cosyst\u00e8me vraiment fiable.<\/p>\n<p><a href=\"https:\/\/images.frandroid.com\/wp-content\/uploads\/2025\/10\/pack-philips-hue-black-friday-2025.jpg\" target=\"_blank\" class=\"article-content__figure\" rel=\"noopener\"><img loading=\"lazy\" decoding=\"async\" width=\"1200\" height=\"675\" src=\"https:\/\/www.europesays.com\/fr\/wp-content\/uploads\/2025\/11\/1762593060_187_pack-philips-hue-black-friday-2025-1200x675.jpg\" alt=\"\" class=\"wp-image-2849079 wp-image\"  \/><\/a><\/p>\n<ul class=\"wp-block-list\">\n<li>Deux ampoules qui peuvent diffuser une lumi\u00e8re color\u00e9e et personnalis\u00e9e<\/li>\n<li>Un pont de connexion qui d\u00e9bloque de nombreuses fonctionnalit\u00e9s<\/li>\n<li>Un interrupteur pour contr\u00f4ler l\u2019\u00e9clairage<\/li>\n<li>Une prise pour transformer n\u2019importe quelle lampe en lampe intelligente<\/li>\n<\/ul>\n<p>Initialement affich\u00e9 \u00e0 199,99 euros, le pack d\u00e9couverte Philips Hue avec deux ampoules connect\u00e9es White &amp; Color, un Hue Bridge, un Smart Plug et un interrupteur\/variateur est aujourd\u2019hui <a href=\"https:\/\/shop.frandroid.com\/ypamd40j\" target=\"_blank\" rel=\"noreferrer noopener affiliate nofollow\" data-gtm=\"{&quot;event&quot;:&quot;afficlic&quot;,&quot;nom_marchand&quot;:&quot;boulanger&quot;,&quot;nom_produit&quot;:&quot;inconnu&quot;,&quot;categorie_produit&quot;:&quot;inconnu&quot;,&quot;module_produit&quot;:&quot;editolink&quot;,&quot;position_marchand&quot;:0,&quot;texte&quot;:&quot;disponible-en-promotion-a-89-99-euros-chez-boulanger&quot;,&quot;offer_url&quot;:&quot;https:\/\/shop.frandroid.com\/ypamd40j&quot;,&quot;zone&quot;:&quot;contenu-page&quot;}\">disponible en promotion \u00e0 89,99 euros chez Boulanger<\/a>.<\/p>\n<p>Si le constructeur fait beaucoup parler de ces casques et micros haut de gamme, il ne n\u00e9glige pas pour autant la qualit\u00e9 de ses produits au tarif plus limit\u00e9. Comme pour le HyperX Cloud Alpha, un casque gamer sorti en 2017 mais toujours recommandable aujourd\u2019hui, surtout \u00e0 moiti\u00e9 prix. <\/p>\n<p><a href=\"https:\/\/images.frandroid.com\/wp-content\/uploads\/2025\/10\/hyperx-cloud-alpha-black-friday-2025.jpg\" target=\"_blank\" class=\"article-content__figure\" rel=\"noopener\"><img loading=\"lazy\" decoding=\"async\" width=\"1200\" height=\"675\" src=\"https:\/\/www.europesays.com\/fr\/wp-content\/uploads\/2025\/11\/1762593067_169_hyperx-cloud-alpha-black-friday-2025-1200x675.jpg\" alt=\"\" class=\"wp-image-2849619 wp-image\"  \/><\/a><\/p>\n<ul class=\"wp-block-list\">\n<li>Un casque filaire confortable<\/li>\n<li>Un son st\u00e9r\u00e9o de bonne qualit\u00e9<\/li>\n<li>Un micro de bonne facture<\/li>\n<\/ul>\n<p>Au lieu de 99,99 euros habituellement, le HyperX Cloud Alpha est maintenant disponible\u00a0<a href=\"https:\/\/shop.frandroid.com\/ja66kwx6\" data-type=\"link\" data-id=\"https:\/\/www.boulanger.com\/ref\/1173709?at_medium=affiliate&amp;at_campaign=boulanger&amp;at_type=64&amp;at_identifier=1395037010&amp;at_variant=EGC&amp;eff_cpt=13467184&amp;eff_sub1=ppr-fr-1797727504\" target=\"_blank\" rel=\"noreferrer noopener affiliate nofollow\" data-gtm=\"{&quot;event&quot;:&quot;afficlic&quot;,&quot;nom_marchand&quot;:&quot;boulanger&quot;,&quot;nom_produit&quot;:&quot;inconnu&quot;,&quot;categorie_produit&quot;:&quot;inconnu&quot;,&quot;module_produit&quot;:&quot;editolink&quot;,&quot;position_marchand&quot;:0,&quot;texte&quot;:&quot;en-promotion-a-49-99-euros-chez-boulanger&quot;,&quot;offer_url&quot;:&quot;https:\/\/shop.frandroid.com\/ja66kwx6&quot;,&quot;zone&quot;:&quot;contenu-page&quot;}\">en promotion \u00e0 49,99 euros chez Boulanger<\/a> et <a href=\"https:\/\/shop.frandroid.com\/3l9vl8ay\" target=\"_blank\" rel=\"noreferrer noopener affiliate nofollow\" data-gtm=\"{&quot;event&quot;:&quot;afficlic&quot;,&quot;nom_marchand&quot;:&quot;amazon_fr&quot;,&quot;nom_produit&quot;:&quot;inconnu&quot;,&quot;categorie_produit&quot;:&quot;inconnu&quot;,&quot;module_produit&quot;:&quot;editolink&quot;,&quot;position_marchand&quot;:0,&quot;texte&quot;:&quot;sur-amazon&quot;,&quot;offer_url&quot;:&quot;https:\/\/shop.frandroid.com\/3l9vl8ay&quot;,&quot;zone&quot;:&quot;contenu-page&quot;}\">sur Amazon<\/a>.<\/p>\n<p>Le Lenovo LOQ 15IRX10 est un laptop gamer taill\u00e9 pour la performance avec sa carte graphique puissante et son \u00e9cran bien fluide.<\/p>\n<p><a href=\"https:\/\/images.frandroid.com\/wp-content\/uploads\/2025\/10\/lenovo-loq-15irx10-black-friday-2025.jpg\" target=\"_blank\" class=\"article-content__figure\" rel=\"noopener\"><img loading=\"lazy\" decoding=\"async\" width=\"1200\" height=\"675\" src=\"https:\/\/www.europesays.com\/fr\/wp-content\/uploads\/2025\/11\/1762593070_6_lenovo-loq-15irx10-black-friday-2025-1200x675.jpg\" alt=\"\" class=\"wp-image-2849083 wp-image\"  \/><\/a><\/p>\n<ul class=\"wp-block-list\">\n<li>Une dalle Full HD IPS de 15,6 pouces + 144 Hz<\/li>\n<li>Un Intel Core i7 de 13e gen \u00e9paul\u00e9 par 16 Go de RAM <\/li>\n<li>Une RTX 5070 pour jouer en 1440p<\/li>\n<\/ul>\n<p>Auparavant affich\u00e9 \u00e0 1 799,99 euros, le Lenovo LOQ 15IRX10 est aujourd\u2019hui <a href=\"https:\/\/shop.frandroid.com\/gqzvg1kk\" target=\"_blank\" rel=\"noreferrer noopener affiliate nofollow\" data-gtm=\"{&quot;event&quot;:&quot;afficlic&quot;,&quot;nom_marchand&quot;:&quot;boulanger&quot;,&quot;nom_produit&quot;:&quot;inconnu&quot;,&quot;categorie_produit&quot;:&quot;inconnu&quot;,&quot;module_produit&quot;:&quot;editolink&quot;,&quot;position_marchand&quot;:0,&quot;texte&quot;:&quot;disponible-en-promotion-a-1-299-99-euros-chez-boulanger&quot;,&quot;offer_url&quot;:&quot;https:\/\/shop.frandroid.com\/gqzvg1kk&quot;,&quot;zone&quot;:&quot;contenu-page&quot;}\">disponible en promotion \u00e0 1 299,99 euros chez Boulanger<\/a>.<\/p>\n<p>C\u2019est vrai qu\u2019il n\u2019y en a que pour les Samsung Galaxy S et parfois les pliants Z, mais ne jetons pas non plus les Galaxy A dans les orties. Ces smartphones \u00e0 un tarif beaucoup plus accessible misent sur l\u2019essentiel, ce qui est notamment le cas du Samsung Galaxy A17 4G. Vous pouvez vous r\u00e9f\u00e9rer \u00e0 <a href=\"https:\/\/www.frandroid.com\/test\/2770815_test-samsung-galaxy-a17-5g-arrivee-timide-lia-mais-aucune-evolution-technique-significative\" data-type=\"link\" data-id=\"https:\/\/www.frandroid.com\/test\/2770815_test-samsung-galaxy-a17-5g-arrivee-timide-lia-mais-aucune-evolution-technique-significative\" target=\"_blank\" rel=\"noopener\">notre test de la version 5G (7\/10)<\/a> qui partage beaucoup de points communs tels que la qualit\u00e9 de l\u2019\u00e9cran OLED ou le suivi logiciel de 6 ans.<\/p>\n<p><a href=\"https:\/\/images.frandroid.com\/wp-content\/uploads\/2025\/10\/samsung-galaxy-a17-4g.jpg\" target=\"_blank\" class=\"article-content__figure\" rel=\"noopener\"><img loading=\"lazy\" decoding=\"async\" width=\"1200\" height=\"675\" src=\"https:\/\/www.europesays.com\/fr\/wp-content\/uploads\/2025\/11\/1762593073_412_samsung-galaxy-a17-4g-1200x675.jpg\" alt=\"\" class=\"wp-image-2849257 wp-image\"  \/><\/a><\/p>\n<ul class=\"wp-block-list\">\n<li>One UI et le suivi logiciel avec 6 ans de MAJ Android<\/li>\n<li>Un appareil photo plut\u00f4t bon, avec un nouveau stabilisateur<\/li>\n<li>Une batterie de 5 000 mAh et une recharge de 25 W<\/li>\n<\/ul>\n<p>Au lieu de 199,99 euros, le Samsung Galaxy A17 (128 Go) est aujourd\u2019hui disponible <a href=\"https:\/\/shop.frandroid.com\/a86r5juq\" data-type=\"link\" data-id=\"https:\/\/www.boulanger.com\/ref\/1227532\" target=\"_blank\" rel=\"noreferrer noopener affiliate nofollow\" data-gtm=\"{&quot;event&quot;:&quot;afficlic&quot;,&quot;nom_marchand&quot;:&quot;boulanger&quot;,&quot;nom_produit&quot;:&quot;inconnu&quot;,&quot;categorie_produit&quot;:&quot;inconnu&quot;,&quot;module_produit&quot;:&quot;editolink&quot;,&quot;position_marchand&quot;:0,&quot;texte&quot;:&quot;en-promotion-a-179-euros&quot;,&quot;offer_url&quot;:&quot;https:\/\/shop.frandroid.com\/a86r5juq&quot;,&quot;zone&quot;:&quot;contenu-page&quot;}\">en promotion \u00e0 179 euros<\/a> sur Amazon.<\/p>\n<p>Son nom laisse penser \u00e0 un mod\u00e8le au rabais, mais le Honor 400 Lite ne se laisse pas r\u00e9sumer en un mot. Il affiche un design \u00e9l\u00e9gant, 7,3 mm d\u2019\u00e9paisseur, un dos satin\u00e9, et un poids plume de 171 g qui le rend agr\u00e9able \u00e0 utiliser d\u2019une seule main.<\/p>\n<p><a href=\"https:\/\/images.frandroid.com\/wp-content\/uploads\/2025\/10\/honor-400-lite-buds-black-friday-frandroid.jpg\" target=\"_blank\" class=\"article-content__figure\" rel=\"noopener\"><img loading=\"lazy\" decoding=\"async\" width=\"1200\" height=\"675\" src=\"https:\/\/www.europesays.com\/fr\/wp-content\/uploads\/2025\/11\/1762593076_454_honor-400-lite-buds-black-friday-frandroid-1200x675.jpg\" alt=\"\" class=\"wp-image-2849301 wp-image\"  \/><\/a><\/p>\n<ul class=\"wp-block-list\">\n<li>Un smartphone \u00e9l\u00e9gant avec une belle dalle AMOLED<\/li>\n<li>Un capteur photo principal de 108 m\u00e9gapixels<\/li>\n<li>Des \u00e9couteurs ultra-l\u00e9gers avec r\u00e9duction de bruit<\/li>\n<\/ul>\n<p>Au lieu de 301,99 euros, le duo Honor 400 Lite et Buds Choice X7i est <a href=\"https:\/\/shop.frandroid.com\/zc2w5nza\" target=\"_blank\" rel=\"noreferrer noopener affiliate nofollow\" data-gtm=\"{&quot;event&quot;:&quot;afficlic&quot;,&quot;nom_marchand&quot;:&quot;boulanger&quot;,&quot;nom_produit&quot;:&quot;inconnu&quot;,&quot;categorie_produit&quot;:&quot;inconnu&quot;,&quot;module_produit&quot;:&quot;editolink&quot;,&quot;position_marchand&quot;:0,&quot;texte&quot;:&quot;aujourd-hui-disponible-en-promotion-a-199-99-euros-sur-boulanger&quot;,&quot;offer_url&quot;:&quot;https:\/\/shop.frandroid.com\/zc2w5nza&quot;,&quot;zone&quot;:&quot;contenu-page&quot;}\">aujourd\u2019hui disponible en promotion \u00e0 199,99 euros sur Boulanger<\/a>. <\/p>\n<p>Entre t\u00e9l\u00e9viseurs trop plats et dialogues qu\u2019on devine plus qu\u2019on entend, la barre de son Samsung B-Series HW-B660F arrive comme un sauveur, surtout \u00e0 moins de 200 euros. <\/p>\n<p><a href=\"https:\/\/images.frandroid.com\/wp-content\/uploads\/2025\/10\/samsung-b-series-hw-b660f-black-friday-frandroid.jpg\" target=\"_blank\" class=\"article-content__figure\" rel=\"noopener\"><img loading=\"lazy\" decoding=\"async\" width=\"1200\" height=\"675\" src=\"https:\/\/www.europesays.com\/fr\/wp-content\/uploads\/2025\/11\/1762593078_535_samsung-b-series-hw-b660f-black-friday-frandroid-1200x675.jpg\" alt=\"\" class=\"wp-image-2849245 wp-image\"  \/><\/a><\/p>\n<ul class=\"wp-block-list\">\n<li>Un son spatial Dolby Atmos<\/li>\n<li>Un caisson de basses sans fil<\/li>\n<li>Des modes jeu et nuit pour s\u2019adapter \u00e0 chaque contenu<\/li>\n<\/ul>\n<p>Au lieu de 329 euros, la Samsung HW-B660F est <a href=\"https:\/\/shop.frandroid.com\/r2vea1pn\" target=\"_blank\" rel=\"noreferrer noopener affiliate nofollow\" data-gtm=\"{&quot;event&quot;:&quot;afficlic&quot;,&quot;nom_marchand&quot;:&quot;fnac&quot;,&quot;nom_produit&quot;:&quot;inconnu&quot;,&quot;categorie_produit&quot;:&quot;inconnu&quot;,&quot;module_produit&quot;:&quot;editolink&quot;,&quot;position_marchand&quot;:0,&quot;texte&quot;:&quot;aujourd-hui-disponible-en-promotion-a-199-euros-sur-la-fnac&quot;,&quot;offer_url&quot;:&quot;https:\/\/shop.frandroid.com\/r2vea1pn&quot;,&quot;zone&quot;:&quot;contenu-page&quot;}\">aujourd\u2019hui disponible en promotion \u00e0 199 euros sur la Fnac<\/a>, ainsi <a href=\"https:\/\/shop.frandroid.com\/ah2qnaai\" target=\"_blank\" rel=\"noreferrer noopener affiliate nofollow\" data-gtm=\"{&quot;event&quot;:&quot;afficlic&quot;,&quot;nom_marchand&quot;:&quot;darty&quot;,&quot;nom_produit&quot;:&quot;inconnu&quot;,&quot;categorie_produit&quot;:&quot;inconnu&quot;,&quot;module_produit&quot;:&quot;editolink&quot;,&quot;position_marchand&quot;:0,&quot;texte&quot;:&quot;que-sur-darty&quot;,&quot;offer_url&quot;:&quot;https:\/\/shop.frandroid.com\/ah2qnaai&quot;,&quot;zone&quot;:&quot;contenu-page&quot;}\">que sur Darty<\/a>.<\/p>\n<p>Le Pixel 10 est la nouvelle it\u00e9ration du smartphone devenu culte de Google. Il poursuit le sillon creus\u00e9 par le g\u00e9ant de Mountain View avec son savoir-faire en photo, et surtout l\u2019IA omnipr\u00e9sente. <\/p>\n<p><a href=\"https:\/\/images.frandroid.com\/wp-content\/uploads\/2025\/10\/google-pixel-10-pre-black-friday-frandroid.jpg\" target=\"_blank\" class=\"article-content__figure\" rel=\"noopener\"><img loading=\"lazy\" decoding=\"async\" width=\"1200\" height=\"675\" src=\"https:\/\/www.europesays.com\/fr\/wp-content\/uploads\/2025\/11\/1762593080_93_google-pixel-10-pre-black-friday-frandroid-1200x675.jpg\" alt=\"\" class=\"wp-image-2849057 wp-image\"  \/><\/a><\/p>\n<ul class=\"wp-block-list\">\n<li>Une dalle LTPO OLED cadenc\u00e9e \u00e0 120 Hz<\/li>\n<li>Le SoC Tensor G5 parfaitement optimis\u00e9<\/li>\n<li>Un t\u00e9l\u00e9objectif x5 et de l\u2019IA partout<\/li>\n<\/ul>\n<p>Au lieu de 899 euros, le Google Pixel 10 est aujourd\u2019hui disponible <a href=\"https:\/\/shop.frandroid.com\/mughnire\" target=\"_blank\" rel=\"noreferrer noopener affiliate nofollow\">en promotion \u00e0 699 euros sur Boulanger<\/a>, en faisant <a href=\"https:\/\/boulanger.scene7.com\/is\/content\/Boulanger\/2.B.com\/Commerce\/EMS\/bonusrachat.pdf\" data-type=\"link\" data-id=\"https:\/\/boulanger.scene7.com\/is\/content\/Boulanger\/2.B.com\/Commerce\/EMS\/bonusrachat.pdf\" target=\"_blank\" rel=\"noreferrer noopener nofollow\">fonctionner le bonus de reprise<\/a>.<\/p>\n<p>Les dates du Black Friday en France<\/p>\n<p>Aux \u00c9tats-Unis, les dates du Black Friday sont fix\u00e9es <strong>du vendredi 28 au dimanche 30 novembre 2025 inclus<\/strong>. En France, c\u2019est un peu plus compliqu\u00e9 que \u00e7a, puisque les promotions commencent d\u00e8s maintenant sous le signe de l\u2019avant-premi\u00e8re. Dans tous les cas, le c\u00e9l\u00e8bre <strong><a href=\"https:\/\/www.frandroid.com\/tag\/cyber-monday\" target=\"_blank\" rel=\"noopener\">Cyber Monday<\/a><\/strong> cl\u00f4turera le tout pendant la journ\u00e9e du lundi 1er d\u00e9cembre.<\/p>\n<p>Les e-commer\u00e7ants participants<\/p>\n<p>Black Friday 2025 : pour ne rien rater des offres en avant-premi\u00e8re<\/p>\n<p>Le v\u00e9ritable Black Friday ne commencera que le 28 novembre prochain, mais les e-commer\u00e7ants ont d\u00e9j\u00e0 partag\u00e9 des offres en avance. Une aubaine si vous voulez anticiper vos achats de fin d\u2019ann\u00e9e. <\/p>\n<p>Si vous n\u2019avez pas trouv\u00e9 votre bonheur dans les s\u00e9lections pr\u00e9c\u00e9demment cit\u00e9es, voici ce qu\u2019il vous reste \u00e0 faire : <\/p>\n<ul class=\"wp-block-list\">\n<li>Suivez notre compte X\u00a0<a href=\"https:\/\/twitter.com\/FrandroidPromos\" target=\"_blank\" rel=\"noreferrer noopener\">@FrandroidPromos<\/a> uniquement d\u00e9di\u00e9 aux bons plans (pensez \u00e0 activer la cloche pour recevoir les notifications en temps r\u00e9el)<\/li>\n<li><a href=\"https:\/\/whatsapp.com\/channel\/0029VabYxm5LI8YhSlD8xc05\" target=\"_blank\" rel=\"noreferrer noopener\">Rejoignez notre canal WhatsApp<\/a> pour recevoir une fois par jour un condens\u00e9 des meilleures offres<\/li>\n<li>T\u00e9l\u00e9chargez notre <a href=\"https:\/\/www.frandroid.com\/telecharger\/apps\/frandroid\" target=\"_blank\" rel=\"noreferrer noopener\">application Frandroid<\/a> (disponible sur iOS et Android) pour activer les notifications de la cat\u00e9gorie \u00ab Bons Plans \u00bb et ainsi recevoir en temps r\u00e9el les nouveaux articles li\u00e9s aux Black Friday 2025<\/li>\n<li>Abonnez-vous \u00e0 notre newsletter pour \u00eatre s\u00fbr de recevoir les offres en avant-premi\u00e8re (pas plus d\u2019un mail par jour, d\u00e9sinscription en 1 clic, aucune diffusion \u00e0 des tiers) :<\/li>\n<\/ul>\n<p class=\"newsletter-form__title is-size-6 is-size-7-mobile is-uppercase has-text-good-deals has-text-weight-semibold mb-4 px-5\">Frandroid Bons plans<\/p>\n<p class=\"has-text-centered-tablet newsletter-form__subtitle is-size-4 has-text-weight-bold has-text-primary column is-9-tablet is-10-mobile\">\n                C\u2019est enregistr\u00e9 ! Surveillez votre bo\u00eete aux lettres, vous allez entendre parler de nous\u00a0!\n            <\/p>\n<p class=\"newsletter-form__subtitle is-size-4 has-text-weight-bold has-text-gradient-pink\">Ne manquez aucun bon plan avec notre newsletter<\/p>\n<p class=\"is-size-7\">\n                Les donn\u00e9es transmises par le biais de ce formulaire sont destin\u00e9es \u00e0 Humanoid,<br \/>\n                soci\u00e9t\u00e9 \u00e9ditrice du site Frandroid en sa qualit\u00e9 de responsable de traitement.<br \/>\n                Elles ne seront en aucun cas c\u00e9d\u00e9es \u00e0 des tiers. Ces donn\u00e9es sont trait\u00e9es sous r\u00e9serve d\u2019obtention de<br \/>\n                votre consentement pour vous envoyer par e-mail des actualit\u00e9s et informations relatives aux contenus<br \/>\n                \u00e9ditoriaux publi\u00e9s sur Frandroid. Vous pouvez vous opposer \u00e0 tout moment \u00e0 ces e-mails<br \/>\n                en cliquant sur les liens de d\u00e9sinscriptions pr\u00e9sents dans chacun d\u2019eux. Pour plus d\u2019informations, vous<br \/>\n                pouvez consulter l\u2019int\u00e9gralit\u00e9 de notre <a href=\"https:\/\/www.frandroid.com\/politique-donnees-personnelles\" target=\"_blank\" rel=\"noopener\"><br \/>\n                politique de traitement de vos donn\u00e9es personnelles<\/a>.<br \/>\n                Vous disposez d\u2019un droit d\u2019acc\u00e8s, de rectification, d\u2019effacement, de limitation, de portabilit\u00e9 et<br \/>\n                d\u2019opposition pour motif l\u00e9gitime aux donn\u00e9es personnelles vous concernant. Pour exercer l\u2019un de ces droits,<br \/>\n                merci d\u2019effectuer votre demande via notre <a href=\"https:\/\/www.frandroid.com\/contact\/#RGPD\" target=\"_blank\" rel=\"noopener\">formulaire<br \/>\n                de demandes d\u2019exercices de droits d\u00e9di\u00e9<\/a>.\n            <\/p>\n<p>Envie de retrouver les meilleurs articles de Frandroid sur Google News ? Vous pouvez suivre <strong><a href=\"https:\/\/news.google.com\/publications\/CAAqBggKMICKMDCuyQU?oc=3\" target=\"_blank\" rel=\"noopener null noreferrer\">Frandroid sur Google News<\/a> en un clic.<\/strong><\/p>\n<p>            <script async src=\"https:\/\/platform.twitter.com\/widgets.js\" charset=\"utf-8\"><\/script><\/p>\n","protected":false},"excerpt":{"rendered":"De nombreux e-commer\u00e7ants ont pris de l\u2019avance sur le Black Friday cette ann\u00e9e on retrouve d\u00e8s maintenant de&hellip;\n","protected":false},"author":2,"featured_media":525515,"comment_status":"","ping_status":"","sticky":false,"template":"","format":"standard","meta":{"footnotes":""},"categories":[7],"tags":[62374,13052,1011,27,43,40,41,39,64121,42,44],"class_list":{"0":"post-525514","1":"post","2":"type-post","3":"status-publish","4":"format-standard","5":"has-post-thumbnail","7":"category-sciences-et-technologies","8":"tag-black-friday-2025","9":"tag-bons-plans-rakuten","10":"tag-fr","11":"tag-france","12":"tag-science","13":"tag-science-and-technology","14":"tag-sciences","15":"tag-sciences-et-technologies","16":"tag-selections-black-friday","17":"tag-technologies","18":"tag-technology"},"share_on_mastodon":{"url":"https:\/\/pubeurope.com\/@fr\/115526989074571016","error":""},"_links":{"self":[{"href":"https:\/\/www.europesays.com\/fr\/wp-json\/wp\/v2\/posts\/525514","targetHints":{"allow":["GET"]}}],"collection":[{"href":"https:\/\/www.europesays.com\/fr\/wp-json\/wp\/v2\/posts"}],"about":[{"href":"https:\/\/www.europesays.com\/fr\/wp-json\/wp\/v2\/types\/post"}],"author":[{"embeddable":true,"href":"https:\/\/www.europesays.com\/fr\/wp-json\/wp\/v2\/users\/2"}],"replies":[{"embeddable":true,"href":"https:\/\/www.europesays.com\/fr\/wp-json\/wp\/v2\/comments?post=525514"}],"version-history":[{"count":0,"href":"https:\/\/www.europesays.com\/fr\/wp-json\/wp\/v2\/posts\/525514\/revisions"}],"wp:featuredmedia":[{"embeddable":true,"href":"https:\/\/www.europesays.com\/fr\/wp-json\/wp\/v2\/media\/525515"}],"wp:attachment":[{"href":"https:\/\/www.europesays.com\/fr\/wp-json\/wp\/v2\/media?parent=525514"}],"wp:term":[{"taxonomy":"category","embeddable":true,"href":"https:\/\/www.europesays.com\/fr\/wp-json\/wp\/v2\/categories?post=525514"},{"taxonomy":"post_tag","embeddable":true,"href":"https:\/\/www.europesays.com\/fr\/wp-json\/wp\/v2\/tags?post=525514"}],"curies":[{"name":"wp","href":"https:\/\/api.w.org\/{rel}","templated":true}]}}