{"id":525516,"date":"2025-11-10T19:08:15","date_gmt":"2025-11-10T19:08:15","guid":{"rendered":"https:\/\/www.europesays.com\/fr\/525516\/"},"modified":"2025-11-10T19:08:15","modified_gmt":"2025-11-10T19:08:15","slug":"supermarches-centres-commerciaux-tour-dhorizon-pour-larmistice","status":"publish","type":"post","link":"https:\/\/www.europesays.com\/fr\/525516\/","title":{"rendered":"supermarch\u00e9s, centres commerciaux, tour d&rsquo;horizon pour l&rsquo;Armistice"},"content":{"rendered":"<p class=\"app_entry_lead\">\n<p>                    <a title=\"\u00a0\u00a9\u00a0Matty Symons \/ Adobe Stock\" href=\"https:\/\/www.europesays.com\/fr\/wp-content\/uploads\/2025\/05\/11115353.jpg\" class=\"fancy\"><\/p>\n<p>                            <img loading=\"lazy\" decoding=\"async\" src=\"https:\/\/www.europesays.com\/fr\/wp-content\/uploads\/2025\/05\/11115353.jpg\" alt=\"Magasins ouverts le 11\u00a0novembre\u00a02025\u00a0: supermarch\u00e9s, centres commerciaux, tour d'horizon pour l'Armistice\" width=\"1500\" height=\"994\"\/><\/p>\n<p>                    <\/a><\/p>\n<p>                Ce mardi 11\u00a0novembre 2025\u00a0est un jour f\u00e9ri\u00e9 en hommage \u00e0 l&rsquo;Armistice de 1918. Malgr\u00e9 cette comm\u00e9moration nationale, de nombreux commerces ne ferment pas dans les grandes villes. Voici la liste des magasins ouverts et leurs horaires modifi\u00e9s \u00e0 Paris, Lyon, Lille, Bordeaux, Toulouse ou Marseille.<\/p>\n<p>Vous comptez profiter de ce mardi 11 novembre 2025, <a href=\"https:\/\/www.linternaute.fr\/sortir\/guide-des-loisirs\/1277811-jours-feries-2025-2026-date-du-prochain-et-calendrier-a-telecharger\/\" title=\"Jours f\u00e9ri\u00e9s\" target=\"_blank\" rel=\"noopener\">jour f\u00e9ri\u00e9<\/a> en France \u00e0 l&rsquo;occasion de l&rsquo;Armistice de 1918, pour faire vos courses alimentaires ou bien du l\u00e8che-vitrines, mais craignez que vos boutiques pr\u00e9f\u00e9r\u00e9es soient ferm\u00e9es\u00a0? Rassurez-vous\u00a0: malgr\u00e9 le fait que de nombreux Fran\u00e7ais profitent d&rsquo;un week-end de 4 jours en faisant le pont\u00a0pour partir en vacances, de nombreux commerces restent ouverts ce mardi partout en France, notamment \u00e0 Paris, Lyon, Lille, Nantes, Bordeaux, Toulouse\u00a0ou Marseille.<\/p>\n<p>C&rsquo;est notamment le cas des enseignes de grande distribution comme Carrefour ou Auchan, ainsi que des grands magasins comme les Galeries Lafayette, le Printemps Hausmann et le BHV. Vous pouvez retrouver une liste d\u00e9taill\u00e9e des enseignes ouvertes \u00e0 Paris, Lyon, Lille, Nantes, Bordeaux, Toulouse\u00a0et Marseille en consultant notre article ci-dessous. Vous remarquerez que les\u00a0horaires d&rsquo;ouverture de certaines enseignes changent par rapport aux horaires habituels, jour f\u00e9ri\u00e9 oblige.<\/p>\n<p>Derni\u00e8res mises \u00e0 jour<\/p>\n<p><a name=\"post1762797600\"\/>19:00 &#8211; Quels sont les supermarch\u00e9s ouverts ce jour f\u00e9ri\u00e9 du mardi 11 novembre 2025 ?<\/p>\n<p>Dans toute la France, la plupart des supermarch\u00e9s ne ferment pas ce mardi 11 novembre 2025 f\u00e9ri\u00e9, mais les ouvertures exceptionnelles se font au cas par cas selon la r\u00e9gion dans laquelle vous vous trouvez.\u00a0<\/p>\n<ul>&#13;<\/p>\n<li><a href=\"http:\/\/www.carrefour.fr\/magasin\" target=\"_blank\" rel=\"noopener\">Carrefour<\/a>\u00a0: trouvez votre magasin Carrefour le plus proche et les horaires seront affich\u00e9s.\u00a0<\/li>\n<p>&#13;<\/p>\n<li><a href=\"http:\/\/www.franprix.fr\/magasins\" target=\"_blank\" rel=\"noopener\">Franprix<\/a> : renseigner votre adresse dans le champ libre en-dessous de\u00a0\u00ab\u00a0Trouver un magasin\u00a0\u00bb.<\/li>\n<p>&#13;<\/p>\n<li><a href=\"https:\/\/www.auchan.fr:443\/nos-magasins\" target=\"_blank\" rel=\"noopener\">Auchan<\/a> : cliquez sur \u00ab\u00a0Choisir un magasin\u00a0\u00bb en haut \u00e0 droite, puis s\u00e9lectionnez le plus proche de chez vous pour acc\u00e9der au site du magasin et ses horaires.<\/li>\n<p>&#13;<\/p>\n<li><a href=\"http:\/\/www.action.com\/fr-fr\/points-de-vente\/\" target=\"_blank\" rel=\"noopener\">Action<\/a> : renseignez-vous sur cette page en indiquant le magasin que vous souhaitez visiter.<\/li>\n<p>&#13;<\/p>\n<li><a href=\"http:\/\/www.cora.fr\/infos-et-services\" target=\"_blank\" rel=\"noopener\">Cora<\/a> : \u00e0 partir de la page d&rsquo;accueil, cliquez sur \u00ab\u00a0Choisissez votre magasin pour conna\u00eetre ses horaires\u00a0\u00bb s\u00e9lectionnez le v\u00f4tre et vous obtiendrez son horaire depuis la page d&rsquo;accueil du magasin en question.<\/li>\n<p>&#13;<\/p>\n<li><a href=\"http:\/\/www.e.leclerc\/\" target=\"_blank\" rel=\"noopener\">Leclerc<\/a> : cliquer sur \u00ab\u00a0Choisir mon magasin\u00a0\u00bb et les horaires d&rsquo;ouverture exceptionnelle seront indiqu\u00e9es\u00a0!<\/li>\n<p>&#13;<\/p>\n<li><a href=\"http:\/\/www.intermarche.com\" target=\"_blank\" rel=\"noopener\">Intermarch\u00e9<\/a> : chercher un magasin \u00e0 l&rsquo;aide de votre code postal, et vous obtiendrez ses horaires d&rsquo;ouverture.<\/li>\n<p>&#13;\n<\/ul>\n<p><a name=\"post1762790400\"\/>17:00 &#8211; Quels commerces sont ouverts ou ferm\u00e9s \u00e0 Lyon ce mardi 11 novembre 2025 ?<\/p>\n<p>Dans la capitale des Gaules, en ce mardi 11 novembre f\u00e9ri\u00e9, la plupart des commerces et supermarch\u00e9s sont ouverts. Les\u00a0deux grands centres commerciaux\u00a0Westfield La Part-Dieu et Confluence ainsi que le Centre Carr\u00e9 de Soie\u00a0de la ville de Lille ouvrent exceptionnellement leurs portes. Voici les horaires exceptionnels en d\u00e9tail ci-dessous :<\/p>\n<ul>&#13;<\/p>\n<li><strong>Westfield La Part-Dieu<\/strong>\u00a0: ouvert de 10h \u00e0 20h<\/li>\n<p>&#13;<\/p>\n<li><strong>Confluence<\/strong>\u00a0: ouvert de 10h \u00e0 20h<\/li>\n<p>&#13;<\/p>\n<li><strong>Grand H\u00f4tel Dieu<\/strong>\u00a0: ouvert de 11h \u00e0 19h<\/li>\n<p>&#13;<\/p>\n<li><strong>Centre Carr\u00e9 de Soie<\/strong>\u00a0: ouvert de 10h \u00e0 20h<\/li>\n<p>&#13;\n<\/ul>\n<p><a name=\"post1762786800\"\/>16:00 &#8211; Quels sont les grands magasins ouverts ce mardi 11 novembre f\u00e9ri\u00e9 \u00e0 Paris ?<\/p>\n<p>Pour ceux qui\u00a0comptent profiter de ce mardi 11 novembre 2025 pour\u00a0se faire une petite\u00a0apr\u00e8s-midi shopping, sachez qu&rsquo;\u00e0 Paris, les grands magasins et les centres commerciaux seront \u00ab\u00a0exceptionnellement\u00a0\u00bb ouverts ce jour f\u00e9ri\u00e9. Voici les horaires d&rsquo;ouverture de ces magasins et centres commerciaux parisiens exceptionnellement en activit\u00e9 ce 11 novembre\u00a0:\u00a0<\/p>\n<ul>&#13;<\/p>\n<li>Le Forum des Halles\u00a0: de 10h \u00e0 20h30<\/li>\n<p>&#13;<\/p>\n<li>Les Galeries Lafayette\u00a0: de 11h \u00e0 20h<\/li>\n<p>&#13;<\/p>\n<li>Samaritaine\u00a0:\u00a0de 10h \u00e0 20h<\/li>\n<p>&#13;<\/p>\n<li>Carrousel du Louvre\u00a0: de 11h \u00e0 18h<\/li>\n<p>&#13;<\/p>\n<li>BHV Marais\u00a0: de 10h \u00e0 20h<\/li>\n<p>&#13;<\/p>\n<li>BHV\u00a0L&rsquo;Homme\u00a0: de 10h \u00e0 20h<\/li>\n<p>&#13;<\/p>\n<li>Le Bon March\u00e9\u00a0:\u00a0de 10h \u00e0 19h45<\/li>\n<p>&#13;<\/p>\n<li>Centre Italie 2\u00a0: de 10h \u00e0 20h<\/li>\n<p>&#13;<\/p>\n<li>Printemps Haussmann\u00a0: de 10h \u00e0 20h<\/li>\n<p>&#13;<\/p>\n<li>Bercy Village\u00a0: de\u00a010h \u00e0 20h<\/li>\n<p>&#13;<\/p>\n<li>Centre Beaugrenelle\u00a0: de 10h \u00e0 20h<\/li>\n<p>&#13;\n<\/ul>\n","protected":false},"excerpt":{"rendered":"Ce mardi 11\u00a0novembre 2025\u00a0est un jour f\u00e9ri\u00e9 en hommage \u00e0 l&rsquo;Armistice de 1918. Malgr\u00e9 cette comm\u00e9moration nationale, de&hellip;\n","protected":false},"author":2,"featured_media":135795,"comment_status":"","ping_status":"","sticky":false,"template":"","format":"standard","meta":{"footnotes":""},"categories":[6],"tags":[35,64521,51761,33,34,51763,1011,27,39144,64522,51767,10919],"class_list":{"0":"post-525516","1":"post","2":"type-post","3":"status-publish","4":"format-standard","5":"has-post-thumbnail","7":"category-economie","8":"tag-business","9":"tag-cms-linternaute-2632409","10":"tag-controller-content","11":"tag-economie","12":"tag-economy","13":"tag-format-papier","14":"tag-fr","15":"tag-france","16":"tag-jours-feries","17":"tag-magasin-ouvert","18":"tag-parallaxeinfeed","19":"tag-toussaint"},"share_on_mastodon":{"url":"https:\/\/pubeurope.com\/@fr\/115526986984952267","error":""},"_links":{"self":[{"href":"https:\/\/www.europesays.com\/fr\/wp-json\/wp\/v2\/posts\/525516","targetHints":{"allow":["GET"]}}],"collection":[{"href":"https:\/\/www.europesays.com\/fr\/wp-json\/wp\/v2\/posts"}],"about":[{"href":"https:\/\/www.europesays.com\/fr\/wp-json\/wp\/v2\/types\/post"}],"author":[{"embeddable":true,"href":"https:\/\/www.europesays.com\/fr\/wp-json\/wp\/v2\/users\/2"}],"replies":[{"embeddable":true,"href":"https:\/\/www.europesays.com\/fr\/wp-json\/wp\/v2\/comments?post=525516"}],"version-history":[{"count":0,"href":"https:\/\/www.europesays.com\/fr\/wp-json\/wp\/v2\/posts\/525516\/revisions"}],"wp:featuredmedia":[{"embeddable":true,"href":"https:\/\/www.europesays.com\/fr\/wp-json\/wp\/v2\/media\/135795"}],"wp:attachment":[{"href":"https:\/\/www.europesays.com\/fr\/wp-json\/wp\/v2\/media?parent=525516"}],"wp:term":[{"taxonomy":"category","embeddable":true,"href":"https:\/\/www.europesays.com\/fr\/wp-json\/wp\/v2\/categories?post=525516"},{"taxonomy":"post_tag","embeddable":true,"href":"https:\/\/www.europesays.com\/fr\/wp-json\/wp\/v2\/tags?post=525516"}],"curies":[{"name":"wp","href":"https:\/\/api.w.org\/{rel}","templated":true}]}}