{"id":525539,"date":"2025-11-10T19:21:13","date_gmt":"2025-11-10T19:21:13","guid":{"rendered":"https:\/\/www.europesays.com\/fr\/525539\/"},"modified":"2025-11-10T19:21:13","modified_gmt":"2025-11-10T19:21:13","slug":"quand-va-avoir-lieu-le-ballet-de-drones-lumineux-au-dessus-de-la-foire-saint-romain-de-rouen","status":"publish","type":"post","link":"https:\/\/www.europesays.com\/fr\/525539\/","title":{"rendered":"Quand va avoir lieu le ballet de drones lumineux au-dessus de la foire Saint-Romain de Rouen ?"},"content":{"rendered":"<p class=\"article__intro\">Pour la premi\u00e8re fois, la foire Saint-Romain proposera un ballet de drones \u00e0 ses visiteurs le samedi 15 novembre dans la soir\u00e9e. 150 drones lumineux vont s&rsquo;envoler au-dessus de la Grande roue et des quais de la Seine.<\/p>\n<p>\n      L\u2019actu des r\u00e9gions\n    <\/p>\n<p>\n      Chaque jour, un tour d\u2019horizon des principales infos de toutes les r\u00e9gions.\n    <\/p>\n<p>    France T\u00e9l\u00e9visions utilise votre adresse e-mail afin de vous envoyer la newsletter \u00ab\u00a0L\u2019actu des r\u00e9gions\u00a0\u00bb. Vous pouvez vous d\u00e9sinscrire \u00e0 tout moment via le lien en bas de cette newsletter. <a target=\"_blank\" href=\"https:\/\/www.francetelevisions.fr\/groupe\/confidentialite\/politique-de-confidentialite\/politique-de-confidentialite-de-france-televisions-6503\" rel=\"nofollow noopener\">Notre politique de confidentialit\u00e9<\/a><\/p>\n<p>Remis\u00e9 le feu d&rsquo;artifice cette ann\u00e9e \u00e0 la foire Saint-Romain, place au ballet de drones ! Samedi 15 novembre \u00e0 22 heures, quelque 150 de ces petites machines volantes s&rsquo;\u00e9l\u00e8veront au-dessus de la Seine et de la f\u00eate foraine, pour dessiner des formes color\u00e9es dans la nuit normande. Une premi\u00e8re pour la deuxi\u00e8me foire de France, sans le bruit et la pollution d&rsquo;un feu d\u2019artifice.<\/p>\n<p>Chaque drone sera \u00e9quip\u00e9 de LED pour former dans le ciel des figures visibles de toute la foire. Le show devrait durer de 20 \u00e0 30 minutes. Ce ne sera pas le bouquet final puisque la foire s&rsquo;ach\u00e8vera une semaine plus tard. Les organisateurs y voient une fa\u00e7on d&rsquo;attirer de nouveaux spectateurs.\u00a0<\/p>\n<p>Un spectacle a\u00e9rien qui s&rsquo;inscrit dans une tendance mondiale. Pour le mill\u00e9naire de Caen, la parade s&rsquo;\u00e9tait conclue en apoth\u00e9ose avec feu d&rsquo;artifice, drones et chars illumin\u00e9s.<\/p>\n<p>\u00c0 Nice, l&rsquo;\u00e9t\u00e9 dernier, ce sont pr\u00e8s de 2025 drones &#8211; le record en Europe &#8211; qui ont r\u00e9gal\u00e9 les touristes sur la promenade des Anglais. <br \/>Rien \u00e0 voir avec la Chine : il y a 1000 ans, le Pays du soleil Levant inventait le feu d&rsquo;artifice. Aujourd&rsquo;hui il caracole en t\u00eate de ce type de manifestations avec le nombre de drone dans les airs : 15 947 leur nouveau record il y a un mois \u00e0 Lyujang.<\/p>\n<p>Rouen n&rsquo;en est qu&rsquo;\u00e0 ses d\u00e9buts, mais ouvre la voie d&rsquo;un nouvel art du ciel en Normandie.<\/p>\n","protected":false},"excerpt":{"rendered":"Pour la premi\u00e8re fois, la foire Saint-Romain proposera un ballet de drones \u00e0 ses visiteurs le samedi 15&hellip;\n","protected":false},"author":2,"featured_media":525540,"comment_status":"","ping_status":"","sticky":false,"template":"","format":"standard","meta":{"footnotes":""},"categories":[9587],"tags":[1111,11,1777,674,1011,27,12,5161,25,9590],"class_list":{"0":"post-525539","1":"post","2":"type-post","3":"status-publish","4":"format-standard","5":"has-post-thumbnail","7":"category-rouen","8":"tag-actu","9":"tag-actualites","10":"tag-eu","11":"tag-europe","12":"tag-fr","13":"tag-france","14":"tag-news","15":"tag-normandie","16":"tag-republique-francaise","17":"tag-rouen"},"share_on_mastodon":{"url":"https:\/\/pubeurope.com\/@fr\/115527030159608838","error":""},"_links":{"self":[{"href":"https:\/\/www.europesays.com\/fr\/wp-json\/wp\/v2\/posts\/525539","targetHints":{"allow":["GET"]}}],"collection":[{"href":"https:\/\/www.europesays.com\/fr\/wp-json\/wp\/v2\/posts"}],"about":[{"href":"https:\/\/www.europesays.com\/fr\/wp-json\/wp\/v2\/types\/post"}],"author":[{"embeddable":true,"href":"https:\/\/www.europesays.com\/fr\/wp-json\/wp\/v2\/users\/2"}],"replies":[{"embeddable":true,"href":"https:\/\/www.europesays.com\/fr\/wp-json\/wp\/v2\/comments?post=525539"}],"version-history":[{"count":0,"href":"https:\/\/www.europesays.com\/fr\/wp-json\/wp\/v2\/posts\/525539\/revisions"}],"wp:featuredmedia":[{"embeddable":true,"href":"https:\/\/www.europesays.com\/fr\/wp-json\/wp\/v2\/media\/525540"}],"wp:attachment":[{"href":"https:\/\/www.europesays.com\/fr\/wp-json\/wp\/v2\/media?parent=525539"}],"wp:term":[{"taxonomy":"category","embeddable":true,"href":"https:\/\/www.europesays.com\/fr\/wp-json\/wp\/v2\/categories?post=525539"},{"taxonomy":"post_tag","embeddable":true,"href":"https:\/\/www.europesays.com\/fr\/wp-json\/wp\/v2\/tags?post=525539"}],"curies":[{"name":"wp","href":"https:\/\/api.w.org\/{rel}","templated":true}]}}