{"id":525549,"date":"2025-11-10T19:26:20","date_gmt":"2025-11-10T19:26:20","guid":{"rendered":"https:\/\/www.europesays.com\/fr\/525549\/"},"modified":"2025-11-10T19:26:20","modified_gmt":"2025-11-10T19:26:20","slug":"a-la-krutenau-le-bar-lalgorythme-a-definitivement-baisse-le-rideau","status":"publish","type":"post","link":"https:\/\/www.europesays.com\/fr\/525549\/","title":{"rendered":"\u00e0 la Krutenau, le bar \u00ab l&rsquo;Algorythme \u00bb a d\u00e9finitivement baiss\u00e9 le rideau"},"content":{"rendered":"<p>    <img loading=\"lazy\" width=\"1800\" height=\"900\" src=\"https:\/\/www.europesays.com\/fr\/wp-content\/uploads\/2025\/11\/jeanne-callthepolice.jpg\" class=\"attachment-full size-full\" alt=\"\" id=\"imageLove\" decoding=\"async\"  \/><\/p>\n<p id=\"breadcrumbs\"><a href=\"https:\/\/pokaa.fr\/\" target=\"_blank\" rel=\"noopener\">Accueil<\/a> \/ <a href=\"https:\/\/pokaa.fr\/categories\/actu\/\" target=\"_blank\" rel=\"noopener\">Info locale<\/a> \/ Fini de jouer : \u00e0 la Krutenau, le bar \u00ab l\u2019Algorythme \u00bb a d\u00e9finitivement baiss\u00e9 le rideau<\/p>\n<p>                    Info locale<\/p>\n<p><b>Le 1er novembre, l\u2019Algorythme a ferm\u00e9 ses portes de mani\u00e8re d\u00e9finitive apr\u00e8s 9 ans d\u2019activit\u00e9 \u00e0 la Krutenau, laissant de nombreux\/ses Strasbourgeois(es) orphelin(e)s. L\u2019occasion de donner la parole \u00e0 sa g\u00e9rante, Pauline, pour un dernier au revoir, avant la transformation du lieu, qui a d\u00e9j\u00e0 trouv\u00e9 deux repreneuses.<\/b><\/p>\n<p class=\"p1\">La fin d\u2019une \u00e8re : le 1er novembre dernier, apr\u00e8s un dernier service d\u2019Halloween, le bar l\u2019Algorythme a d\u00e9finitivement ferm\u00e9 ses portes. <b>La fin d\u2019une aventure de 9 ans \u00e0 la Krutenau pour Pauline Walter, sa g\u00e9rante, <\/b>jamais \u00e0 court de cocktails, de soir\u00e9es ou de brunchs de la Saint-Patrick.<\/p>\n<p class=\"p1\">Souhaitant \u00ab\u00a0quitter le monde de la nuit pour avoir un rythme de vie plus classique\u00a0\u00bb, <b>celle qui a plus de 15 ans dans la restauration derri\u00e8re elle (particuli\u00e8rement \u00e0 L\u2019Alchimiste) a annonc\u00e9 la fin de l\u2019aventure le 28 octobre dernier<\/b>. Une \u00ab\u00a0fermeture qui est arriv\u00e9e tr\u00e8s vite\u00a0\u00bb, et qui a pu en laisser plus d\u2019un(e) dans la surprise.<\/p>\n<p>    <img width=\"800\" height=\"669\" src=\"https:\/\/www.europesays.com\/fr\/wp-content\/uploads\/2025\/11\/489295475-1266904502108818-2851249634380694466-n-800x669.jpg\" class=\"attachment-image-size-L size-image-size-L\" alt=\"algorythme\" decoding=\"async\" loading=\"lazy\"  \/>         \u00a9 Page Facebook de l&rsquo;Algorythme \/ Capture d&rsquo;\u00e9cran <\/p>\n<p>Des centaines d\u2019histoires \u00e0 l\u2019Algorythme<\/p>\n<p class=\"p1\">Ayant ferm\u00e9 ses portes, l\u2019Algorythme laisse derri\u00e8re lui des centaines d\u2019histoires de ses habitu\u00e9(e)s. Comme le r\u00e9sume Pauline : \u00ab <b>Il y a eu beaucoup de premi\u00e8res fois \u00e0 l\u2019Algo, on a notamment eu une demande en fian\u00e7ailles<\/b>. Des couples qui se sont rencontr\u00e9s chez moi ont eu l\u2019occasion de faire un mariage, un b\u00e9b\u00e9, et parfois, un divorce aussi. \u00bb<\/p>\n<p class=\"p1\">Elle poursuit : <b>\u00ab Pour certains, l\u2019Algo fait partie de leur histoire de vie et j\u2019en suis tr\u00e8s fi\u00e8re. \u00bb<\/b> Et si elle s\u2019\u00e9loigne du monde de la nuit, l\u2019ex-g\u00e9rante ne quitte pas la ville pour autant : \u00ab J\u2019ai bien l\u2019intention de rester \u00e0 Strasbourg et donc je suis s\u00fbre que je reverrai nombre de mes clients. \u00bb<\/p>\n<p>                <img width=\"750\" height=\"500\" src=\"https:\/\/www.europesays.com\/fr\/wp-content\/uploads\/2025\/11\/494218883-1292064706259464-2287858506091570963-n-750x500.jpg\" class=\"attachment-gallery size-gallery\" alt=\"algorythme\" data-full-url=\"https:\/\/pokaa.fr\/wp-content\/uploads\/2025\/11\/10\/494218883-1292064706259464-2287858506091570963-n.jpg\" decoding=\"async\" loading=\"lazy\"  \/>            <\/p>\n<p>                <img width=\"666\" height=\"500\" src=\"https:\/\/www.europesays.com\/fr\/wp-content\/uploads\/2025\/11\/489698953-1271567938309141-245612438494799012-n-666x500.jpg\" class=\"attachment-gallery size-gallery\" alt=\"algorythme\" data-full-url=\"https:\/\/pokaa.fr\/wp-content\/uploads\/2025\/11\/10\/489698953-1271567938309141-245612438494799012-n.jpg\" decoding=\"async\" loading=\"lazy\"  \/>            <\/p>\n<p>                    \u00a9 Page Facebook de l&rsquo;Algorythme \/ Captures d&rsquo;\u00e9cran<\/p>\n<p>Un repreneur d\u00e9j\u00e0 trouv\u00e9<\/p>\n<p class=\"p1\"><strong>Un<\/strong><b> nouveau repreneur s\u2019est d\u00e9j\u00e0 positionn\u00e9 pour l\u2019enseigne du 64 rue de Zurich<\/b>. Plus pr\u00e9cis\u00e9ment, il y a deux repreneuses : Caroline et Tania Schwoerer, \u00ab\u00a0des femmes extraordinaires\u00a0\u00bb selon Pauline. Une vente qui s\u2019est faite naturellement : \u00ab\u00a0D\u00e8s la premi\u00e8re rencontre, un feeling incroyable est n\u00e9 entre elles, moi et l\u2019\u00e9tablissement.\u00a0\u00bb<\/p>\n<p class=\"p1\">Exit dont l\u2019Algorythme, et bonjour au O\u2019Go\u00fbt Doux. Une \u00ab safe place \u00bb\u00a0qui a pr\u00e9vu, <a href=\"https:\/\/www.annonces-legales.fr\/consultation\/grand-est\/bas-rhin-67\/ogout-doux-1585710\" target=\"_blank\" rel=\"noopener\">si l\u2019on se fie aux annonces l\u00e9gales<\/a>,<b> l\u2019exploitation d\u2019un fonds de commerce de restaurant, de bar avec une licence IV et l\u2019organisation de soir\u00e9es \u00e0 th\u00e8me<\/b>. Selon Pauline, il y aura \u00e9galement des \u00ab\u00a0plats du jour \u00e0 petit prix le midi\u00a0\u00bb et un \u00ab endroit bienveillant pour tra\u00eener le soir \u00bb. En esp\u00e9rant qu\u2019il perp\u00e9tue le souvenir de l\u2019Algorythme.<\/p>\n","protected":false},"excerpt":{"rendered":"Accueil \/ Info locale \/ Fini de jouer : \u00e0 la Krutenau, le bar \u00ab l\u2019Algorythme \u00bb a&hellip;\n","protected":false},"author":2,"featured_media":525550,"comment_status":"","ping_status":"","sticky":false,"template":"","format":"standard","meta":{"footnotes":""},"categories":[2820],"tags":[1111,917,57668,11,9732,1777,674,13407,1011,27,775,12,25,640],"class_list":{"0":"post-525549","1":"post","2":"type-post","3":"status-publish","4":"format-standard","5":"has-post-thumbnail","7":"category-strasbourg","8":"tag-actu","9":"tag-actu-locale","10":"tag-actu-strasbourg","11":"tag-actualites","12":"tag-bar","13":"tag-eu","14":"tag-europe","15":"tag-fermeture","16":"tag-fr","17":"tag-france","18":"tag-grand-est","19":"tag-news","20":"tag-republique-francaise","21":"tag-strasbourg"},"share_on_mastodon":{"url":"https:\/\/pubeurope.com\/@fr\/115527051234887432","error":""},"_links":{"self":[{"href":"https:\/\/www.europesays.com\/fr\/wp-json\/wp\/v2\/posts\/525549","targetHints":{"allow":["GET"]}}],"collection":[{"href":"https:\/\/www.europesays.com\/fr\/wp-json\/wp\/v2\/posts"}],"about":[{"href":"https:\/\/www.europesays.com\/fr\/wp-json\/wp\/v2\/types\/post"}],"author":[{"embeddable":true,"href":"https:\/\/www.europesays.com\/fr\/wp-json\/wp\/v2\/users\/2"}],"replies":[{"embeddable":true,"href":"https:\/\/www.europesays.com\/fr\/wp-json\/wp\/v2\/comments?post=525549"}],"version-history":[{"count":0,"href":"https:\/\/www.europesays.com\/fr\/wp-json\/wp\/v2\/posts\/525549\/revisions"}],"wp:featuredmedia":[{"embeddable":true,"href":"https:\/\/www.europesays.com\/fr\/wp-json\/wp\/v2\/media\/525550"}],"wp:attachment":[{"href":"https:\/\/www.europesays.com\/fr\/wp-json\/wp\/v2\/media?parent=525549"}],"wp:term":[{"taxonomy":"category","embeddable":true,"href":"https:\/\/www.europesays.com\/fr\/wp-json\/wp\/v2\/categories?post=525549"},{"taxonomy":"post_tag","embeddable":true,"href":"https:\/\/www.europesays.com\/fr\/wp-json\/wp\/v2\/tags?post=525549"}],"curies":[{"name":"wp","href":"https:\/\/api.w.org\/{rel}","templated":true}]}}