{"id":52555,"date":"2025-04-25T19:56:07","date_gmt":"2025-04-25T19:56:07","guid":{"rendered":"https:\/\/www.europesays.com\/fr\/52555\/"},"modified":"2025-04-25T19:56:07","modified_gmt":"2025-04-25T19:56:07","slug":"pour-la-premiere-fois-les-telephones-portables-vont-etre-interdits-pendant-un-concert-au-zenith-de-toulouse","status":"publish","type":"post","link":"https:\/\/www.europesays.com\/fr\/52555\/","title":{"rendered":"Pour la premi\u00e8re fois, les t\u00e9l\u00e9phones portables vont \u00eatre interdits pendant un concert au Z\u00e9nith de Toulouse"},"content":{"rendered":"<p>            Par<br \/>\n        <strong><br \/>\n            <a href=\"https:\/\/actu.fr\/auteur\/romain-piccolo\" title=\"Consulter tous les articles de Romain Piccolo\" target=\"_blank\" rel=\"noopener\">Romain Piccolo<\/a><br \/>\n        <\/strong><\/p>\n<p>        Publi\u00e9 le<\/p>\n<p>            25 avr. 2025 \u00e0 17h54        <\/p>\n<p>Florence Foresti avait d\u00e9j\u00e0<a href=\"https:\/\/actu.fr\/occitanie\/toulouse_31555\/toulouse-florence-foresti-interdit-usage-telephones-pendant-spectacle_23632273.html\" target=\"_blank\" rel=\"noopener\"> interdit l\u2019usage du t\u00e9l\u00e9phone portable<\/a> pendant son spectacle jou\u00e9 au Z\u00e9nith de Toulouse. C\u2019\u00e9tait en 2019. En revanche, et c\u2019est une premi\u00e8re, l\u2019utilisation des portables va \u00eatre interdite <strong>pendant un concert<\/strong> au Z\u00e9nith de Toulouse. C\u2019est <a href=\"https:\/\/actu.fr\/pays-de-la-loire\/clisson_44043\/hellfest-2022-ghost-fait-le-show-pour-conclure-une-brulante-deuxieme-journee_51841532.html\" target=\"_blank\" rel=\"noopener\">le groupe de rock su\u00e9dois Ghost<\/a> qui a d\u00e9cid\u00e9 d\u2019interdire \u00e0 ses fans d\u2019user du mobile<strong> pendant ses concerts<\/strong>.<\/p>\n<p class=\" wall-content\">C\u2019est le cas pour les trois dates pr\u00e9vues en France\u2009: \u00e0 Lyon, Paris et \u00e0 <strong>Toulouse, ce dimanche 27\u00a0avril 2025<\/strong>.<\/p>\n<p>Vivre \u00e0 100\u2009% le moment pr\u00e9sent<\/p>\n<p class=\" wall-content\">Il est bien loin le temps de briquets, aujourd\u2019hui replac\u00e9s par les lumi\u00e8res des t\u00e9l\u00e9phones. Beaucoup d\u2019artistes, <strong>comme Bob Sinclar<\/strong>, d\u00e9plorent une d\u00e9connexion avec le public, trop concentr\u00e9 \u00e0 filmer ou r\u00e9pondre \u00e0 un message pendant un concert. Alors, <strong>certains artistes prennent les devants<\/strong> et choisissent de ne plus les autoriser lors des prestations. C\u2019est le cas de Bob Dylan, de bien Jack White et donc de<strong>\u00a0<a href=\"https:\/\/actu.fr\/occitanie\/toulouse_31555\/florence-foresti-cartonne-au-zenith-de-toulouse-et-en-redemande_3498340.html\" target=\"_blank\" rel=\"noopener\">Florence Foresti<\/a><\/strong>.<\/p>\n<p class=\" wall-content\">Ghost avec sa nouvelle tourn\u00e9e, \u00ab\u2009Skeletour\u2009\u00bb, suit cette dynamique et <strong>met en place des restrictions.<\/strong> Le Z\u00e9nith de Toulouse confirme \u00e0 Actu Toulouse que \u00ab<strong>\u2009les t\u00e9l\u00e9phones seront plac\u00e9s dans des petites pochettes<\/strong> sous scell\u00e9 gard\u00e9 par le propri\u00e9taire\u2009\u00bb.<\/p>\n<p class=\" wall-content\">Si une urgence, vous pousse \u00e0 avoir besoin de l\u2019utiliser, des<strong> zones seront pr\u00e9vues hors de la salle<\/strong> ou \u00ab\u2009du personnel sera charg\u00e9 de d\u00e9verrouiller le sac\u2009\u00bb, explique le Z\u00e9nith.<\/p>\n<p>Vid\u00e9os : en ce moment sur ActuLe portable en plein concert\u2009: \u00ab\u2009c\u2019est aga\u00e7ant\u2009\u00bb<\/p>\n<p class=\" wall-content\">Le chanteur et fondateur du projet, Tobias Forge, a d\u00e9clar\u00e9 \u00e0 Riff X\u2019s Metal XS\u2009:<\/p>\n<p class=\" wall-content\">\u00ab\u2009<strong>La distance que je ressentais entre la foule et le groupe au cours des cinq derni\u00e8res ann\u00e9es est devenue de plus en plus grande<\/strong>. J\u2019ai parfois eu du mal \u00e0 voir quelqu\u2019un dans le public qui ne brandissait pas un t\u00e9l\u00e9phone devant son visage. C\u2019est aga\u00e7ant\u2009\u00bb.<\/p>\n<p class=\" wall-content\">Si vous souhaitez garder des souvenirs du concert, le groupe masqu\u00e9 <strong>publie pour chaque performance des clich\u00e9s<\/strong> sur sa page Instagram ainsi que des reportages pour chaque date de la tourn\u00e9e.<\/p>\n<p class=\" wall-content\"><a href=\"https:\/\/www.instagram.com\/p\/DIgYDxOsuPh\/embed\" title=\"Ouvrir le lien sur Instagram\" target=\"_blank\" rel=\"noopener\">Visualiser le contenu sur Instagram<\/a><\/p>\n<p>Ghost au sommet du rock<\/p>\n<p class=\" wall-content\">Depuis sa victoire de Grammy en 2016, Ghost a continu\u00e9 <strong>d\u2019encha\u00eener les albums et les tourn\u00e9es<\/strong>. Le dernier, Skelet\u00e1, est sorti ce vendredi 25\u00a0avril 2025, offre <strong>10 nouvelles musiques<\/strong>. Certains seront jou\u00e9s au concert de Toulouse au c\u00f4t\u00e9 des titres d\u00e9j\u00e0 paru du groupe, tel que <strong>Mary On A Cross et ses 747\u00a0millions d\u2019\u00e9coutes sur Spotify<\/strong>.<\/p>\n<p class=\" wall-content\"><strong>Dernier gros projet en date, un film<\/strong>, \u00ab\u2009Rite Here, Rite Now\u2009\u00bb, enregistr\u00e9 en 2023 durant deux soirs \u00e0 Los Angeles. Cela avait permis d\u2019exp\u00e9rimenter l\u2019interdiction de t\u00e9l\u00e9phone. Convaincu, le concept a \u00e9t\u00e9 adopt\u00e9 pour toute cette tourn\u00e9e. <strong>Un film qui avait \u00e9t\u00e9 diffus\u00e9 au<a href=\"https:\/\/actu.fr\/occitanie\/toulouse_31555\/toulouse-ce-cinema-propose-un-concert-exceptionnel-autour-des-musiques-de-films-de-miyazaki_62334471.html\" target=\"_blank\" rel=\"noopener\"> Path\u00e9 Wilson<\/a> en juin\u00a02024.<\/strong><\/p>\n<p>Une exp\u00e9rience th\u00e9\u00e2trale.<\/p>\n<p class=\" wall-content\">Effectivement, Ghost est connue pour sa mise en sc\u00e8ne.<strong> Le chanteur, change de personnage<\/strong>, mais pas d\u2019interpr\u00e8te pour cr\u00e9er une histoire autour du groupe. \u00c0 chaque album son pape et ses musiciens aux costumes flamboyants.<\/p>\n<p class=\" wall-content\">Les musiciens ont d\u00e9j\u00e0 foul\u00e9 le sol du Z\u00e9nith de Toulouse le 23\u00a0mai 2023 et le 19\u00a0d\u00e9cembre 2019.<strong> La ville Rose devenue incontournable dans les tourn\u00e9es du groupe de rock international<\/strong>.<\/p>\n<p>Infos pratiques\u2009:Date\u2009: Dimanche 27 avril. 2025 \u2013 20\u2009heures<br \/>\nOuverture des portes \u00e0 18h30<br \/>\nAdresse\u2009: 11 Avenue Raymond Badiou, 31300 Toulouse, France<br \/>\nPlus d\u2019information sur <a href=\"https:\/\/zenith-toulousemetropole.com\/shows\/GHOST:%20Skeletour%20World%20Tour%202025-20684\" target=\"_blank\" rel=\"noopener\">le site du Z\u00e9nith de Toulouse<\/a><\/p>\n<p class=\" wall-content\">Suivez toute l\u2019actualit\u00e9 de vos villes et m\u00e9dias favoris en vous inscrivant \u00e0 <a href=\"https:\/\/moncompte.actu.fr\" title=\"D\u00e9couvez Mon Actu\" rel=\"nofollow noopener\" data-trk=\"{&quot;cta&quot;:{&quot;action&quot;:&quot;https:\\\/\\\/moncompte.actu.fr&quot;,&quot;category&quot;:&quot;mon compte&quot;,&quot;from&quot;:&quot;article footer&quot;,&quot;name&quot;:&quot;Mon actu&quot;,&quot;type&quot;:&quot;cta&quot;}}\" target=\"_blank\">Mon Actu<\/a>.<\/p>\n<ul class=\"ac-article-tag wall-content\">\n<li><a href=\"https:\/\/actu.fr\/tag\/concert\" data-trk=\"{&quot;cta&quot;:{&quot;action&quot;:&quot;Concert&quot;,&quot;category&quot;:&quot;tag&quot;,&quot;from&quot;:&quot;article footer&quot;,&quot;name&quot;:&quot;Concert&quot;,&quot;type&quot;:&quot;cta&quot;}}\" target=\"_blank\" rel=\"noopener\">#Concert<\/a><\/li>\n<li><a href=\"https:\/\/actu.fr\/tag\/zenith-de-toulouse\" data-trk=\"{&quot;cta&quot;:{&quot;action&quot;:&quot;Z\\u00e9nith de Toulouse&quot;,&quot;category&quot;:&quot;tag&quot;,&quot;from&quot;:&quot;article footer&quot;,&quot;name&quot;:&quot;Z\\u00e9nith de Toulouse&quot;,&quot;type&quot;:&quot;cta&quot;}}\" target=\"_blank\" rel=\"noopener\">#Z\u00e9nith de Toulouse<\/a><\/li>\n<\/ul>\n<p>                    <script async src=\"\/\/www.instagram.com\/embed.js\"><\/script><\/p>\n","protected":false},"excerpt":{"rendered":"Par Romain Piccolo Publi\u00e9 le 25 avr. 2025 \u00e0 17h54 Florence Foresti avait d\u00e9j\u00e0 interdit l\u2019usage du t\u00e9l\u00e9phone&hellip;\n","protected":false},"author":2,"featured_media":52556,"comment_status":"","ping_status":"","sticky":false,"template":"","format":"standard","meta":{"footnotes":""},"categories":[2816],"tags":[1111,11,1697,1777,674,1011,27,1652,12,2680,25,2312,9738],"class_list":{"0":"post-52555","1":"post","2":"type-post","3":"status-publish","4":"format-standard","5":"has-post-thumbnail","7":"category-toulouse","8":"tag-actu","9":"tag-actualites","10":"tag-concert","11":"tag-eu","12":"tag-europe","13":"tag-fr","14":"tag-france","15":"tag-loisirs-culture","16":"tag-news","17":"tag-occitanie","18":"tag-republique-francaise","19":"tag-toulouse","20":"tag-zenith-de-toulouse"},"share_on_mastodon":{"url":"https:\/\/pubeurope.com\/@fr\/114400368001188967","error":""},"_links":{"self":[{"href":"https:\/\/www.europesays.com\/fr\/wp-json\/wp\/v2\/posts\/52555","targetHints":{"allow":["GET"]}}],"collection":[{"href":"https:\/\/www.europesays.com\/fr\/wp-json\/wp\/v2\/posts"}],"about":[{"href":"https:\/\/www.europesays.com\/fr\/wp-json\/wp\/v2\/types\/post"}],"author":[{"embeddable":true,"href":"https:\/\/www.europesays.com\/fr\/wp-json\/wp\/v2\/users\/2"}],"replies":[{"embeddable":true,"href":"https:\/\/www.europesays.com\/fr\/wp-json\/wp\/v2\/comments?post=52555"}],"version-history":[{"count":0,"href":"https:\/\/www.europesays.com\/fr\/wp-json\/wp\/v2\/posts\/52555\/revisions"}],"wp:featuredmedia":[{"embeddable":true,"href":"https:\/\/www.europesays.com\/fr\/wp-json\/wp\/v2\/media\/52556"}],"wp:attachment":[{"href":"https:\/\/www.europesays.com\/fr\/wp-json\/wp\/v2\/media?parent=52555"}],"wp:term":[{"taxonomy":"category","embeddable":true,"href":"https:\/\/www.europesays.com\/fr\/wp-json\/wp\/v2\/categories?post=52555"},{"taxonomy":"post_tag","embeddable":true,"href":"https:\/\/www.europesays.com\/fr\/wp-json\/wp\/v2\/tags?post=52555"}],"curies":[{"name":"wp","href":"https:\/\/api.w.org\/{rel}","templated":true}]}}