{"id":525551,"date":"2025-11-10T19:27:48","date_gmt":"2025-11-10T19:27:48","guid":{"rendered":"https:\/\/www.europesays.com\/fr\/525551\/"},"modified":"2025-11-10T19:27:48","modified_gmt":"2025-11-10T19:27:48","slug":"a-3-ils-ouvrent-un-nouveau-bar-independant-le-austerlitz-square-garden","status":"publish","type":"post","link":"https:\/\/www.europesays.com\/fr\/525551\/","title":{"rendered":"\u00e0 3, ils ouvrent un nouveau bar ind\u00e9pendant, le \u00ab Austerlitz Square Garden \u00bb"},"content":{"rendered":"<p><strong>Avec le retour du froid d\u2019automne, on est heureux de vous pr\u00e9senter un nouveau bar chaleureux, vivant, et 100 % ind\u00e9pendant qui s\u2019est install\u00e9 il y a un mois seulement \u00e0 c\u00f4t\u00e9 de la place d\u2019Austerlitz, \u00e0 Strasbourg. On vous ouvre les portes d\u2019Austerlitz Square Garden, un lieu qui m\u00eale \u00e0 la fois la fiesta et le festin, un spot vivant qui s\u2019anime tous les jours et jusqu\u2019\u00e0 1h30 du matin.<\/strong><\/p>\n<p>Apr\u00e8s une phase de lourds travaux, <strong>le restaurant espagnol Pan Y Vino<\/strong>, situ\u00e9 au num\u00e9ro 4 de la petite rue d\u2019Austerlitz, <strong>a d\u00e9finitivement tir\u00e9 sa r\u00e9v\u00e9rence.<\/strong><\/p>\n<p>D\u00e9sormais, depuis tout juste un mois, on d\u00e9couvre un lieu multiple <strong>o\u00f9 l\u2019on peut \u00e0 la fois boire un verre, manger un bout entre potes, et commencer \u00e0 remuer les pattes<\/strong> du lundi au dimanche soir compris.<\/p>\n<p>                <img width=\"375\" height=\"500\" src=\"https:\/\/www.europesays.com\/fr\/wp-content\/uploads\/2025\/11\/austerlitz-square-garden-bar-tarte-flambee-burgerimg-5956-2-375x500.jpeg\" class=\"attachment-gallery size-gallery\" alt=\"Austerlitz square garden bar tarte flamb\u00e9e burgerIMG_5956 2\" data-full-url=\"https:\/\/pokaa.fr\/wp-content\/uploads\/2025\/11\/06\/austerlitz-square-garden-bar-tarte-flambee-burgerimg-5956-2.jpeg\" decoding=\"async\" loading=\"lazy\"  \/>            <\/p>\n<p>                <img width=\"375\" height=\"500\" src=\"https:\/\/www.europesays.com\/fr\/wp-content\/uploads\/2025\/11\/austerlitz-square-garden-bar-tarte-flambee-burgerimg-5845-2-375x500.jpeg\" class=\"attachment-gallery size-gallery\" alt=\"Austerlitz square garden bar tarte flamb\u00e9e burgerIMG_5845 2\" data-full-url=\"https:\/\/pokaa.fr\/wp-content\/uploads\/2025\/11\/06\/austerlitz-square-garden-bar-tarte-flambee-burgerimg-5845-2.jpeg\" decoding=\"async\" loading=\"lazy\"  \/>            <\/p>\n<p>                <img width=\"375\" height=\"500\" src=\"https:\/\/www.europesays.com\/fr\/wp-content\/uploads\/2025\/11\/austerlitz-square-garden-bar-tarte-flambee-burgerimg-6014-3-375x500.jpeg\" class=\"attachment-gallery size-gallery\" alt=\"Austerlitz square garden bar tarte flamb\u00e9e burgerIMG_6014 3\" data-full-url=\"https:\/\/pokaa.fr\/wp-content\/uploads\/2025\/11\/06\/austerlitz-square-garden-bar-tarte-flambee-burgerimg-6014-3.jpeg\" decoding=\"async\" loading=\"lazy\"  \/>            <\/p>\n<p>                <img width=\"375\" height=\"500\" src=\"https:\/\/www.europesays.com\/fr\/wp-content\/uploads\/2025\/11\/austerlitz-square-garden-bar-tarte-flambee-burgerimg-6099-2-375x500.jpeg\" class=\"attachment-gallery size-gallery\" alt=\"Austerlitz square garden bar tarte flamb\u00e9e burgerIMG_6099 2\" data-full-url=\"https:\/\/pokaa.fr\/wp-content\/uploads\/2025\/11\/06\/austerlitz-square-garden-bar-tarte-flambee-burgerimg-6099-2.jpeg\" decoding=\"async\" loading=\"lazy\"  \/>            <\/p>\n<p>                <img width=\"375\" height=\"500\" src=\"https:\/\/www.europesays.com\/fr\/wp-content\/uploads\/2025\/11\/austerlitz-square-garden-bar-tarte-flambee-burgerimg-5860-375x500.jpeg\" class=\"attachment-gallery size-gallery\" alt=\"Austerlitz square garden bar tarte flamb\u00e9e burgerIMG_5860\" data-full-url=\"https:\/\/pokaa.fr\/wp-content\/uploads\/2025\/11\/06\/austerlitz-square-garden-bar-tarte-flambee-burgerimg-5860.jpeg\" decoding=\"async\" loading=\"lazy\"  \/>            <\/p>\n<p>                    \u00a9 Bastien Pietronave \/ Pokaa<\/p>\n<p>La devise du Austerlitz Square Garden ?<strong> \u00ab Food, Drinks, Vibes \u00bb<\/strong>, et \u00e7a en dit long sur <strong>le projet rassembleur<\/strong> qui se cache derri\u00e8re cette nouveaut\u00e9. On vous fait <strong>un tour complet du propri\u00e9taire !<\/strong><\/p>\n<p>                <img width=\"375\" height=\"500\" src=\"https:\/\/www.europesays.com\/fr\/wp-content\/uploads\/2025\/11\/austerlitz-square-garden-bar-tarte-flambee-burgerimg-5933-375x500.jpeg\" class=\"attachment-gallery size-gallery\" alt=\"Austerlitz square garden bar tarte flamb\u00e9e burgerIMG_5933\" data-full-url=\"https:\/\/pokaa.fr\/wp-content\/uploads\/2025\/11\/06\/austerlitz-square-garden-bar-tarte-flambee-burgerimg-5933.jpeg\" decoding=\"async\" loading=\"lazy\"  \/>            <\/p>\n<p>                <img width=\"375\" height=\"500\" src=\"https:\/\/www.europesays.com\/fr\/wp-content\/uploads\/2025\/11\/austerlitz-square-garden-bar-tarte-flambee-burgerimg-5987-375x500.jpeg\" class=\"attachment-gallery size-gallery\" alt=\"Austerlitz square garden bar tarte flamb\u00e9e burgerIMG_5987\" data-full-url=\"https:\/\/pokaa.fr\/wp-content\/uploads\/2025\/11\/06\/austerlitz-square-garden-bar-tarte-flambee-burgerimg-5987.jpeg\" decoding=\"async\" loading=\"lazy\"  \/>            <\/p>\n<p>                <img width=\"375\" height=\"500\" src=\"https:\/\/www.europesays.com\/fr\/wp-content\/uploads\/2025\/11\/austerlitz-square-garden-bar-tarte-flambee-burgerimg-6101-375x500.jpeg\" class=\"attachment-gallery size-gallery\" alt=\"Austerlitz square garden bar tarte flamb\u00e9e burgerIMG_6101\" data-full-url=\"https:\/\/pokaa.fr\/wp-content\/uploads\/2025\/11\/06\/austerlitz-square-garden-bar-tarte-flambee-burgerimg-6101.jpeg\" decoding=\"async\" loading=\"lazy\"  \/>            <\/p>\n<p>                <img width=\"375\" height=\"500\" src=\"https:\/\/www.europesays.com\/fr\/wp-content\/uploads\/2025\/11\/austerlitz-square-garden-bar-tarte-flambee-burgerimg-5819-375x500.jpeg\" class=\"attachment-gallery size-gallery\" alt=\"Austerlitz square garden bar tarte flamb\u00e9e burgerIMG_5819\" data-full-url=\"https:\/\/pokaa.fr\/wp-content\/uploads\/2025\/11\/06\/austerlitz-square-garden-bar-tarte-flambee-burgerimg-5819.jpeg\" decoding=\"async\" loading=\"lazy\"  \/>            <\/p>\n<p>                <img width=\"375\" height=\"500\" src=\"https:\/\/www.europesays.com\/fr\/wp-content\/uploads\/2025\/11\/austerlitz-square-garden-bar-tarte-flambee-burgerimg-5856-2-375x500.jpeg\" class=\"attachment-gallery size-gallery\" alt=\"Austerlitz square garden bar tarte flamb\u00e9e burgerIMG_5856 2\" data-full-url=\"https:\/\/pokaa.fr\/wp-content\/uploads\/2025\/11\/06\/austerlitz-square-garden-bar-tarte-flambee-burgerimg-5856-2.jpeg\" decoding=\"async\" loading=\"lazy\"  \/>            <\/p>\n<p>                    \u00a9 Bastien Pietronave \/ Pokaa<\/p>\n<p>Un bar prometteur qui a soign\u00e9 les d\u00e9tails pour rassembler <\/p>\n<p>Austerlitz Square Garden, c\u2019est tout d\u2019abord <strong>une ambiance et un look<\/strong>, celui d\u2019<strong>un bar de potes<\/strong> \u00e0 la lumi\u00e8re tamis\u00e9e <strong>qui m\u00e9lange le style industriel et urbain.<\/strong><\/p>\n<p>Ce nom est \u00e9videmment inspir\u00e9 du c\u00e9l\u00e8bre Madison Square Garden, <strong>une salle omnisports mythique situ\u00e9e \u00e0 New York,<\/strong> qui a vu d\u00e9filer les plus grands \u00e9v\u00e9nements sportifs et les concerts les plus fous de ces derni\u00e8res d\u00e9cennies.<\/p>\n<p>                <img width=\"667\" height=\"500\" src=\"https:\/\/www.europesays.com\/fr\/wp-content\/uploads\/2025\/11\/austerlitz-square-garden-bar-tarte-flambee-burgerimg-5871-667x500.jpeg\" class=\"attachment-gallery size-gallery\" alt=\"Austerlitz square garden bar tarte flamb\u00e9e burgerIMG_5871\" data-full-url=\"https:\/\/pokaa.fr\/wp-content\/uploads\/2025\/11\/06\/austerlitz-square-garden-bar-tarte-flambee-burgerimg-5871.jpeg\" decoding=\"async\" loading=\"lazy\"  \/>            <\/p>\n<p>                <img width=\"667\" height=\"500\" src=\"https:\/\/www.europesays.com\/fr\/wp-content\/uploads\/2025\/11\/austerlitz-square-garden-bar-tarte-flambee-burgerimg-5913-2-667x500.jpeg\" class=\"attachment-gallery size-gallery\" alt=\"Austerlitz square garden bar tarte flamb\u00e9e burgerIMG_5913 2\" data-full-url=\"https:\/\/pokaa.fr\/wp-content\/uploads\/2025\/11\/06\/austerlitz-square-garden-bar-tarte-flambee-burgerimg-5913-2.jpeg\" decoding=\"async\" loading=\"lazy\"  \/>            <\/p>\n<p>                <img width=\"667\" height=\"500\" src=\"https:\/\/www.europesays.com\/fr\/wp-content\/uploads\/2025\/11\/austerlitz-square-garden-bar-tarte-flambee-burgerimg-6092-667x500.jpeg\" class=\"attachment-gallery size-gallery\" alt=\"Austerlitz square garden bar tarte flamb\u00e9e burgerIMG_6092\" data-full-url=\"https:\/\/pokaa.fr\/wp-content\/uploads\/2025\/11\/06\/austerlitz-square-garden-bar-tarte-flambee-burgerimg-6092.jpeg\" decoding=\"async\" loading=\"lazy\"  \/>            <\/p>\n<p>                <img width=\"667\" height=\"500\" src=\"https:\/\/www.europesays.com\/fr\/wp-content\/uploads\/2025\/11\/austerlitz-square-garden-bar-tarte-flambee-burgerimg-5876-667x500.jpeg\" class=\"attachment-gallery size-gallery\" alt=\"Austerlitz square garden bar tarte flamb\u00e9e burgerIMG_5876\" data-full-url=\"https:\/\/pokaa.fr\/wp-content\/uploads\/2025\/11\/06\/austerlitz-square-garden-bar-tarte-flambee-burgerimg-5876.jpeg\" decoding=\"async\" loading=\"lazy\"  \/>            <\/p>\n<p>                    \u00a9 Bastien Pietronave \/ Pokaa<\/p>\n<p>Au milieu de ces <strong>lumi\u00e8res orang\u00e9es et de cette ambiance chaleureuse<\/strong>, on retrouve quelques touches de d\u00e9co qui nous rappellent <strong>l\u2019univers du sport et des rues new-yorkaises<\/strong>. D\u2019ailleurs, <strong>certains grands temps forts du sport local et international<\/strong> seront diffus\u00e9s sur place.<\/p>\n<p>Au centre de tout \u00e7a,<b> <\/b>l\u2019acoustique est bien pens\u00e9e,<strong> le mobilier a de la gueule et le comptoir du bar aussi :<\/strong> les archi\u2019 n\u2019ont pas fait le boulot \u00e0 moiti\u00e9, et \u00e7a se sent.<\/p>\n<p>                <img width=\"375\" height=\"500\" src=\"https:\/\/www.europesays.com\/fr\/wp-content\/uploads\/2025\/11\/austerlitz-square-garden-bar-tarte-flambee-burgerimg-5915-2-375x500.jpeg\" class=\"attachment-gallery size-gallery\" alt=\"Austerlitz square garden bar tarte flamb\u00e9e burgerIMG_5915 2\" data-full-url=\"https:\/\/pokaa.fr\/wp-content\/uploads\/2025\/11\/06\/austerlitz-square-garden-bar-tarte-flambee-burgerimg-5915-2.jpeg\" decoding=\"async\" loading=\"lazy\"  \/>            <\/p>\n<p>                <img width=\"375\" height=\"500\" src=\"https:\/\/www.europesays.com\/fr\/wp-content\/uploads\/2025\/11\/austerlitz-square-garden-bar-tarte-flambee-burgerimg-5891-375x500.jpeg\" class=\"attachment-gallery size-gallery\" alt=\"Austerlitz square garden bar tarte flamb\u00e9e burgerIMG_5891\" data-full-url=\"https:\/\/pokaa.fr\/wp-content\/uploads\/2025\/11\/06\/austerlitz-square-garden-bar-tarte-flambee-burgerimg-5891.jpeg\" decoding=\"async\" loading=\"lazy\"  \/>            <\/p>\n<p>                <img width=\"375\" height=\"500\" src=\"https:\/\/www.europesays.com\/fr\/wp-content\/uploads\/2025\/11\/austerlitz-square-garden-bar-tarte-flambee-burgerimg-5916-375x500.jpeg\" class=\"attachment-gallery size-gallery\" alt=\"Austerlitz square garden bar tarte flamb\u00e9e burgerIMG_5916\" data-full-url=\"https:\/\/pokaa.fr\/wp-content\/uploads\/2025\/11\/06\/austerlitz-square-garden-bar-tarte-flambee-burgerimg-5916.jpeg\" decoding=\"async\" loading=\"lazy\"  \/>            <\/p>\n<p>                <img width=\"375\" height=\"500\" src=\"https:\/\/www.europesays.com\/fr\/wp-content\/uploads\/2025\/11\/austerlitz-square-garden-bar-tarte-flambee-burgerimg-5856-2-375x500.jpeg\" class=\"attachment-gallery size-gallery\" alt=\"Austerlitz square garden bar tarte flamb\u00e9e burgerIMG_5856 2\" data-full-url=\"https:\/\/pokaa.fr\/wp-content\/uploads\/2025\/11\/06\/austerlitz-square-garden-bar-tarte-flambee-burgerimg-5856-2.jpeg\" decoding=\"async\" loading=\"lazy\"  \/>            <\/p>\n<p>                <img width=\"375\" height=\"500\" src=\"https:\/\/www.europesays.com\/fr\/wp-content\/uploads\/2025\/11\/austerlitz-square-garden-bar-tarte-flambee-burgerimg-5874-375x500.jpeg\" class=\"attachment-gallery size-gallery\" alt=\"Austerlitz square garden bar tarte flamb\u00e9e burgerIMG_5874\" data-full-url=\"https:\/\/pokaa.fr\/wp-content\/uploads\/2025\/11\/06\/austerlitz-square-garden-bar-tarte-flambee-burgerimg-5874.jpeg\" decoding=\"async\" loading=\"lazy\"  \/>            <\/p>\n<p>                    \u00a9 Bastien Pietronave \/ Pokaa<\/p>\n<p>\u00ab On a voulu cr\u00e9er <strong>un espace chaleureux<\/strong>, avec peu de lumi\u00e8re et tout en simplicit\u00e9, <strong>qui donne envie de prendre le temps<\/strong>. On a imagin\u00e9 <strong>un lieu hybride, entre bar et petit resto de potes<\/strong>, o\u00f9 l\u2019on peut venir trinquer et manger un petit bout,<strong> et ce tous les soirs et jusqu\u2019\u00e0 tard dans la nuit<\/strong>. Pour \u00e7a, et pour que les Strasbourgeois s\u2019approprient le lieu comme ils le souhaitent, <strong>on a boss\u00e9 tout dans le d\u00e9tail<\/strong>, que ce soit <strong>au niveau de la food, des boissons et de la d\u00e9co<\/strong>. On a vraiment h\u00e2te que les Strasbourgeois nous d\u00e9couvrent ! \u00bb,\u00a0racontent <strong>Johannes, S\u00e9l\u00e9na et Araya, rassembl\u00e9(e)s avec enthousiasme<\/strong> autour de leur projet commun.<\/p>\n<p>                <img width=\"375\" height=\"500\" src=\"https:\/\/www.europesays.com\/fr\/wp-content\/uploads\/2025\/11\/austerlitz-square-garden-bar-tarte-flambee-burgerimg-5836-375x500.jpeg\" class=\"attachment-gallery size-gallery\" alt=\"Austerlitz square garden bar tarte flamb\u00e9e burgerIMG_5836\" data-full-url=\"https:\/\/pokaa.fr\/wp-content\/uploads\/2025\/11\/06\/austerlitz-square-garden-bar-tarte-flambee-burgerimg-5836.jpeg\" decoding=\"async\" loading=\"lazy\"  \/>            <\/p>\n<p>                <img width=\"375\" height=\"500\" src=\"https:\/\/www.europesays.com\/fr\/wp-content\/uploads\/2025\/11\/austerlitz-square-garden-bar-tarte-flambee-burgerimg-5978-375x500.jpeg\" class=\"attachment-gallery size-gallery\" alt=\"Austerlitz square garden bar tarte flamb\u00e9e burgerIMG_5978\" data-full-url=\"https:\/\/pokaa.fr\/wp-content\/uploads\/2025\/11\/06\/austerlitz-square-garden-bar-tarte-flambee-burgerimg-5978.jpeg\" decoding=\"async\" loading=\"lazy\"  \/>            <\/p>\n<p>                <img width=\"375\" height=\"500\" src=\"https:\/\/www.europesays.com\/fr\/wp-content\/uploads\/2025\/11\/austerlitz-square-garden-bar-tarte-flambee-burgerimg-6018-2-375x500.jpeg\" class=\"attachment-gallery size-gallery\" alt=\"Austerlitz square garden bar tarte flamb\u00e9e burgerIMG_6018 2\" data-full-url=\"https:\/\/pokaa.fr\/wp-content\/uploads\/2025\/11\/06\/austerlitz-square-garden-bar-tarte-flambee-burgerimg-6018-2.jpeg\" decoding=\"async\" loading=\"lazy\"  \/>            <\/p>\n<p>                <img width=\"375\" height=\"500\" src=\"https:\/\/www.europesays.com\/fr\/wp-content\/uploads\/2025\/11\/austerlitz-square-garden-bar-tarte-flambee-burgerimg-6041-375x500.jpeg\" class=\"attachment-gallery size-gallery\" alt=\"Austerlitz square garden bar tarte flamb\u00e9e burgerIMG_6041\" data-full-url=\"https:\/\/pokaa.fr\/wp-content\/uploads\/2025\/11\/06\/austerlitz-square-garden-bar-tarte-flambee-burgerimg-6041.jpeg\" decoding=\"async\" loading=\"lazy\"  \/>            <\/p>\n<p>                <img width=\"375\" height=\"500\" src=\"https:\/\/www.europesays.com\/fr\/wp-content\/uploads\/2025\/11\/austerlitz-square-garden-bar-tarte-flambee-burgerimg-5994-375x500.jpeg\" class=\"attachment-gallery size-gallery\" alt=\"Austerlitz square garden bar tarte flamb\u00e9e burgerIMG_5994\" data-full-url=\"https:\/\/pokaa.fr\/wp-content\/uploads\/2025\/11\/06\/austerlitz-square-garden-bar-tarte-flambee-burgerimg-5994.jpeg\" decoding=\"async\" loading=\"lazy\"  \/>            <\/p>\n<p>                    \u00a9 Bastien Pietronave \/ Pokaa<\/p>\n<p>Boire, manger, remuer et se rencontrer : un bon programme de soir\u00e9e<\/p>\n<p>L\u2019ASG, appelons-le comme \u00e7a d\u00e9sormais, <strong>c\u2019est donc un lieu o\u00f9 l\u2019on vient apr\u00e8s le boulot pour s\u2019envoyer quelques mousses<\/strong>, ou en pleine nuit pour <strong>s\u2019ambiancer en encha\u00eenant les tartes flamb\u00e9es.<\/strong><\/p>\n<p>Au programme ? On retrouve<strong> 8 bi\u00e8res + un cidre \u00e0 la pression<\/strong>, pl\u00e9thore de cocktails, une carte des vins bien s\u00fbr, et <strong>une carte food \u00e0 en faire p\u00e2lir certaines brasseries.<\/strong><\/p>\n<p>Ici, on peut <strong>soit grignoter \u00e0 la cool<\/strong>, <strong>soit bien manger comme au resto<\/strong>. On peut par exemple <strong>partager des TF \u00e0 l\u2019ancienne<\/strong> sur un coin de table, un hot-dog, un petit poulet croustillant, ou <strong>choisir de tailler dans des plats faits maison<\/strong> comme le tartare, le burger au pulled pork, le faux-filet fa\u00e7on tha\u00ef ou le pluma de porc \u00e0 la plancha sauce chimichurri.<\/p>\n<p>                <img width=\"375\" height=\"500\" src=\"https:\/\/www.europesays.com\/fr\/wp-content\/uploads\/2025\/11\/austerlitz-square-garden-bar-tarte-flambee-burgerimg-6080-375x500.jpeg\" class=\"attachment-gallery size-gallery\" alt=\"Austerlitz square garden bar tarte flamb\u00e9e burgerIMG_6080\" data-full-url=\"https:\/\/pokaa.fr\/wp-content\/uploads\/2025\/11\/06\/austerlitz-square-garden-bar-tarte-flambee-burgerimg-6080.jpeg\" decoding=\"async\" loading=\"lazy\"  \/>            <\/p>\n<p>                <img width=\"375\" height=\"500\" src=\"https:\/\/www.europesays.com\/fr\/wp-content\/uploads\/2025\/11\/austerlitz-square-garden-bar-tarte-flambee-burgerimg-6039-375x500.jpeg\" class=\"attachment-gallery size-gallery\" alt=\"Austerlitz square garden bar tarte flamb\u00e9e burgerIMG_6039\" data-full-url=\"https:\/\/pokaa.fr\/wp-content\/uploads\/2025\/11\/06\/austerlitz-square-garden-bar-tarte-flambee-burgerimg-6039.jpeg\" decoding=\"async\" loading=\"lazy\"  \/>            <\/p>\n<p>                <img width=\"375\" height=\"500\" src=\"https:\/\/www.europesays.com\/fr\/wp-content\/uploads\/2025\/11\/austerlitz-square-garden-bar-tarte-flambee-burgerimg-5997-375x500.jpeg\" class=\"attachment-gallery size-gallery\" alt=\"Austerlitz square garden bar tarte flamb\u00e9e burgerIMG_5997\" data-full-url=\"https:\/\/pokaa.fr\/wp-content\/uploads\/2025\/11\/06\/austerlitz-square-garden-bar-tarte-flambee-burgerimg-5997.jpeg\" decoding=\"async\" loading=\"lazy\"  \/>            <\/p>\n<p>                <img width=\"375\" height=\"500\" src=\"https:\/\/www.europesays.com\/fr\/wp-content\/uploads\/2025\/11\/austerlitz-square-garden-bar-tarte-flambee-burgerimg-6022-2-375x500.jpeg\" class=\"attachment-gallery size-gallery\" alt=\"Austerlitz square garden bar tarte flamb\u00e9e burgerIMG_6022 2\" data-full-url=\"https:\/\/pokaa.fr\/wp-content\/uploads\/2025\/11\/06\/austerlitz-square-garden-bar-tarte-flambee-burgerimg-6022-2.jpeg\" decoding=\"async\" loading=\"lazy\"  \/>            <\/p>\n<p>                <img width=\"375\" height=\"500\" src=\"https:\/\/www.europesays.com\/fr\/wp-content\/uploads\/2025\/11\/austerlitz-square-garden-bar-tarte-flambee-burgerimg-6047-375x500.jpeg\" class=\"attachment-gallery size-gallery\" alt=\"Austerlitz square garden bar tarte flamb\u00e9e burgerIMG_6047\" data-full-url=\"https:\/\/pokaa.fr\/wp-content\/uploads\/2025\/11\/06\/austerlitz-square-garden-bar-tarte-flambee-burgerimg-6047.jpeg\" decoding=\"async\" loading=\"lazy\"  \/>            <\/p>\n<p>                    \u00a9 Bastien Pietronave \/ Pokaa<\/p>\n<p>On a go\u00fbt\u00e9 \u00e0 quelques-uns de ces plats, et franchement,<strong> on est tr\u00e8s loin des plats sans \u00e2me que l\u2019on trouve dans d\u2019autres bars \u00e0 Strasbourg<\/strong>, et en plus les TF sont pas mal du tout.<\/p>\n<p>D\u2019ailleurs, <strong>pour que Strasbourg vienne les go\u00fbter<\/strong>, l\u2019\u00e9quipe propose <strong>1 TF achet\u00e9e = 1 TF offerte tous les dimanches et lundis de 18h \u00e0 minuit <\/strong>\u2013 preuve que l\u2019adresse croit en ses produits !<\/p>\n<p>                <img width=\"375\" height=\"500\" src=\"https:\/\/www.europesays.com\/fr\/wp-content\/uploads\/2025\/11\/austerlitz-square-garden-bar-tarte-flambee-burgerimg-5925-375x500.jpeg\" class=\"attachment-gallery size-gallery\" alt=\"Austerlitz square garden bar tarte flamb\u00e9e burgerIMG_5925\" data-full-url=\"https:\/\/pokaa.fr\/wp-content\/uploads\/2025\/11\/06\/austerlitz-square-garden-bar-tarte-flambee-burgerimg-5925.jpeg\" decoding=\"async\" loading=\"lazy\"  \/>            <\/p>\n<p>                <img width=\"375\" height=\"500\" src=\"https:\/\/www.europesays.com\/fr\/wp-content\/uploads\/2025\/11\/austerlitz-square-garden-bar-tarte-flambee-burgerimg-5898-2-375x500.jpeg\" class=\"attachment-gallery size-gallery\" alt=\"Austerlitz square garden bar tarte flamb\u00e9e burgerIMG_5898 2\" data-full-url=\"https:\/\/pokaa.fr\/wp-content\/uploads\/2025\/11\/06\/austerlitz-square-garden-bar-tarte-flambee-burgerimg-5898-2.jpeg\" decoding=\"async\" loading=\"lazy\"  \/>            <\/p>\n<p>                <img width=\"667\" height=\"500\" src=\"https:\/\/www.europesays.com\/fr\/wp-content\/uploads\/2025\/11\/austerlitz-square-garden-bar-tarte-flambee-burgerimg-5977-667x500.jpeg\" class=\"attachment-gallery size-gallery\" alt=\"Austerlitz square garden bar tarte flamb\u00e9e burgerIMG_5977\" data-full-url=\"https:\/\/pokaa.fr\/wp-content\/uploads\/2025\/11\/06\/austerlitz-square-garden-bar-tarte-flambee-burgerimg-5977.jpeg\" decoding=\"async\" loading=\"lazy\"  \/>            <\/p>\n<p>                    \u00a9 Bastien Pietronave \/ Pokaa<\/p>\n<p>Une d\u00e9co simple et sobre, <strong>un peu de musique<\/strong>, un air de bar de potes et <strong>une proposition vari\u00e9e pour boire et manger :<\/strong>\u00a0l\u2019ASG d\u00e9barque \u00e0 Strasbourg avec <strong>des arguments pour devenir un vrai alli\u00e9 de nos nuits<\/strong> et de nos soir\u00e9es.<\/p>\n<p>L\u2019\u00e9quipe, <strong>qui s\u2019y conna\u00eet \u00e0 la fois en restauration et dans le milieu du bar<\/strong>, n\u2019en est pas \u00e0 son premier essai, et quelque chose nous dit que <strong>la m\u00e9lodie de la nuit, des soir\u00e9es entre potes et des belles tabl\u00e9es<\/strong>, va bient\u00f4t y r\u00e9sonner !<\/p>\n<p>                <img width=\"375\" height=\"500\" src=\"https:\/\/www.europesays.com\/fr\/wp-content\/uploads\/2025\/11\/austerlitz-square-garden-bar-tarte-flambee-burgerimg-6031-2-375x500.jpeg\" class=\"attachment-gallery size-gallery\" alt=\"Austerlitz square garden bar tarte flamb\u00e9e burgerIMG_6031 2\" data-full-url=\"https:\/\/pokaa.fr\/wp-content\/uploads\/2025\/11\/06\/austerlitz-square-garden-bar-tarte-flambee-burgerimg-6031-2.jpeg\" decoding=\"async\" loading=\"lazy\"  \/>            <\/p>\n<p>                <img width=\"375\" height=\"500\" src=\"https:\/\/www.europesays.com\/fr\/wp-content\/uploads\/2025\/11\/austerlitz-square-garden-bar-tarte-flambee-burgerimg-5827-375x500.jpeg\" class=\"attachment-gallery size-gallery\" alt=\"Austerlitz square garden bar tarte flamb\u00e9e burgerIMG_5827\" data-full-url=\"https:\/\/pokaa.fr\/wp-content\/uploads\/2025\/11\/06\/austerlitz-square-garden-bar-tarte-flambee-burgerimg-5827.jpeg\" decoding=\"async\" loading=\"lazy\"  \/>            <\/p>\n<p>                <img width=\"375\" height=\"500\" src=\"https:\/\/www.europesays.com\/fr\/wp-content\/uploads\/2025\/11\/austerlitz-square-garden-bar-tarte-flambee-burgerimg-5879-2-375x500.jpeg\" class=\"attachment-gallery size-gallery\" alt=\"Austerlitz square garden bar tarte flamb\u00e9e burgerIMG_5879 2\" data-full-url=\"https:\/\/pokaa.fr\/wp-content\/uploads\/2025\/11\/06\/austerlitz-square-garden-bar-tarte-flambee-burgerimg-5879-2.jpeg\" decoding=\"async\" loading=\"lazy\"  \/>            <\/p>\n<p>                    \u00a9 Bastien Pietronave \/ Pokaa<\/p>\n<p>Les petits et gros +<\/p>\n<ul>\n<li><strong>L\u2019ouverture d\u2019un bar ind\u00e9pendant pens\u00e9 par des Strasbourgeois(es) pour des Strasbourgeois(es), c\u2019est toujours une bonne nouvelle.<\/strong><\/li>\n<li>On aime bien cette d\u00e9co sobre et chaleureuse que l\u2019on peut facilement s\u2019approprier, quelle que soit sa sensibilit\u00e9.<\/li>\n<li><strong>L\u2019acoustique est pens\u00e9e pour s\u2019entendre parler, et \u00e7a c\u2019est plut\u00f4t cool.<\/strong><\/li>\n<li><strong>Une happy hour est propos\u00e9e du lundi au vendredi de 16h \u00e0 19<\/strong><strong>h.<\/strong><\/li>\n<li>On vous conseille de faire un tour dans les toilettes, c\u2019est un univers \u00e0 part.<\/li>\n<li><strong>L\u2019ouverture 7 jours sur 7 fait plaisir, et on peut venir manger tous les jours jusqu\u2019\u00e0 minuit !<\/strong><\/li>\n<li>Une tr\u00e8s belle terrasse de 50 places fera son apparition lors des beaux jours.<\/li>\n<li><strong>Des soir\u00e9es ponctuelles seront organis\u00e9es.<\/strong><\/li>\n<li>Les gros matchs, en particulier le foot, mais pas que, seront diffus\u00e9s.<\/li>\n<li><strong>Les visages de l\u2019\u00e9quipe de cuisine, Nicolas, Benjamin et Marc, diront probablement quelque chose aux plus fins gourmets d\u2019entre vous.<\/strong><\/li>\n<\/ul>\n<p>            Austerlitz Square Garden <\/p>\n<p>            Quoi ?<br \/>\n            Bar \/ restaurant        <\/p>\n<p>            o\u00f9 ?<br \/>\n            4 petite Rue d&rsquo;Austerlitz, \u00e0 Strasbourg         <\/p>\n<p>                Plus d&rsquo;infos ?<\/p>\n<p><strong><a href=\"https:\/\/www.google.com\/url?sa=t&amp;source=web&amp;rct=j&amp;opi=89978449&amp;url=https:\/\/square-garden.fr\/&amp;ved=2ahUKEwi_ipaf5t2QAxWMWKQEHUM6LTAQFnoECAoQAQ&amp;usg=AOvVaw3kaBTvxfWDZWKxdBwSK9Hk\" target=\"_blank\" rel=\"noopener\">Le site web<\/a><\/strong><\/p>\n<p><strong><a href=\"https:\/\/www.google.com\/url?sa=t&amp;source=web&amp;rct=j&amp;opi=89978449&amp;url=https:\/\/www.instagram.com\/austerlitz_square_garden\/&amp;ved=2ahUKEwi_ipaf5t2QAxWMWKQEHUM6LTAQFnoECCoQAQ&amp;usg=AOvVaw3T4zy-c8QhqVTxGYaHV9ba\" target=\"_blank\" rel=\"noopener\">La page Instagram<\/a><\/strong><\/p>\n<p><strong>T\u00e9l : 03 88 21 12 74<\/strong><\/p>\n<p><script async src=\"\/\/www.instagram.com\/embed.js\"><\/script><\/p>\n","protected":false},"excerpt":{"rendered":"Avec le retour du froid d\u2019automne, on est heureux de vous pr\u00e9senter un nouveau bar chaleureux, vivant, et&hellip;\n","protected":false},"author":2,"featured_media":525552,"comment_status":"","ping_status":"","sticky":false,"template":"","format":"standard","meta":{"footnotes":""},"categories":[2820],"tags":[1111,11,64523,9732,1777,674,1011,27,775,12,4565,64524,64525,25,1340,640],"class_list":{"0":"post-525551","1":"post","2":"type-post","3":"status-publish","4":"format-standard","5":"has-post-thumbnail","7":"category-strasbourg","8":"tag-actu","9":"tag-actualites","10":"tag-austerlitz-square-garden","11":"tag-bar","12":"tag-eu","13":"tag-europe","14":"tag-fr","15":"tag-france","16":"tag-grand-est","17":"tag-news","18":"tag-nouveau","19":"tag-ou-boire-a-strasbourg","20":"tag-ou-manger-a-strasbourg","21":"tag-republique-francaise","22":"tag-restaurant","23":"tag-strasbourg"},"share_on_mastodon":{"url":"https:\/\/pubeurope.com\/@fr\/115527064327494967","error":""},"_links":{"self":[{"href":"https:\/\/www.europesays.com\/fr\/wp-json\/wp\/v2\/posts\/525551","targetHints":{"allow":["GET"]}}],"collection":[{"href":"https:\/\/www.europesays.com\/fr\/wp-json\/wp\/v2\/posts"}],"about":[{"href":"https:\/\/www.europesays.com\/fr\/wp-json\/wp\/v2\/types\/post"}],"author":[{"embeddable":true,"href":"https:\/\/www.europesays.com\/fr\/wp-json\/wp\/v2\/users\/2"}],"replies":[{"embeddable":true,"href":"https:\/\/www.europesays.com\/fr\/wp-json\/wp\/v2\/comments?post=525551"}],"version-history":[{"count":0,"href":"https:\/\/www.europesays.com\/fr\/wp-json\/wp\/v2\/posts\/525551\/revisions"}],"wp:featuredmedia":[{"embeddable":true,"href":"https:\/\/www.europesays.com\/fr\/wp-json\/wp\/v2\/media\/525552"}],"wp:attachment":[{"href":"https:\/\/www.europesays.com\/fr\/wp-json\/wp\/v2\/media?parent=525551"}],"wp:term":[{"taxonomy":"category","embeddable":true,"href":"https:\/\/www.europesays.com\/fr\/wp-json\/wp\/v2\/categories?post=525551"},{"taxonomy":"post_tag","embeddable":true,"href":"https:\/\/www.europesays.com\/fr\/wp-json\/wp\/v2\/tags?post=525551"}],"curies":[{"name":"wp","href":"https:\/\/api.w.org\/{rel}","templated":true}]}}