{"id":525566,"date":"2025-11-10T19:36:15","date_gmt":"2025-11-10T19:36:15","guid":{"rendered":"https:\/\/www.europesays.com\/fr\/525566\/"},"modified":"2025-11-10T19:36:15","modified_gmt":"2025-11-10T19:36:15","slug":"le-conducteur-mis-en-examen-et-incarcere","status":"publish","type":"post","link":"https:\/\/www.europesays.com\/fr\/525566\/","title":{"rendered":"le conducteur mis en examen et incarc\u00e9r\u00e9"},"content":{"rendered":"<p>            Par<br \/>\n        <strong><br \/>\n            <a href=\"https:\/\/actu.fr\/auteur\/mareva-laville-actu-fr\" title=\"Consulter tous les articles de Mar\u00e9va Laville\" target=\"_blank\" rel=\"noopener\">Mar\u00e9va Laville<\/a><br \/>\n        <\/strong><\/p>\n<p>        Publi\u00e9 le<\/p>\n<p>            10 nov. 2025 \u00e0 20h01        <\/p>\n<p>Le refus d\u2019obtemp\u00e9rer aura<a href=\"https:\/\/actu.fr\/occitanie\/mauzac_31334\/pres-de-toulouse-la-voiture-fait-une-sortie-de-route-et-chute-dans-un-lac-deux-personnes-noyees_63413002.html\" target=\"_blank\" rel=\"noopener\"> co\u00fbt\u00e9 la vie \u00e0 deux jeunes hommes<\/a>. Tard dans la soir\u00e9e de vendredi 7\u00a0novembre 2025, une voiture a fini sa course dans le lac de <strong><a href=\"https:\/\/actu.fr\/occitanie\/mauzac_31334\" target=\"_blank\" rel=\"noopener\">Mauzac<\/a> (Haute-Garonne)<\/strong>, au sud de <a href=\"http:\/\/www.actu.fr\/toulouse\" target=\"_blank\" rel=\"noopener\">Toulouse<\/a>, faisant perdre la vie \u00e0 deux personnes. Moins de deux jours apr\u00e8s les faits, un homme a \u00e9t\u00e9 plac\u00e9 <strong>en garde \u00e0 vue<\/strong> dimanche au matin, puis <strong>mis en examen<\/strong> et \u00e9crou\u00e9 ce lundi 10 novembre. Ce que l\u2019on sait.<\/p>\n<p>Quatre jeunes hommes dans la voiture<\/p>\n<p class=\" wall-content\">\u00c0 bord de la voiture, se trouvaient quatre hommes, tous n\u00e9s entre 2003 et 2005, <strong>\u00e2g\u00e9s donc de 20 \u00e0 22\u00a0ans<\/strong>, selon les informations de la gendarmerie de Haute-Garonne. Deux d\u2019entre eux y ont perdu la vie, coinc\u00e9s dans <strong>la voiture submerg\u00e9e d\u2019eau,<\/strong> au bord de la D53.<\/p>\n<p>    <a href=\"https:\/\/www.google.com\/maps\/embed?pb=!4v1762786903541!6m8!1m7!1sRAaWzLmR-Vit136JPcGxzA!2m2!1d43.38107632551457!2d1.285244267055622!3f249.52750245362472!4f-3.289706331681572!5f0.7820865974627469\" title=\"Ouvrie le lien\" target=\"_blank\" rel=\"noopener\">Cliquez ici pour visualiser le contenu<\/a><\/p>\n<p>Un refus d\u2019obtemp\u00e9rer de nuit<\/p>\n<p class=\" wall-content\">Il \u00e9tait environ minuit lorsque le <strong>maire de la commune <\/strong>de Mauzac,<strong> \u00c9ric Salat,<\/strong> a \u00e9t\u00e9 appel\u00e9 par les gendarmes. \u00ab\u2009C\u2019est la deuxi\u00e8me fois qu\u2019une voiture tombe dans ce lac. C\u2019\u00e9tait arriv\u00e9 il y a quelques ann\u00e9es, mais \u00e7a s\u2019\u00e9tait mieux termin\u00e9\u2009\u00bb, se rem\u00e9more l\u2019\u00e9lu.<\/p>\n<p class=\" wall-content\">Tard cette nuit-l\u00e0, le conducteur a <strong>refus\u00e9 de s\u2019arr\u00eater<\/strong> alors que les gendarmes voulaient effectuer un contr\u00f4le. Son ent\u00eatement l\u2019a conduit, lui et ses trois passagers, dans l\u2019\u00e9tang, au bord de la route.<\/p>\n<p class=\" wall-content\">Deux des victimes \u2014 incluant le conducteur \u2014 ont n\u00e9anmoins r\u00e9ussi \u00e0 s\u2019extirper du v\u00e9hicule et ont \u00e9t\u00e9<strong> transf\u00e9r\u00e9s \u00e0 l\u2019h\u00f4pital<\/strong>. Les deux autres sont d\u00e9c\u00e9d\u00e9es. Elles n\u2019\u00e9taient pas domicili\u00e9es sur la commune, selon le maire de Mauzac.<\/p>\n<p>Le conducteur mis en examen<\/p>\n<p class=\" wall-content\">Le<strong> conducteur a \u00e9t\u00e9 plac\u00e9 en garde \u00e0 vue<\/strong> d\u00e8s dimanche 9 novembre 2025. Le jeune automobiliste devait s\u2019expliquer des raisons de son <strong>refus d\u2019obtemp\u00e9rer<\/strong> et des causes de l\u2019accident.<\/p>\n<p>Votre r\u00e9gion, votre actu !<\/p>\n<p>Recevez chaque jour les infos qui comptent pour vous.<\/p>\n<p>\t<a href=\"https:\/\/actu.fr\/newsletter\" class=\"ac-btn ac-btn--corner ac-btn--medium ac-btn--blue800\" target=\"_blank\" rel=\"noopener\">S&rsquo;incrire<\/a><\/p>\n<p class=\" wall-content\">D\u2019apr\u00e8s nos informations, il a \u00e9t\u00e9 d\u00e9f\u00e9r\u00e9 devant le parquet de Toulouse ce lundi 10 novembre 2025 au matin, avant d\u2019\u00eatre <strong>mis en examen pour homicide routier<\/strong> et blessures routi\u00e8res, le tout aggrav\u00e9 par plusieurs circonstances, notamment le fait que son\u00a0permis de conduire lui avait \u00e9t\u00e9 <strong>suspendu<\/strong> pour conduite sous stup\u00e9fiants. Il a par ailleurs \u00e9t\u00e9 <strong>plac\u00e9 en d\u00e9tention.<\/strong><\/p>\n<p>De nombreuses questions en suspens<\/p>\n<p class=\" wall-content\">\u00c9tait-il en \u00e9tat de conduire quand le drame est arriv\u00e9 ? Pour quelles raisons a-t-il refus\u00e9 d\u2019obtemp\u00e9rer ? Tant d\u2019\u00e9l\u00e9ments que seule l\u2019enqu\u00eate de gendarmerie permettra de d\u00e9terminer.<\/p>\n<p class=\" wall-content\"><strong>Avec G.L.<\/strong><\/p>\n<p class=\" wall-content\">Personnalisez votre actualit\u00e9 en ajoutant vos villes et m\u00e9dias en favori avec <a href=\"https:\/\/moncompte.actu.fr\" title=\"D\u00e9couvez Mon Actu\" rel=\"nofollow noopener\" data-trk=\"{&quot;cta&quot;:{&quot;action&quot;:&quot;https:\\\/\\\/moncompte.actu.fr&quot;,&quot;category&quot;:&quot;mon compte&quot;,&quot;from&quot;:&quot;article footer&quot;,&quot;name&quot;:&quot;Mon actu&quot;,&quot;type&quot;:&quot;cta&quot;}}\" target=\"_blank\">Mon Actu<\/a>.<\/p>\n","protected":false},"excerpt":{"rendered":"Par Mar\u00e9va Laville Publi\u00e9 le 10 nov. 2025 \u00e0 20h01 Le refus d\u2019obtemp\u00e9rer aura co\u00fbt\u00e9 la vie \u00e0&hellip;\n","protected":false},"author":2,"featured_media":525567,"comment_status":"","ping_status":"","sticky":false,"template":"","format":"standard","meta":{"footnotes":""},"categories":[2816],"tags":[1111,11,1777,674,118,1011,27,3381,12,2680,1311,25,2312],"class_list":{"0":"post-525566","1":"post","2":"type-post","3":"status-publish","4":"format-standard","5":"has-post-thumbnail","7":"category-toulouse","8":"tag-actu","9":"tag-actualites","10":"tag-eu","11":"tag-europe","12":"tag-faits-divers","13":"tag-fr","14":"tag-france","15":"tag-gendarmerie","16":"tag-news","17":"tag-occitanie","18":"tag-pompiers","19":"tag-republique-francaise","20":"tag-toulouse"},"share_on_mastodon":{"url":"https:\/\/pubeurope.com\/@fr\/115527089341677107","error":""},"_links":{"self":[{"href":"https:\/\/www.europesays.com\/fr\/wp-json\/wp\/v2\/posts\/525566","targetHints":{"allow":["GET"]}}],"collection":[{"href":"https:\/\/www.europesays.com\/fr\/wp-json\/wp\/v2\/posts"}],"about":[{"href":"https:\/\/www.europesays.com\/fr\/wp-json\/wp\/v2\/types\/post"}],"author":[{"embeddable":true,"href":"https:\/\/www.europesays.com\/fr\/wp-json\/wp\/v2\/users\/2"}],"replies":[{"embeddable":true,"href":"https:\/\/www.europesays.com\/fr\/wp-json\/wp\/v2\/comments?post=525566"}],"version-history":[{"count":0,"href":"https:\/\/www.europesays.com\/fr\/wp-json\/wp\/v2\/posts\/525566\/revisions"}],"wp:featuredmedia":[{"embeddable":true,"href":"https:\/\/www.europesays.com\/fr\/wp-json\/wp\/v2\/media\/525567"}],"wp:attachment":[{"href":"https:\/\/www.europesays.com\/fr\/wp-json\/wp\/v2\/media?parent=525566"}],"wp:term":[{"taxonomy":"category","embeddable":true,"href":"https:\/\/www.europesays.com\/fr\/wp-json\/wp\/v2\/categories?post=525566"},{"taxonomy":"post_tag","embeddable":true,"href":"https:\/\/www.europesays.com\/fr\/wp-json\/wp\/v2\/tags?post=525566"}],"curies":[{"name":"wp","href":"https:\/\/api.w.org\/{rel}","templated":true}]}}