{"id":525579,"date":"2025-11-10T19:45:38","date_gmt":"2025-11-10T19:45:38","guid":{"rendered":"https:\/\/www.europesays.com\/fr\/525579\/"},"modified":"2025-11-10T19:45:38","modified_gmt":"2025-11-10T19:45:38","slug":"premieres-ouvertures-a-la-concurrence-des-bus-parisiens-alors-ca-roule","status":"publish","type":"post","link":"https:\/\/www.europesays.com\/fr\/525579\/","title":{"rendered":"Premi\u00e8res ouvertures \u00e0 la concurrence des bus parisiens\u00a0: alors, \u00e7a roule\u00a0?"},"content":{"rendered":"<p class=\"paragraph text_align_left lp-f-body-02\">\u00ab Les bus sont tous sortis. Les conducteurs \u00e9taient l\u00e0. Les syst\u00e8mes informatiques \u00e9taient par\u00e9s\u2026 Tout s\u2019est bien pass\u00e9. Les changements d\u2019op\u00e9rateurs ont \u00e9t\u00e9 totalement transparents pour les usagers. \u00bb La mise en concurrence des lignes de bus se serait pass\u00e9e sans encombre, \u00e0 en croire Ile-de-France Mobilit\u00e9s (IDFM), autorit\u00e9 organisatrice des transports de la r\u00e9gion.<\/p>\n<p class=\"paragraph text_align_left lp-f-body-02\">Une semaine apr\u00e8s la prise de fonction des entreprises de droit priv\u00e9 qui ont \u00e9t\u00e9 d\u00e9sign\u00e9es pour reprendre l\u2019exploitation de <a href=\"https:\/\/www.leparisien.fr\/info-paris-ile-de-france-oise\/transports\/reseau-de-bus-parisien-ouvert-a-la-concurrence-keolis-et-ratp-cap-idf-pressentis-pour-exploiter-les-trois-premiers-lots-de-lignes-25-10-2024-74FGD6HZ4JCMXIHOBCWIRLWWQ4.php?at_variant=photo&amp;at_creation=Le%20Parisien%20%7C%20transports&amp;at_campaign=Partage%20Twitter%20CM&amp;at_medium=Social%20media\" target=\"_self\" rel=\"noopener\">3 des 12 \u00ab lots \u00bb d\u00e9coup\u00e9s dans l\u2019ancien monopole historique de la RATP<\/a> sur les bus parisiens, Laurent Probst, le directeur g\u00e9n\u00e9ral d\u2019IDFM, dresse en effet un bilan tr\u00e8s satisfait de cette premi\u00e8re op\u00e9ration de \u00ab bascule \u00bb entre op\u00e9rateurs.<\/p>\n<p class=\"paragraph text_align_left lp-f-body-02\">Les lots \u00ab Boucles Nord de Seine \u00bb, couvrant Asni\u00e8res et Saint-Denis-Pleyel, et \u00ab Bords de Marne \u00bb (Neuilly-Plaisance, Saint-Maur, Neuilly-sur-Marne), ont \u00e9t\u00e9 attribu\u00e9s \u00e0 RATP Cap \u00cele-de-France, la filiale de droit priv\u00e9 dont la RATP s\u2019est dot\u00e9e pour concourir aux appels d\u2019offres. Le r\u00e9seau \u00ab Marne et Brie \u00bb, regroupant six centres bus en Seine-et-Marne (Chelles, Pontault-Combault, \u00c9merainville, Le Raincy, Noisy-le-Grand, Ozoir-la-Ferri\u00e8re), a quant \u00e0 lui \u00e9t\u00e9 confi\u00e9 \u00e0 <a href=\"https:\/\/www.leparisien.fr\/info-paris-ile-de-france-oise\/transports\/la-concurrence-dans-les-transports-sera-benefique-aux-franciliens-assure-marie-ange-debon-pdg-de-keolis-24-04-2025-ZLSBBDF6UREX5CJH7LLH57BHQU.php\" target=\"_self\" rel=\"noopener\">Keolis<\/a>, filiale de la SNCF.<\/p>\n<p class=\"paragraph text_align_left lp-f-body-02\">Les syst\u00e8mes de pilotage, de gestion et d\u2019exploitation de ces nouveaux r\u00e9seaux, regroupant \u00e0 eux trois 84 lignes de bus desservies par 930 v\u00e9hicules, soit l\u2019\u00e9quivalent du r\u00e9seau de bus de toute l\u2019agglom\u00e9ration lyonnaise, ont \u00e9t\u00e9 bascul\u00e9s en une nuit, du 31 octobre au 1er novembre, des \u00e9quipements centralis\u00e9s de la RATP vers ceux des nouveaux op\u00e9rateurs autonomes. Un d\u00e9fi technique qui s\u2019est donc d\u00e9roul\u00e9 sans bug et sans dysfonctionnement \u00e0 la r\u00e9ouverture du service le lendemain matin, se f\u00e9licite-t-on du c\u00f4t\u00e9 d\u2019IDFM.<\/p>\n<p><img decoding=\"async\" class=\"image \" loading=\"lazy\" src=\"https:\/\/www.europesays.com\/fr\/wp-content\/uploads\/2025\/11\/3KNA4E7LG5GTJMIH3XXIGSDCMI.jpg\" alt=\"\" align=\"\" data-rubrique-principale=\"\" data-article-type=\"\" fetchpriority=\"auto\"\/><\/p>\n<p class=\"paragraph text_align_left lp-f-body-02\">M\u00eame satisfaction concernant le volet \u00ab social \u00bb, qui a <a href=\"https:\/\/www.leparisien.fr\/info-paris-ile-de-france-oise\/transports\/ouverture-a-la-concurrence-des-bus-parisiens-les-trois-premiers-lots-attribues-sur-fond-de-contestation-12-11-2024-3AMJY2KLXVFH7HHIWVPLNLPWDU.php\" target=\"_self\" rel=\"noopener\">pourtant \u00e9t\u00e9 tr\u00e8s critiqu\u00e9 <\/a>par l\u2019opposition de gauche au conseil r\u00e9gional et par divers syndicats. \u00ab Sur les 2700 salari\u00e9s de la RATP concern\u00e9s par la transition, il n\u2019y a eu que 77 refus de transfert (3 %) \u00bb, rappelle Laurent Probst, en insistant sur l\u2019importance des garanties de pr\u00e9servation des conditions sociales des salari\u00e9s qui ont \u00e9t\u00e9 pr\u00e9vues par IDFM.<\/p>\n<p class=\"paragraph text_align_left lp-f-body-02\">Reste la question de la qualit\u00e9 du service offert aux usagers des r\u00e9seaux transf\u00e9r\u00e9s \u00e0 de nouveau op\u00e9rateurs. Selon IDFM, elle ne semblerait pas avoir p\u00e2ti de l\u2019ouverture \u00e0 la concurrence. Au contraire. \u00ab Durant les 4 ou 5 premiers jours qui ont suivi les transitions, le taux de production de bus (NDLR : le pourcentage de v\u00e9hicules au rendez-vous aux arr\u00eats par rapport \u00e0 l\u2019offre contractuelle demand\u00e9e par IDFM) a oscill\u00e9 entre 99 et 100 %. C\u2019est exceptionnel \u00bb, note Laurent Probst. Il reconna\u00eet toutefois qu\u2019il reste des points de vigilance. \u00ab Notamment sur la question essentielle de <a href=\"https:\/\/www.leparisien.fr\/info-paris-ile-de-france-oise\/transports\/temps-dattente-aux-arrets-de-bus-du-grand-paris-le-systeme-dinformation-pas-toujours-fiable-sera-renouvele-15-01-2025-WHQTAKVLEZDVNCZOEIN3A7NMCA.php\" target=\"_self\" rel=\"noopener\">l\u2019information-voyageurs<\/a> qui ne fonctionne pas encore tr\u00e8s bien sur les 3 r\u00e9seaux concern\u00e9s. \u00bb<\/p>\n<p class=\"paragraph text_align_left lp-f-body-02\">La Fnaut-IDF, association d\u2019usagers, confirme que les premi\u00e8res \u00ab bascules \u00bb se sont plut\u00f4t bien pass\u00e9es. \u00ab A part l\u2019affichage des temps d\u2019attente qui ne fonctionnait pas durant le premier week-end, peu de difficult\u00e9s nous ont \u00e9t\u00e9 remont\u00e9es, indique Marc P\u00e9lissier, son pr\u00e9sident. \u00ab Maintenant, il faut voir si ces r\u00e9sultats vont s\u2019inscrire dans la dur\u00e9e. Et notamment lors de la ren\u00e9gociation des accords sociaux d\u2019ici 15 mois. \u00bb<\/p>\n<p class=\"paragraph text_align_left lp-f-body-02\">La prochaine \u00e9tape cl\u00e9 de l\u2019ouverture \u00e0 la concurrence du r\u00e9seau des bus parisiens interviendra le 1er mars 2026. Avec notamment l\u2019arriv\u00e9e de l\u2019op\u00e9rateur italien ATM (Azienda Trasporti Milanesi), qui prendra les manettes de la DSP 40, dite \u00ab Croix du Sud \u00bb, dont d\u00e9pendent 18 lignes desservant le sud des Hauts-de-Seine.<\/p>\n","protected":false},"excerpt":{"rendered":"\u00ab Les bus sont tous sortis. Les conducteurs \u00e9taient l\u00e0. Les syst\u00e8mes informatiques \u00e9taient par\u00e9s\u2026 Tout s\u2019est bien&hellip;\n","protected":false},"author":2,"featured_media":525580,"comment_status":"","ping_status":"","sticky":false,"template":"","format":"standard","meta":{"footnotes":""},"categories":[1592],"tags":[1111,11,1777,674,1011,27,662,1944,12,626,25,2382],"class_list":{"0":"post-525579","1":"post","2":"type-post","3":"status-publish","4":"format-standard","5":"has-post-thumbnail","7":"category-ile-de-france","8":"tag-actu","9":"tag-actualites","10":"tag-eu","11":"tag-europe","12":"tag-fr","13":"tag-france","14":"tag-ile-de-france","15":"tag-ma-ville","16":"tag-news","17":"tag-paris","18":"tag-republique-francaise","19":"tag-transport-idf-oise"},"share_on_mastodon":{"url":"https:\/\/pubeurope.com\/@fr\/115527125398989531","error":""},"_links":{"self":[{"href":"https:\/\/www.europesays.com\/fr\/wp-json\/wp\/v2\/posts\/525579","targetHints":{"allow":["GET"]}}],"collection":[{"href":"https:\/\/www.europesays.com\/fr\/wp-json\/wp\/v2\/posts"}],"about":[{"href":"https:\/\/www.europesays.com\/fr\/wp-json\/wp\/v2\/types\/post"}],"author":[{"embeddable":true,"href":"https:\/\/www.europesays.com\/fr\/wp-json\/wp\/v2\/users\/2"}],"replies":[{"embeddable":true,"href":"https:\/\/www.europesays.com\/fr\/wp-json\/wp\/v2\/comments?post=525579"}],"version-history":[{"count":0,"href":"https:\/\/www.europesays.com\/fr\/wp-json\/wp\/v2\/posts\/525579\/revisions"}],"wp:featuredmedia":[{"embeddable":true,"href":"https:\/\/www.europesays.com\/fr\/wp-json\/wp\/v2\/media\/525580"}],"wp:attachment":[{"href":"https:\/\/www.europesays.com\/fr\/wp-json\/wp\/v2\/media?parent=525579"}],"wp:term":[{"taxonomy":"category","embeddable":true,"href":"https:\/\/www.europesays.com\/fr\/wp-json\/wp\/v2\/categories?post=525579"},{"taxonomy":"post_tag","embeddable":true,"href":"https:\/\/www.europesays.com\/fr\/wp-json\/wp\/v2\/tags?post=525579"}],"curies":[{"name":"wp","href":"https:\/\/api.w.org\/{rel}","templated":true}]}}