{"id":525587,"date":"2025-11-10T19:49:20","date_gmt":"2025-11-10T19:49:20","guid":{"rendered":"https:\/\/www.europesays.com\/fr\/525587\/"},"modified":"2025-11-10T19:49:20","modified_gmt":"2025-11-10T19:49:20","slug":"ma-fille-ira-chez-mamie-a-paris-le-systeme-d-des-parents-face-a-la-greve-des-cantines","status":"publish","type":"post","link":"https:\/\/www.europesays.com\/fr\/525587\/","title":{"rendered":"\u00ab\u00a0Ma fille ira chez Mamie\u00a0\u00bb\u00a0: \u00e0 Paris, le syst\u00e8me D des parents face \u00e0 la gr\u00e8ve des cantines"},"content":{"rendered":"<p class=\"paragraph text_align_left lp-f-body-02\">Sur les trottoirs, les enfants s\u2019agrippent aux mains de leurs parents. Des voix r\u00e9sonnent : \u00ab Stop, on arr\u00eate de courir, vous attendez que le bonhomme soit vert avant de traverser. \u00bb Il est 11h30, ce lundi 10 novembre, aux abords de l\u2019\u00e9cole Maurice-Genevoix \u00e0 Paris (<a href=\"https:\/\/www.leparisien.fr\/paris-75\/paris-75018\/\" target=\"_self\" rel=\"nofollow noopener\">XVIIIe<\/a>) et des flots d\u2019\u00e9l\u00e8ves de maternelle et de primaire se d\u00e9versent dans les rues. Jusqu\u2019au 21 novembre, ils n\u2019iront pas \u00e0 la cantine.<\/p>\n","protected":false},"excerpt":{"rendered":"Sur les trottoirs, les enfants s\u2019agrippent aux mains de leurs parents. Des voix r\u00e9sonnent : \u00ab Stop, on&hellip;\n","protected":false},"author":2,"featured_media":525588,"comment_status":"","ping_status":"","sticky":false,"template":"","format":"standard","meta":{"footnotes":""},"categories":[1888],"tags":[11,1777,674,1011,27,1944,12,626,25],"class_list":{"0":"post-525587","1":"post","2":"type-post","3":"status-publish","4":"format-standard","5":"has-post-thumbnail","7":"category-paris","8":"tag-actualites","9":"tag-eu","10":"tag-europe","11":"tag-fr","12":"tag-france","13":"tag-ma-ville","14":"tag-news","15":"tag-paris","16":"tag-republique-francaise"},"share_on_mastodon":{"url":"https:\/\/pubeurope.com\/@fr\/115527140717377826","error":""},"_links":{"self":[{"href":"https:\/\/www.europesays.com\/fr\/wp-json\/wp\/v2\/posts\/525587","targetHints":{"allow":["GET"]}}],"collection":[{"href":"https:\/\/www.europesays.com\/fr\/wp-json\/wp\/v2\/posts"}],"about":[{"href":"https:\/\/www.europesays.com\/fr\/wp-json\/wp\/v2\/types\/post"}],"author":[{"embeddable":true,"href":"https:\/\/www.europesays.com\/fr\/wp-json\/wp\/v2\/users\/2"}],"replies":[{"embeddable":true,"href":"https:\/\/www.europesays.com\/fr\/wp-json\/wp\/v2\/comments?post=525587"}],"version-history":[{"count":0,"href":"https:\/\/www.europesays.com\/fr\/wp-json\/wp\/v2\/posts\/525587\/revisions"}],"wp:featuredmedia":[{"embeddable":true,"href":"https:\/\/www.europesays.com\/fr\/wp-json\/wp\/v2\/media\/525588"}],"wp:attachment":[{"href":"https:\/\/www.europesays.com\/fr\/wp-json\/wp\/v2\/media?parent=525587"}],"wp:term":[{"taxonomy":"category","embeddable":true,"href":"https:\/\/www.europesays.com\/fr\/wp-json\/wp\/v2\/categories?post=525587"},{"taxonomy":"post_tag","embeddable":true,"href":"https:\/\/www.europesays.com\/fr\/wp-json\/wp\/v2\/tags?post=525587"}],"curies":[{"name":"wp","href":"https:\/\/api.w.org\/{rel}","templated":true}]}}