{"id":525591,"date":"2025-11-10T19:51:14","date_gmt":"2025-11-10T19:51:14","guid":{"rendered":"https:\/\/www.europesays.com\/fr\/525591\/"},"modified":"2025-11-10T19:51:14","modified_gmt":"2025-11-10T19:51:14","slug":"france-nicolas-sarkozy-sort-de-prison-cop30-coup-denvoi-ukraine-enquete-pour-corruption","status":"publish","type":"post","link":"https:\/\/www.europesays.com\/fr\/525591\/","title":{"rendered":"France: Nicolas Sarkozy sort de prison \/ COP30: coup d&rsquo;envoi \/ Ukraine: enqu\u00eate pour corruption&#8230;"},"content":{"rendered":"<p>\n                        Bonjour  \u00e0  toutes  et  \u00e0  tous.                     <\/p>\n<p>\n                        Soyez  les  bienvenus  \u00e0  l&rsquo;\u00e9coute  de RFI &#8211; Radio  France  Internationale  en  direct  de  Paris.  Il  est  17  heures.                     <\/p>\n<p>\n                        Le  Journal en  fran\u00e7ais  facile.                      <\/p>\n<p>\n                        Adrien  Delgrange.                     <\/p>\n<p>\n                        16  heures temps universel.                      <\/p>\n<p>\n                        Ravi  de  vous  retrouver.  Nous  sommes  le  lundi  10  novembre.                      <\/p>\n<p>\n                        Au  sommaire  de  cette  \u00e9dition :                     <\/p>\n<p>\n                        La  COP30 est, d\u00e9sormais, ouverte.  Dix  jours  de  r\u00e9flexion  sur  le  climat  de  notre  plan\u00e8te.  Dans  ce  journal,  nous  nous  int\u00e9resserons  au  r\u00f4le  de  la  for\u00eat  amazonienne  pour  tenter  de  ralentir  le  r\u00e9chauffement  climatique.                      <\/p>\n<p>\n                        En  France,  l&rsquo;ex-pr\u00e9sident  Nicolas  Sarkozy  est  sorti  de  prison, aujourd&rsquo;hui. Nous entendrons  son  avocat.                      <\/p>\n<p>\n                        L&rsquo;Ukraine est  \u00e9galement  au  sommaire.  Les  autorit\u00e9s  enqu\u00eatent  sur  une  corruption.  De  l&rsquo;argent  sale  \u00e0  grande  \u00e9chelle  dans  le  secteur  de  l&rsquo;\u00e9nergie,  nous  explique, dans  un  instant, Anastasia  Becchio.                      <\/p>\n<p>\n                        Et  puis, enfin,  Maradona  n&rsquo;est  plus  l\u00e0 \u2013 l&rsquo;ancien joueur  argentin  de  football  est  mort, il  y  a  cinq  ans \u2013, mais  il  continue  d&rsquo;int\u00e9resser  et  d&rsquo;intriguer,  voire  de  surprendre.  Un  congr\u00e8s  international  \u00e9tait  consacr\u00e9, ce  week-end, \u00e0  Maradona.  Reportage  \u00e0  suivre  de  notre  correspondant  \u00e0  Buenos  Aires.                      <\/p>\n<p>\n                        Nouvelle  alerte  \u00e0  l&rsquo;ouverture  de  la  COP30, la  30\u1d49  conf\u00e9rence  internationale  sur  le  climat.  \u00ab Il est  d\u00e9sormais  presque  in\u00e9vitable  que  le  r\u00e9chauffement  climatique  d\u00e9passe  1,5  \u00b0C \u00bb, vient  de  d\u00e9clarer  le  pr\u00e9sident  du  GIEC ; le  GIEC,  ce groupe  d&rsquo;experts  sur  l&rsquo;\u00e9volution  du  climat. Pour Jim Skea, \u00ab L&rsquo;augmentation des  temp\u00e9ratures  est  clairement  due  \u00e0  l&rsquo;insuffisance  des  mesures  prises  en  faveur  du  climat. \u00bb Cette  ann\u00e9e,  le  Br\u00e9sil  accueille  cette  conf\u00e9rence.  Lula,  le  pr\u00e9sident  br\u00e9silien,  a  voulu  organiser  cette  COP30 en  Amazonie  afin, notamment, de  mettre  un  coup  de  projecteur  sur  l&rsquo;importance  des  for\u00eats  tropicales,  for\u00eats  qui,  en  absorbant  le  carbone \u2013 ce  gaz \u2013, nous  aident  \u00e0  freiner,  \u00e0  ralentir  le  r\u00e9chauffement  mondial.  Lucile  Gimbert.                      <\/p>\n<p>\n                        L&rsquo;immense  for\u00eat  amazonienne,  si  utile  pour  l&rsquo;\u00e9quilibre  du  climat  mondial,  est  mise  en  danger  par  la  d\u00e9forestation  au  profit  de  l&rsquo;agriculture.  Mais  la  principale  menace  qui  p\u00e8se  sur  l&rsquo;Amazonie, aujourd&rsquo;hui,  explique  le  g\u00e9ographe  br\u00e9silien  Arnaldo  Carneiro,  ce  sont  les  s\u00e9cheresses  qui  se  r\u00e9p\u00e8tent, \u00e0  cause  du  r\u00e9chauffement  mondial  li\u00e9  aux  \u00e9missions  de  gaz  \u00e0  effet  de  serre  des  pays  occidentaux.                      <\/p>\n<p>\n                        \u00ab Donc, bien  s\u00fbr,  le  Br\u00e9sil  doit  mettre  \u00e0  z\u00e9ro  sa  d\u00e9forestation. Mais, \u00e0  2035,  on  aura  toujours  les  gaz  \u00e0  effet  de  serre  qui  arrivent  par  les  \u00e9missions  de  l&rsquo;h\u00e9misph\u00e8re  nord.  Les  pays  de  l&rsquo;h\u00e9misph\u00e8re  nord, ils doivent aussi  faire  ses  parties,  soit  les  \u00c9tats-Unis,  soit  l&rsquo;Europe,  soit  la  Chine,  soit  la  Russie. \u00bb                     <\/p>\n<p>\n                        M\u00eame  chose  en  ce  qui  concerne  le  climat  mondial.                      <\/p>\n<p>\n                        \u00ab Il faut  dire  que  la  d\u00e9forestation,  actuellement,  elle  ne  repr\u00e9sente  pas  2 % du  volume  de  gaz  \u00e0  effet  de  serre  global. R\u00e9gionalement, elle peut,  oui,  cr\u00e9er  un  impact  tr\u00e8s  important,  comme  c&rsquo;est  le  cas  de  l&rsquo;Amazonie.  Mais, de  fa\u00e7on  globale,  de  loin,  c&rsquo;est pas  \u00e7a  le  probl\u00e8me. \u00bb                     <\/p>\n<p>\n                        La  d\u00e9forestation, c&rsquo;est donc  le  principal  probl\u00e8me  que  le  Br\u00e9sil  doit  r\u00e9gler  pour  r\u00e9duire  son  bilan  carbone.  Mais, \u00e0  l&rsquo;\u00e9chelle  globale,  l&rsquo;action  \u00e0  mener,  c&rsquo;est  bien  de  sortir  des  \u00e9nergies  fossiles : p\u00e9trole,  gaz  et  charbon.                      <\/p>\n<p>\n                        17  h  04  \u00e0 Paris.                     <\/p>\n<p>\n                        Dans l&rsquo;actualit\u00e9  fran\u00e7aise,  il  est  sorti  de  prison.  Nicolas  Sarkozy  a  quitt\u00e9, cet  apr\u00e8s-midi, la  prison  de  la  Sant\u00e9, \u00e0  Paris.  Apr\u00e8s  20  jours  derri\u00e8re  les  barreaux,  l&rsquo;ancien  pr\u00e9sident  de  la  R\u00e9publique  fran\u00e7aise  est  rentr\u00e9  chez  lui,  dans  le  16\u1d49  arrondissement  de  Paris.  Ma\u00eetre  Christophe  Ingrain  est  un  des  avocats  de  Nicolas  Sarkozy.                      <\/p>\n<p>\n                        \u00ab Cette d\u00e9cision  est  une  application  normale  du  droit, du  code  de  proc\u00e9dure  p\u00e9nale.  C&rsquo;est  une  \u00e9tape.  La  prochaine  \u00e9tape,  c&rsquo;est  le  proc\u00e8s  en  appel.  Et, notre  travail  maintenant,  d\u00e9sormais, \u00e0  Nicolas  Sarkozy  et  \u00e0  nous,  c&rsquo;est  de  pr\u00e9parer  cette  audience  d&rsquo;appel. \u00bb                     <\/p>\n<p>\n                        Alors, le  proc\u00e8s  en  appel \u2013 qui  veut  dire  une  seconde  audience,  un  deuxi\u00e8me  proc\u00e8s \u2013 dans  l&rsquo;affaire  du  financement  libyen  de  sa  campagne  \u00e9lectorale  de  2007  est  pr\u00e9vu  dans  cinq  mois,  en  mars  prochain.  Entre-temps, Nicolas  Sarkozy reste, tout  de  m\u00eame, sous  contr\u00f4le  judiciaire.  La  justice  lui  impose  quelques  obligations,  notamment  l&rsquo;interdiction  de  quitter  le  territoire  fran\u00e7ais  ou  encore  l&rsquo;interdiction  d&rsquo;entrer  en  contact  avec  tout  fonctionnaire  du  minist\u00e8re  de  la  Justice,  y  compris  son  ami, l&rsquo;actuel  ministre  de  la  Justice,  G\u00e9rald  Darmanin.                      <\/p>\n<p>\n                        Le  Journal en  fran\u00e7ais  facile.                      <\/p>\n<p>\n                        Pendant  que  l&rsquo;Ukraine  fait  face  aux  attaques  de  l&rsquo;arm\u00e9e  russe,  les  autorit\u00e9s  ukrainiennes  luttent, aussi, contre  la  corruption.  Ce  matin,  les  policiers  ont  lanc\u00e9  une  op\u00e9ration  de  grande  ampleur, avec  des  perquisitions,  des  fouilles.  Il  \u00e9tait  question  de  pots-de-vin, de  dessous  de  table.  Des  sacs  entiers  remplis  de  billets  de  banque  ont  \u00e9t\u00e9  retrouv\u00e9s.  L&rsquo;Agence nationale  anticorruption  affirme  avoir  mis  au  jour  un  vaste  syst\u00e8me  de  corruption, qui  vise  \u00e0  influencer  des  entreprises  strat\u00e9giques  du  secteur  public,  notamment  l&rsquo;op\u00e9rateur  nucl\u00e9aire  ukrainien  Energoatom.  Anastasia  Becchio, bonjour.                     <\/p>\n<p>\n                        Bonjour.                      <\/p>\n<p>\n                        L&rsquo;affaire  est  d&rsquo;autant  plus  d\u00e9licate,  d&rsquo;autant  plus  sensible  qu&rsquo;elle  pourrait  toucher  des  proches  de  Volodymyr  Zelensky.                      <\/p>\n<p>\n                        Oui. Le Bureau  national  de  lutte  contre  la  corruption  ne  nomme  pas  les  personnes  mises  en  cause.  Il  a  publi\u00e9  les  photos  de  sacs  remplis  de  billets  de  banque, en  euros,  dollars  et  hryvnias \u2013 la  monnaie  ukrainienne.  Il  a  pr\u00e9cis\u00e9  que  l&rsquo;op\u00e9ration  a  n\u00e9cessit\u00e9  quinze  mois  de  travail  et  a  abouti  \u00e0  1 000 heures  d&rsquo;enregistrements audio.  Selon  l&rsquo;enqu\u00eate,  les  personnes  qui  sont  mises  en  cause, des personnes  haut  plac\u00e9es, exigeaient  des  pots-de-vin de  10  \u00e0  15 % de  la  valeur  des  contrats,  faute  de  quoi \u2013 sinon \u2013 les  fournisseurs  perdaient  leurs  contrats.  100  millions de dollars  auraient  \u00e9t\u00e9  ainsi  d\u00e9tourn\u00e9s.  Les  m\u00e9dias  ukrainiens  indiquent  que  les  forces  de  l&rsquo;ordre  ont  lanc\u00e9, ce  matin, des  perquisitions  chez  l&rsquo;ancien  ministre  de  l&rsquo;\u00c9nergie,  qui  est, aujourd&rsquo;hui, ministre  de  la  Justice,  Hermann  Halouchtchenko, et chez  l&rsquo;homme  d&rsquo;affaires Timour  Minditch. Celui-ci est  copropri\u00e9taire  du  studio  de  production  Kvartal  95.  C&rsquo;est  un  studio  qui  a  \u00e9t\u00e9  fond\u00e9  par  Volodymyr  Zelensky, \u00e0  l&rsquo;\u00e9poque  o\u00f9  il  \u00e9tait  humoriste.  Selon  plusieurs  m\u00e9dias  ukrainiens,  cet  homme  aurait  quitt\u00e9  le  pays  peu  de  temps  avant  le  d\u00e9but  des  perquisitions, ce  matin.  Cet  \u00e9t\u00e9,  Volodymyr  Zelensky  avait  tent\u00e9  de  limiter  l&rsquo;ind\u00e9pendance  des  agences  anticorruption. Mais il  avait  d\u00fb  renoncer, sous  la  pression  de  la  rue.  Ses  d\u00e9tracteurs  y  avaient  vu  une  man\u0153uvre  pour  emp\u00eacher  ces agences  de  sortir  des  dossiers  qui  impliquent  des  personnes  de  son  entourage.                      <\/p>\n<p>\n                        Anastasia  Becchio.                     <\/p>\n<p>\n                        Une affaire  de  corruption, alors que  les  autorit\u00e9s  ukrainiennes  s&rsquo;efforcent  de  r\u00e9parer  les  d\u00e9g\u00e2ts  caus\u00e9s,  notamment  ce  week-end,  par  l&rsquo;une  des  pires  attaques  russes  contre  les  infrastructures  \u00e9nerg\u00e9tiques. Des attaques  qui  privent  d&rsquo;\u00e9lectricit\u00e9  des  dizaines  de  milliers  de  personnes  qui  vivent  en  Ukraine.                      <\/p>\n<p>\n                        Au  Proche-Orient.  Le  premier  ministre  isra\u00e9lien  s&rsquo;est  entretenu, aujourd&rsquo;hui, avec  Jared  Kushner.  Les  deux  hommes  se  sont  vus  \u00e0  J\u00e9rusalem.  Benyamin  Netanyahu a  discut\u00e9  avec  l&rsquo;envoy\u00e9  am\u00e9ricain  de  la  deuxi\u00e8me  phase  du  cessez-le-feu  n\u00e9goci\u00e9  entre  Isra\u00ebl  et  le  Hamas  dans  la  bande  de  Gaza.  La  deuxi\u00e8me  phase  de  ce  plan  comprend, notamment, le  d\u00e9sarmement  du  Hamas ou  encore  la  garantie  que  le  Hamas  n&rsquo;aura  plus  jamais  aucun  r\u00f4le  \u00e0  jouer  dans  l&rsquo;avenir  de  Gaza.                      <\/p>\n<p>\n                        Ce  drame  au  large  de  la  Malaisie. Les autorit\u00e9s  malaisiennes  et  tha\u00eflandaises  ont  indiqu\u00e9  avoir  rep\u00each\u00e9  au  moins  21  corps, apr\u00e8s  le  naufrage  d&rsquo;un  bateau  transportant  des  migrants,  principalement  des  Rohingyas.                      <\/p>\n<p>\n                        Et  puis, enfin,  pr\u00e8s  de  cinq  ans  apr\u00e8s  sa  mort,  Diego  Maradona,  toujours  omnipr\u00e9sent  en  Argentine. Ce week-end,  la  facult\u00e9 de  sciences  sociales  de  l&rsquo;universit\u00e9 de  Buenos  Aires a  accueilli, Th\u00e9o Conscience,  le  premier  congr\u00e8s  international  consacr\u00e9  \u00e0  l&rsquo;ancienne  star  du  football  argentin.                      <\/p>\n<p>\n                        Qu&rsquo;est-ce  que  Maradona ? Pendant  trois  jours,  des  chercheurs,  des  artistes,  des  dirigeants  sociaux  et  sportifs  venus  du  monde  entier  ont  d\u00e9battu  de  cette  question.  Leonardo Albajari est  l&rsquo;un  des  organisateurs  du  premier  congr\u00e8s  international  consacr\u00e9  \u00e0  Diego  Maradona.                      <\/p>\n<p>\n                        \u00ab L&rsquo;id\u00e9e, c&rsquo;est  d&rsquo;\u00e9tudier  Maradona  de  mani\u00e8re  scientifique. Comme on  l&rsquo;a  dit  tout  le  week-end, cela signifie  ne  pas  parler  de  football,  mais  parler  de  Diego  et  le  f\u00e9minisme,  Diego  et  la  politique.  Parce  que  Maradona  est  un  haut  personnage  de  la  culture  argentine. \u00bb                     <\/p>\n<p>\n                        Quatre  conf\u00e9rences  magistrales,  une  vingtaine  de  tables  rondes,  des  expositions,  des  pr\u00e9sentations  de  livres  et  de  documentaires  et  un  seul  objectif : diss\u00e9quer  le  ph\u00e9nom\u00e8ne  Maradona.  Guillermo  Collado, g\u00e9n\u00e9alogiste  \u00e0  l&rsquo;universit\u00e9  de  San  Juan,  est  venu  pr\u00e9senter  une  recherche  qui  \u00e9tablit  que  Diego  Maradona  \u00e9tait  afrodescendant.                     <\/p>\n<p>\n                        \u00ab Certains esclaves  ont  \u00e9t\u00e9  enr\u00f4l\u00e9s  dans  l&rsquo;arm\u00e9e  des  Andes,  qui  a  lib\u00e9r\u00e9  l&rsquo;Argentine,  le  Chili  et  le  P\u00e9rou  au  XIX\u1d49  si\u00e8cle.  L&rsquo;un de  ces  esclaves  s&rsquo;appelait  Luis  Maradona. Il \u00e9tait  l&rsquo;arri\u00e8re-arri\u00e8re-grand-p\u00e8re  de  Diego  Armando  Maradona. \u00bb                     <\/p>\n<p>\n                        Autre  sujet  largement  d\u00e9battu  au  cours  de  ces  trois  jours  de  congr\u00e8s : la  ferveur  quasi  religieuse  autour  de  l&rsquo;idole  argentine,  parfois  \u00e9lev\u00e9e  au  rang  de  divinit\u00e9.                      <\/p>\n<p>\n                        Une  passe  toute  trouv\u00e9e  \u00e0  mes  camarades  de  Radio  Foot  Internationale, \u00e0  suivre  sur  la  radio  mondiale.                      <\/p>\n<p>\n                        \u00c0  demain, pour  un  nouveau  Journal en  fran\u00e7ais  facile.                      <\/p>\n","protected":false},"excerpt":{"rendered":"Bonjour \u00e0 toutes et \u00e0 tous. Soyez les bienvenus \u00e0 l&rsquo;\u00e9coute de RFI &#8211; Radio France Internationale en&hellip;\n","protected":false},"author":2,"featured_media":525592,"comment_status":"","ping_status":"","sticky":false,"template":"","format":"standard","meta":{"footnotes":""},"categories":[1590],"tags":[47,11,10343,1129,1777,674,3535,10342,303,12,517,220],"class_list":{"0":"post-525591","1":"post","2":"type-post","3":"status-publish","4":"format-standard","5":"has-post-thumbnail","7":"category-ukraine","8":"tag-actualite","9":"tag-actualites","10":"tag-all","11":"tag-climat","12":"tag-eu","13":"tag-europe","14":"tag-geopolitique","15":"tag-journal-en-francais-facile","16":"tag-justice","17":"tag-news","18":"tag-sport","19":"tag-ukraine"},"share_on_mastodon":{"url":"https:\/\/pubeurope.com\/@fr\/115527148133251353","error":""},"_links":{"self":[{"href":"https:\/\/www.europesays.com\/fr\/wp-json\/wp\/v2\/posts\/525591","targetHints":{"allow":["GET"]}}],"collection":[{"href":"https:\/\/www.europesays.com\/fr\/wp-json\/wp\/v2\/posts"}],"about":[{"href":"https:\/\/www.europesays.com\/fr\/wp-json\/wp\/v2\/types\/post"}],"author":[{"embeddable":true,"href":"https:\/\/www.europesays.com\/fr\/wp-json\/wp\/v2\/users\/2"}],"replies":[{"embeddable":true,"href":"https:\/\/www.europesays.com\/fr\/wp-json\/wp\/v2\/comments?post=525591"}],"version-history":[{"count":0,"href":"https:\/\/www.europesays.com\/fr\/wp-json\/wp\/v2\/posts\/525591\/revisions"}],"wp:featuredmedia":[{"embeddable":true,"href":"https:\/\/www.europesays.com\/fr\/wp-json\/wp\/v2\/media\/525592"}],"wp:attachment":[{"href":"https:\/\/www.europesays.com\/fr\/wp-json\/wp\/v2\/media?parent=525591"}],"wp:term":[{"taxonomy":"category","embeddable":true,"href":"https:\/\/www.europesays.com\/fr\/wp-json\/wp\/v2\/categories?post=525591"},{"taxonomy":"post_tag","embeddable":true,"href":"https:\/\/www.europesays.com\/fr\/wp-json\/wp\/v2\/tags?post=525591"}],"curies":[{"name":"wp","href":"https:\/\/api.w.org\/{rel}","templated":true}]}}