{"id":525593,"date":"2025-11-10T19:52:20","date_gmt":"2025-11-10T19:52:20","guid":{"rendered":"https:\/\/www.europesays.com\/fr\/525593\/"},"modified":"2025-11-10T19:52:20","modified_gmt":"2025-11-10T19:52:20","slug":"la-suisse-proche-dun-accord-douanier-a-15-avec-les-usa","status":"publish","type":"post","link":"https:\/\/www.europesays.com\/fr\/525593\/","title":{"rendered":"La Suisse proche d&rsquo;un accord douanier \u00e0 15% avec les USA"},"content":{"rendered":"<p class=\"a-paragraph a-paragraph--lead\" data-t-name=\"Paragraph\">La Suisse serait proche de r\u00e9gler son diff\u00e9rend commercial avec les Etats-Unis, selon l&rsquo;agence de presse Bloomberg. Un accord, qui r\u00e9duirait les droits de douane am\u00e9ricains sur les produits suisses \u00e0 15%, devrait \u00eatre conclu dans les deux prochaines semaines.<\/p>\n<p>  <img decoding=\"async\" class=\"m-image-and-caption__image lazyload\" alt=\"Des droits de douane de 39% sont entr\u00e9s en vigueur pour la Suisse d\u00e9but ao\u00fbt (archives).\" src=\"https:\/\/www.europesays.com\/fr\/wp-content\/uploads\/2025\/11\/46d9d23f-ba07-4bd7-bf2b-abff527459be.jpeg\"  data-\/><\/p>\n<p>      Des droits de douane de 39% sont entr\u00e9s en vigueur pour la Suisse d\u00e9but ao\u00fbt (archives).<\/p>\n<p>        sda\n      <\/p>\n<p class=\"a-paragraph\" data-t-name=\"Paragraph\">Cependant, rien n&rsquo;est encore d\u00e9finitif concernant cet accord pour la Suisse, pr\u00e9cise lundi soir Bloomberg, citant des sources proches du dossier. Les n\u00e9gociations pourraient encore \u00e9chouer, comme ce fut le cas en juillet dernier. Ni le Conseil f\u00e9d\u00e9ral ni la Maison Blanche n&rsquo;ont confirm\u00e9 l&rsquo;information \u00e0 Bloomberg.<\/p>\n<p class=\"a-paragraph\" data-t-name=\"Paragraph\">Des droits de douane de 39% sont entr\u00e9s en vigueur pour la Suisse d\u00e9but ao\u00fbt. L&rsquo;Union europ\u00e9enne (UE), en revanche, est soumise \u00e0 des surtaxes douani\u00e8res de seulement 15%.<\/p>\n","protected":false},"excerpt":{"rendered":"La Suisse serait proche de r\u00e9gler son diff\u00e9rend commercial avec les Etats-Unis, selon l&rsquo;agence de presse Bloomberg. Un&hellip;\n","protected":false},"author":2,"featured_media":525594,"comment_status":"","ping_status":"","sticky":false,"template":"","format":"standard","meta":{"footnotes":""},"categories":[1589],"tags":[11,73,1866,12,1864,1865,1863,308],"class_list":{"0":"post-525593","1":"post","2":"type-post","3":"status-publish","4":"format-standard","5":"has-post-thumbnail","7":"category-etats-unis","8":"tag-actualites","9":"tag-etats-unis","10":"tag-etats-unis-damerique","11":"tag-news","12":"tag-united-states","13":"tag-united-states-of-america","14":"tag-us","15":"tag-usa"},"share_on_mastodon":{"url":"https:\/\/pubeurope.com\/@fr\/115527152822307472","error":""},"_links":{"self":[{"href":"https:\/\/www.europesays.com\/fr\/wp-json\/wp\/v2\/posts\/525593","targetHints":{"allow":["GET"]}}],"collection":[{"href":"https:\/\/www.europesays.com\/fr\/wp-json\/wp\/v2\/posts"}],"about":[{"href":"https:\/\/www.europesays.com\/fr\/wp-json\/wp\/v2\/types\/post"}],"author":[{"embeddable":true,"href":"https:\/\/www.europesays.com\/fr\/wp-json\/wp\/v2\/users\/2"}],"replies":[{"embeddable":true,"href":"https:\/\/www.europesays.com\/fr\/wp-json\/wp\/v2\/comments?post=525593"}],"version-history":[{"count":0,"href":"https:\/\/www.europesays.com\/fr\/wp-json\/wp\/v2\/posts\/525593\/revisions"}],"wp:featuredmedia":[{"embeddable":true,"href":"https:\/\/www.europesays.com\/fr\/wp-json\/wp\/v2\/media\/525594"}],"wp:attachment":[{"href":"https:\/\/www.europesays.com\/fr\/wp-json\/wp\/v2\/media?parent=525593"}],"wp:term":[{"taxonomy":"category","embeddable":true,"href":"https:\/\/www.europesays.com\/fr\/wp-json\/wp\/v2\/categories?post=525593"},{"taxonomy":"post_tag","embeddable":true,"href":"https:\/\/www.europesays.com\/fr\/wp-json\/wp\/v2\/tags?post=525593"}],"curies":[{"name":"wp","href":"https:\/\/api.w.org\/{rel}","templated":true}]}}