{"id":52561,"date":"2025-04-25T20:00:07","date_gmt":"2025-04-25T20:00:07","guid":{"rendered":"https:\/\/www.europesays.com\/fr\/52561\/"},"modified":"2025-04-25T20:00:07","modified_gmt":"2025-04-25T20:00:07","slug":"loos-apres-13-ans-de-mariage-un-couple-se-dechire-au-tribunal-pour-une-affaire-de-viol-conjugal","status":"publish","type":"post","link":"https:\/\/www.europesays.com\/fr\/52561\/","title":{"rendered":"Loos. Apr\u00e8s 13 ans de mariage, un couple se d\u00e9chire au tribunal pour une affaire de viol conjugal"},"content":{"rendered":"<p>            Par<br \/>\n        <strong><br \/>\n            <a href=\"https:\/\/actu.fr\/auteur\/redaction-lille\" title=\"Consulter tous les articles de R\u00e9daction Lille\" rel=\"nofollow noopener\" target=\"_blank\">R\u00e9daction Lille<\/a><br \/>\n        <\/strong><\/p>\n<p>        Publi\u00e9 le<\/p>\n<p>            25 avr. 2025 \u00e0 18h42        <\/p>\n<p>Apr\u00e8s <b>13 ans de mariage<\/b> et 17 ans de vie commune, <b>un couple s\u2019est d\u00e9chir\u00e9 <\/b>devant <b>le tribunal de <a href=\"https:\/\/actu.fr\/hauts-de-france\/lille_59350\" rel=\"nofollow noopener\" target=\"_blank\">Lille<\/a><\/b> (Nord), le 23 avril 2025. L\u2019homme, \u00e2g\u00e9 de 37 ans, comparaissait libre, mais ce sont de graves accusations que porte son <b>ex conjointe<\/b> contre lui. Un <b>viol<\/b>, survenu dans le domicile conjugal de <a href=\"https:\/\/actu.fr\/hauts-de-france\/loos_59360\" rel=\"nofollow noopener\" target=\"_blank\">Loos<\/a> en janvier 2022 d\u2019apr\u00e8s les souvenirs de la plaignante, qui a fait l\u2019objet d\u2019une correctionnalisation. Sur fond <b>d\u2019enregistrements de conversations <\/b>pris \u00e0 l\u2019insu du pr\u00e9venu, pour apporter des aveux aux <a href=\"https:\/\/actu.fr\/tag\/police\" rel=\"nofollow noopener\" target=\"_blank\">policiers<\/a>, l\u2019examen de l\u2019affaire a occup\u00e9 le tribunal une bonne partie de l\u2019apr\u00e8s-midi. Le trentenaire, de son c\u00f4t\u00e9, dit n\u2019avoir jamais fait preuve de violence lors de leurs rapports intimes. Deux versions s\u2019affrontent.\u00a0<\/p>\n<p>\u00ab\u00a0Je pensais que ce qui s\u2019\u00e9tait pass\u00e9, je l\u2019avais m\u00e9rit\u00e9\u00a0\u00bb<\/p>\n<p class=\" wall-content\">Les faits d\u00e9nonc\u00e9s ne l\u2019ont \u00e9t\u00e9 que courant 2023, soit un an environ apr\u00e8s leur commission pr\u00e9sum\u00e9e. L\u2019\u00e9pouse a compris ce dont elle avait \u00e9t\u00e9 victime par son \u00e9poux, est-il relat\u00e9 \u00e0 l\u2019audience, qu\u2019au cours d\u2019une <b>th\u00e9rapie avec une psychologue.<\/b><\/p>\n<p class=\" wall-content\">\u00ab\u00a0Je pensais que ce qui s\u2019\u00e9tait pass\u00e9, je l\u2019avais m\u00e9rit\u00e9, parce que nous n\u2019avions pas eu de rapports pendant 2 ans et demi\u00a0\u00bb, explique-t-elle, en larmes, au tribunal. La naissance du 2e enfant du couple avait en effet engendr\u00e9 l\u2019<b>arr\u00eat total de leur vie sexuelle<\/b>. C\u2019est admis par les deux ex conjoints.<\/p>\n<p class=\" wall-content\">Ce soir de janvier 2022, le pr\u00e9venu l\u2019aurait <b>mise de force sur le dos dans le lit conjugal<\/b>, et l\u2019aurait viol\u00e9e malgr\u00e9 ses \u00ab\u00a0non\u00a0\u00bb r\u00e9p\u00e9titifs. L\u2019acte contraint aurait \u00e9t\u00e9 accompagn\u00e9 de paroles d\u00e9gradantes, du type \u00ab\u00a0Tu vas voir, tu vas aimer !\u00a0\u00bb Elle, s\u2019est dite \u00ab\u00a0t\u00e9tanis\u00e9e\u00a0\u00bb, avec les <b>poignets bloqu\u00e9s<\/b> par son conjoint. \u00ab\u00a0C\u2019est encore constamment pr\u00e9sent chez moi\u00a0\u00bb, dit-elle encore \u00e0 l\u2019audience, en pleurs.<\/p>\n<p class=\" wall-content\">De son c\u00f4t\u00e9, le pr\u00e9venu de 37 ans souligne qu\u2019ils ont \u00ab\u00a0toujours eu des rapports sexuels normaux\u00a0\u00bb, qu\u2019il n\u2019y a \u00ab\u00a0jamais eu de violence\u00a0\u00bb dans ce cadre.<\/p>\n<p class=\" wall-content\">Des conversations qu\u2019il a eues avec son \u00e9pouse, que celle-ci a enregistr\u00e9es \u00e0 son insu, sont lues par le pr\u00e9sident \u00e0 l\u2019audience. La plaignante, pour \u00ab\u00a0constituer des preuves\u00a0\u00bb, a apport\u00e9 au fil de l\u2019eau ces bandes aux policiers, courant 2023.<\/p>\n<p class=\" wall-content\">On y entend notamment la m\u00e8re de deux enfants r\u00e9p\u00e9ter \u00e0 son \u00e9poux : \u00ab\u00a0<b>Je t\u2019ai dit non dix fois<\/b> !\u00a0\u00bb Ce \u00e0 quoi son interlocuteur r\u00e9pond \u00ab\u00a0C\u2019est la premi\u00e8re fois que tu disais non\u00a0\u00bb. Face \u00e0 cela, le pr\u00e9venu avance que \u00ab\u00a0c\u2019est d\u00e9j\u00e0 arriv\u00e9 qu\u2019on ait un rapport sexuel alors que l\u2019on n\u2019\u00e9tait pas connect\u00e9s d\u00e8s le d\u00e9but\u00a0\u00bb. Il se d\u00e9fend en disant n\u2019avoir d\u00e9j\u00e0 pas eu envie d\u2019un rapprochement avec sa femme, mais avoir pourtant c\u00e9d\u00e9 sous son insistance. Et vice-versa.\u00a0<\/p>\n<p>\u00ab\u00a0Elle a tiss\u00e9 sa toile\u00a0\u00bb, dit l\u2019avocat du pr\u00e9venu<\/p>\n<p class=\" wall-content\">L\u2019avocate de la plaignante d\u00e9nonce des \u00ab\u00a0<b>faits extr\u00eamement graves<\/b>\u00ab\u00a0, qui \u00ab\u00a0r\u00e9sonnent encore en elle\u00a0\u00bb et \u00ab\u00a0continuent de la hanter\u00a0\u00bb. Les agissements suppos\u00e9s du mari auraient \u00e9t\u00e9 motiv\u00e9s par \u00ab\u00a0l\u2019\u00e9mancipation de Madame, qui lui a \u00e9t\u00e9 insupportable\u00a0\u00bb. C\u2019est elle, en effet, qui est l\u2019initiative du divorce. L\u2019avocate demande une <b>interdiction d\u2019entrer en contact avec sa cliente et les deux enfants qu\u2019ils ont eus<\/b> ensemble, 5000 \u20ac au titre du pr\u00e9judice sexuel et 400 \u20ac au titre du pr\u00e9judice moral.<\/p>\n<p class=\" wall-content\">Le conseil du pr\u00e9venu, quant \u00e0 lui, voit en cette proc\u00e9dure une mani\u00e8re, pour la m\u00e8re de famille, de \u00ab\u00a0s\u2019accaparer les enfants\u00a0\u00bb. \u00ab\u00a0Elle a tiss\u00e9 sa toile\u00a0\u00bb, tranche-t-il. Il demande la relaxe.<\/p>\n<p class=\" wall-content\">La procureure n\u2019\u00e9met pas de doute sur la survenue du viol conjugal, en raison des \u00ab\u00a0circonstances pr\u00e9cises et circonstanci\u00e9es\u00a0\u00bb relat\u00e9es par la plaignante. Elle requiert contre le pr\u00e9venu 3 ans de prison, dont 2 avec sursis. La d\u00e9cision sera rendue le 30 avril 2025.\u00a0<\/p>\n<p class=\" wall-content\">Suivez toute l\u2019actualit\u00e9 de vos villes et m\u00e9dias favoris en vous inscrivant \u00e0 <a href=\"https:\/\/moncompte.actu.fr\" title=\"D\u00e9couvez Mon Actu\" rel=\"nofollow noopener\" data-trk=\"{&quot;cta&quot;:{&quot;action&quot;:&quot;https:\\\/\\\/moncompte.actu.fr&quot;,&quot;category&quot;:&quot;mon compte&quot;,&quot;from&quot;:&quot;article footer&quot;,&quot;name&quot;:&quot;Mon actu&quot;,&quot;type&quot;:&quot;cta&quot;}}\" target=\"_blank\">Mon Actu<\/a>.<\/p>\n","protected":false},"excerpt":{"rendered":"Par R\u00e9daction Lille Publi\u00e9 le 25 avr. 2025 \u00e0 18h42 Apr\u00e8s 13 ans de mariage et 17 ans&hellip;\n","protected":false},"author":2,"featured_media":52562,"comment_status":"","ping_status":"","sticky":false,"template":"","format":"standard","meta":{"footnotes":""},"categories":[2815],"tags":[1111,11,1777,674,118,1011,27,811,303,1307,12,25,799],"class_list":{"0":"post-52561","1":"post","2":"type-post","3":"status-publish","4":"format-standard","5":"has-post-thumbnail","7":"category-lille","8":"tag-actu","9":"tag-actualites","10":"tag-eu","11":"tag-europe","12":"tag-faits-divers","13":"tag-fr","14":"tag-france","15":"tag-hauts-de-france","16":"tag-justice","17":"tag-lille","18":"tag-news","19":"tag-republique-francaise","20":"tag-violences-sexuelles"},"share_on_mastodon":{"url":"https:\/\/pubeurope.com\/@fr\/114400383726207762","error":""},"_links":{"self":[{"href":"https:\/\/www.europesays.com\/fr\/wp-json\/wp\/v2\/posts\/52561","targetHints":{"allow":["GET"]}}],"collection":[{"href":"https:\/\/www.europesays.com\/fr\/wp-json\/wp\/v2\/posts"}],"about":[{"href":"https:\/\/www.europesays.com\/fr\/wp-json\/wp\/v2\/types\/post"}],"author":[{"embeddable":true,"href":"https:\/\/www.europesays.com\/fr\/wp-json\/wp\/v2\/users\/2"}],"replies":[{"embeddable":true,"href":"https:\/\/www.europesays.com\/fr\/wp-json\/wp\/v2\/comments?post=52561"}],"version-history":[{"count":0,"href":"https:\/\/www.europesays.com\/fr\/wp-json\/wp\/v2\/posts\/52561\/revisions"}],"wp:featuredmedia":[{"embeddable":true,"href":"https:\/\/www.europesays.com\/fr\/wp-json\/wp\/v2\/media\/52562"}],"wp:attachment":[{"href":"https:\/\/www.europesays.com\/fr\/wp-json\/wp\/v2\/media?parent=52561"}],"wp:term":[{"taxonomy":"category","embeddable":true,"href":"https:\/\/www.europesays.com\/fr\/wp-json\/wp\/v2\/categories?post=52561"},{"taxonomy":"post_tag","embeddable":true,"href":"https:\/\/www.europesays.com\/fr\/wp-json\/wp\/v2\/tags?post=52561"}],"curies":[{"name":"wp","href":"https:\/\/api.w.org\/{rel}","templated":true}]}}