{"id":525610,"date":"2025-11-10T20:02:13","date_gmt":"2025-11-10T20:02:13","guid":{"rendered":"https:\/\/www.europesays.com\/fr\/525610\/"},"modified":"2025-11-10T20:02:13","modified_gmt":"2025-11-10T20:02:13","slug":"laurent-labit-le-nouveau-manager-general-de-lusap-face-a-un-defi-titanesque","status":"publish","type":"post","link":"https:\/\/www.europesays.com\/fr\/525610\/","title":{"rendered":"Laurent Labit, le nouveau manager g\u00e9n\u00e9ral de l&rsquo;Usap, face \u00e0 un d\u00e9fi titanesque"},"content":{"rendered":"<p class=\"article__intro\">Ancien entra\u00eeneur du XV de France, Laurent Labit a \u00e9t\u00e9 nomm\u00e9 manager g\u00e9n\u00e9ral de l\u2019Usap. Il arrive apr\u00e8s un d\u00e9but de saison catastrophique, avec neuf d\u00e9faites en neuf matches. Ce lundi 10 novembre 2025, il s\u2019est exprim\u00e9 pour la premi\u00e8re fois aupr\u00e8s de France 3 Pays catalan.<\/p>\n<p>\n      La Quotidienne Soci\u00e9t\u00e9\n    <\/p>\n<p>\n      De la vie quotidienne aux grands enjeux, recevez tous les jours les sujets qui font la soci\u00e9t\u00e9 locale, comme la justice, l\u2019\u00e9ducation, la sant\u00e9 et la famille.\n    <\/p>\n<p>    France T\u00e9l\u00e9visions utilise votre adresse e-mail afin de vous envoyer la newsletter \u00ab\u00a0La Quotidienne Soci\u00e9t\u00e9\u00a0\u00bb. Vous pouvez vous d\u00e9sinscrire \u00e0 tout moment via le lien en bas de cette newsletter. <a target=\"_blank\" href=\"https:\/\/www.francetelevisions.fr\/groupe\/confidentialite\/politique-de-confidentialite\/politique-de-confidentialite-de-france-televisions-6503\" rel=\"nofollow noopener\">Notre politique de confidentialit\u00e9<\/a><\/p>\n<p>L&rsquo;Usap traverse une p\u00e9riode difficile. Avec neuf d\u00e9faites en autant de rencontres, le club catalan est en danger de descente. Laurent Labit d\u00e9barque pour relever le challenge et redonner de la confiance aux joueurs. Sa nomination marque un vrai tournant pour le club et les supporters, qui esp\u00e8rent des jours meilleurs d\u00e8s les prochains matches. Lundi 10 novembre 2025, il a r\u00e9pondu aux questions de Marc Tamon et Olivier Meyer de France 3 Pays catalan.<\/p>\n<\/p>\n<p>Quels sont vos principaux objectifs depuis votre arriv\u00e9e \u00e0 Perpignan ?<\/p>\n<p>\u00ab\u00a0Mon premier chantier, c\u2019est de redonner de la couleur au club et de la fiert\u00e9 \u00e0 tous ceux qui aiment l\u2019Usap. Il faut surtout retrouver la confiance des joueurs et du staff pour vite renouer avec la victoire. Aujourd\u2019hui, notre priorit\u00e9, c\u2019est le court terme. On vise la prochaine victoire d\u00e8s le match contre Montpellier.\u00a0\u00bb<\/p>\n<p>On vous conna\u00eet comme un entra\u00eeneur b\u00e2tisseur. Est-ce que votre approche change ici ?<\/p>\n<p>\u00ab\u00a0Bien s\u00fbr, j\u2019aime construire sur le long terme. Mais aujourd\u2019hui, on doit g\u00e9rer l\u2019urgence. On va aussi se servir du territoire, des joueurs locaux, pour b\u00e2tir quelque chose de solide. La prolongation de Mathys Lotrian, par exemple, montre l\u2019importance que l\u2019on donne \u00e0 la formation et aux joueurs du cru.\u00a0\u00bb<\/p>\n<p><a data-article-figure=\"\" href=\"https:\/\/france3-regions.franceinfo.fr\/image\/C37ctlMzHyNbIv53FcN7YIaI-C8\/1920x1080\/regions\/2025\/11\/10\/148-0081-00-03-53-04-69121a30cc32a061742831.jpg\" data-pswp-width=\"1920\" data-pswp-height=\"1080\" target=\"_blank\" rel=\"nofollow noopener\"><\/p>\n<p>          <img width=\"600\" height=\"400\" class=\"article-image lazy\" data-src=\"https:\/\/www.europesays.com\/fr\/wp-content\/uploads\/2025\/11\/148-0081-00-03-53-04-69121a30cc32a061742831.jpg\" alt=\"Laurent Labit r\u00e9pond aux questions de Marc Tamon.\" fetchpriority=\"high\" as=\"image\"\/><\/p>\n<p>\n            Laurent Labit r\u00e9pond aux questions de Marc Tamon.<br \/>\n                           \u2022<br \/>\n                                      \u00a9 France 3 Occitanie\n                      <\/p>\n<p><\/a>Qu\u2019est-ce qui vous a attir\u00e9 \u00e0 l\u2019Usap ?<\/p>\n<p>\u00ab\u00a0C\u2019est un club historique. Je l\u2019ai affront\u00e9 \u00e0 plusieurs reprises et j\u2019ai toujours \u00e9t\u00e9 impressionn\u00e9 par la passion ici. C\u2019est un honneur d\u2019\u00eatre \u00e0 Perpignan. Les gens du club sont ambitieux et ne sont pas r\u00e9sign\u00e9s, \u00e7a m\u2019a beaucoup plu.\u00a0\u00bb<\/p>\n<blockquote class=\"ftvi_content_quote\">\n<p class=\"ftvi_citation_quote\">J\u2019ai toujours \u00e9t\u00e9 impressionn\u00e9 par la passion ici. C\u2019est un honneur d\u2019\u00eatre \u00e0 Perpignan.<\/p>\n<p>Laurent Labit, manager g\u00e9n\u00e9ral de l&rsquo;Usap<\/p><\/blockquote>\n<p>Quel \u00e9tat d\u2019esprit avez-vous trouv\u00e9 dans le club ?<\/p>\n<p>\u00ab\u00a0C\u2019\u00e9tait tr\u00e8s positif. Avant de prendre ma d\u00e9cision, je voulais voir si le club \u00e9tait r\u00e9sign\u00e9 \u00e0 descendre en Pro D2. Ce n\u2019\u00e9tait pas le cas. J\u2019ai parl\u00e9 avec les leaders et le capitaine. On a une t\u00e2che immense devant nous, mais on est l\u00e0 pour la relever.\u00a0\u00bb<\/p>\n<p>Comment expliquez-vous le d\u00e9but de saison rat\u00e9 malgr\u00e9 un rugby d\u2019attaque s\u00e9duisant ?<\/p>\n<p>\u00ab\u00a0Il y a plusieurs facteurs. Au d\u00e9but, l\u2019Usap surprenait beaucoup les \u00e9quipes. Puis moins. Le championnat devient difficile. On doit maintenant redonner des cl\u00e9s aux joueurs pour retrouver confiance et relancer le collectif.\u00a0\u00bb<\/p>\n<p>Le club manque-t-il de leaders ?<\/p>\n<p>\u00ab\u00a0Les leaders sont l\u00e0. On parle de leaders de jeu et de caract\u00e8re. Je suis rassur\u00e9 quand je vois le comportement de Thomas Ecochard \u00e0 Pau. Il y a d\u2019autres leaders aussi. Il s\u2019agit maintenant de leur donner confiance et quelques axes d\u2019am\u00e9lioration pour remettre l\u2019\u00e9quipe sur les rails.\u00a0\u00bb<\/p>\n<p>Franck Az\u00e9ma reste-t-il dans le club ?<\/p>\n<p>\u00ab\u00a0Oui, Franck fait toujours partie de l\u2019Usap. Je n\u2019ai pas encore discut\u00e9 du r\u00f4le exact qu\u2019il pourrait avoir, mais il est chez lui ici. Il reviendra quand il sera pr\u00eat.\u00a0\u00bb<\/p>\n<p>Comment se sent le groupe et le public ?<\/p>\n<p>\u00ab\u00a0Le groupe est heureux de retrouver le terrain. Le stade reste plein malgr\u00e9 les d\u00e9faites. On ne peut pas demander plus de soutien au public, il sera toujours l\u00e0. Notre r\u00f4le est de le m\u00e9riter. La fiert\u00e9 catalane doit se voir sur le terrain. M\u00eame si on perd, la mani\u00e8re compte. Si cet \u00e9tat d\u2019esprit est l\u00e0, on a de bonnes chances de gagner certains matches.\u00a0\u00bb<\/p>\n","protected":false},"excerpt":{"rendered":"Ancien entra\u00eeneur du XV de France, Laurent Labit a \u00e9t\u00e9 nomm\u00e9 manager g\u00e9n\u00e9ral de l\u2019Usap. Il arrive apr\u00e8s&hellip;\n","protected":false},"author":2,"featured_media":525611,"comment_status":"","ping_status":"","sticky":false,"template":"","format":"standard","meta":{"footnotes":""},"categories":[1416],"tags":[1011,27,479,1468,60],"class_list":{"0":"post-525610","1":"post","2":"type-post","3":"status-publish","4":"format-standard","5":"has-post-thumbnail","7":"category-rugby","8":"tag-fr","9":"tag-france","10":"tag-rugby","11":"tag-rugby-football","12":"tag-sports"},"share_on_mastodon":{"url":"https:\/\/pubeurope.com\/@fr\/115527191360942521","error":""},"_links":{"self":[{"href":"https:\/\/www.europesays.com\/fr\/wp-json\/wp\/v2\/posts\/525610","targetHints":{"allow":["GET"]}}],"collection":[{"href":"https:\/\/www.europesays.com\/fr\/wp-json\/wp\/v2\/posts"}],"about":[{"href":"https:\/\/www.europesays.com\/fr\/wp-json\/wp\/v2\/types\/post"}],"author":[{"embeddable":true,"href":"https:\/\/www.europesays.com\/fr\/wp-json\/wp\/v2\/users\/2"}],"replies":[{"embeddable":true,"href":"https:\/\/www.europesays.com\/fr\/wp-json\/wp\/v2\/comments?post=525610"}],"version-history":[{"count":0,"href":"https:\/\/www.europesays.com\/fr\/wp-json\/wp\/v2\/posts\/525610\/revisions"}],"wp:featuredmedia":[{"embeddable":true,"href":"https:\/\/www.europesays.com\/fr\/wp-json\/wp\/v2\/media\/525611"}],"wp:attachment":[{"href":"https:\/\/www.europesays.com\/fr\/wp-json\/wp\/v2\/media?parent=525610"}],"wp:term":[{"taxonomy":"category","embeddable":true,"href":"https:\/\/www.europesays.com\/fr\/wp-json\/wp\/v2\/categories?post=525610"},{"taxonomy":"post_tag","embeddable":true,"href":"https:\/\/www.europesays.com\/fr\/wp-json\/wp\/v2\/tags?post=525610"}],"curies":[{"name":"wp","href":"https:\/\/api.w.org\/{rel}","templated":true}]}}