{"id":525612,"date":"2025-11-10T20:03:12","date_gmt":"2025-11-10T20:03:12","guid":{"rendered":"https:\/\/www.europesays.com\/fr\/525612\/"},"modified":"2025-11-10T20:03:12","modified_gmt":"2025-11-10T20:03:12","slug":"resultat-benjamin-hassan-tom-paris-challenger-lyon-2-premier-tour-lundi-10-novembre-2025-lequipe","status":"publish","type":"post","link":"https:\/\/www.europesays.com\/fr\/525612\/","title":{"rendered":"R\u00e9sultat : Benjamin Hassan &#8211; Tom Paris, Challenger, Lyon 2, Premier tour, Lundi 10 novembre 2025 &#8211; L&#039;\u00c9quipe"},"content":{"rendered":"<ol>\n<li><a href=\"https:\/\/news.google.com\/rss\/articles\/CBMiwAFBVV95cUxNdWRsRFJmNmNsdjVyaklZSmItdEJjS2tVOHNQWl9GZUpnVlh4MFJieVoxMm9qWk5lbk5Wd01tZlk2WXdfSXphSFpmQ3VEc204cFMxMG55ZjRGcVIzODcydlY5SmZENlJiWnU2VnFDdUFGdE9EZDBKeE83em1XMk9QbS1SZmZfYmJxQV9DVGlrdTA3TjZ3T1RWUi1sOUVkVl9TODd5RFZCUEhiM3QtOS0yaDJrdUFUWExRTmtWN1U2eEo?oc=5\" target=\"_blank\" rel=\"nofollow noopener\">R\u00e9sultat : Benjamin Hassan &#8211; Tom Paris, Challenger, Lyon 2, Premier tour, Lundi 10 novembre 2025<\/a>&nbsp;&nbsp;L&rsquo;\u00c9quipe<\/li>\n<li><a href=\"https:\/\/news.google.com\/rss\/articles\/CBMixwFBVV95cUxNY1RRMUNUTExmcG5KcEVkR3d4dTcyX1RBWVppcVFhMG4xcmRYLWwxNXJpUlZUS3dvMWZnSlRNN0JfaG9uREpzNEVjUU9lenN0Z0ZqdDE2aDc2OHVXYTB6WDVtRkE4UHNGbXV3blJzQ2FsUUpKTFJ2SWk4T0ZZbm9sNU9YRHcyWTMzeU5PX1ZCT2NReTd1N3p4WlhpZkZqYldiTEtFMWlOeDhJLVktRXFFYzFORWV4RUN0QmRDM3NlNWJmY0ItVGpn?oc=5\" target=\"_blank\" rel=\"nofollow noopener\">R\u00e9sultat : Thiago Tirante &#8211; Tomasz Berkieta, Challenger, Lyon 2, Premier tour, Lundi 10 novembre 2025<\/a>&nbsp;&nbsp;L&rsquo;\u00c9quipe<\/li>\n<li><a href=\"https:\/\/news.google.com\/rss\/articles\/CBMiqgFBVV95cUxNdENYRkt5OUZLb0YtVU9HLXUyMXp2UHBYbWpuT2V6N1J2Q0gyMFk5cEJRMUhyS2JlMmNrNzZDUTR6YlhNa1hHUXZ1bzd3Q1dpV3FqLVNTTlhKZF9xcjdFc0dvaGpvNjB2OEFQeG1mYkdzbTRmNU5wZ2gzTERyQVpXb09WOHRvTk5xS0NzOG9kSGNQNE5Bb0tEaDJVN2lIY21tekNFMV9xNnVTQQ?oc=5\" target=\"_blank\" rel=\"nofollow noopener\">FC Lyon (U17) 2-1 Strasbourg (U17), U17 Groupe C : r\u00e9sum\u00e9 du match (09\/11\/2025)<\/a>&nbsp;&nbsp;L&rsquo;\u00c9quipe<\/li>\n<li><a href=\"https:\/\/news.google.com\/rss\/articles\/CBMiuAFBVV95cUxOdkpKT3gtdVlvQTY5S1VvakdJckpwMTNJTlpMdFJ0anpKTE42NW00em1yZ2pfOHp4SGdoQkliZ2JmbWF3NkxzZlZqazhiTkRVV09EbjlHN2ZiaTEyd3pTU1FVaXZzV2ZuOGlOemg1RnJISUdqNmFsd2JJY2dLMG5KQy04Si04c0xlY2hGc2tDczhzNUUySUFzeXpHSkZrYzlkZERrX2pKNm41VlA3cFNnckZuOEh0ZTVa?oc=5\" target=\"_blank\" rel=\"nofollow noopener\">JS El Omrane 0-1 Olympique B\u00e9ja, Championnat de Tunisie : r\u00e9sum\u00e9 du match (10\/11\/2025)<\/a>&nbsp;&nbsp;L&rsquo;\u00c9quipe<\/li>\n<li><a href=\"https:\/\/news.google.com\/rss\/articles\/CBMipAFBVV95cUxPanZQWHROSGM5S0JCZ0k4N3IxUUFISjFZdGQzWjBzQzZOR242NWxaanlrYWV1WW5vVTFJZHRoRlR2bHgxczkyaEFUODlUQ2xGb0hxZW9UejUtSldLbUxJUmlwaFRReGxuc2F4cy1Ra1JmaE9zUUpBQzlpdHhRZ0NMUVdHTHZVU0c4YWs1VEhZTmNxVk1vN0RKM1RMVTdsc3dCUHdZSw?oc=5\" target=\"_blank\" rel=\"nofollow noopener\">DIRECT. Suisse (u17)-Mexique (u17) (Coupe du monde (-17) 2025) \u00e0 suivre en direct<\/a>&nbsp;&nbsp;L&rsquo;\u00c9quipe<\/li>\n<\/ol>\n","protected":false},"excerpt":{"rendered":"R\u00e9sultat : Benjamin Hassan &#8211; Tom Paris, Challenger, Lyon 2, Premier tour, Lundi 10 novembre 2025&nbsp;&nbsp;L&rsquo;\u00c9quipe R\u00e9sultat :&hellip;\n","protected":false},"author":2,"featured_media":1983,"comment_status":"","ping_status":"","sticky":false,"template":"","format":"standard","meta":{"footnotes":""},"categories":[1415],"tags":[1011,27,60,1467],"class_list":{"0":"post-525612","1":"post","2":"type-post","3":"status-publish","4":"format-standard","5":"has-post-thumbnail","7":"category-tennis","8":"tag-fr","9":"tag-france","10":"tag-sports","11":"tag-tennis"},"share_on_mastodon":{"url":"https:\/\/pubeurope.com\/@fr\/115527195267800261","error":""},"_links":{"self":[{"href":"https:\/\/www.europesays.com\/fr\/wp-json\/wp\/v2\/posts\/525612","targetHints":{"allow":["GET"]}}],"collection":[{"href":"https:\/\/www.europesays.com\/fr\/wp-json\/wp\/v2\/posts"}],"about":[{"href":"https:\/\/www.europesays.com\/fr\/wp-json\/wp\/v2\/types\/post"}],"author":[{"embeddable":true,"href":"https:\/\/www.europesays.com\/fr\/wp-json\/wp\/v2\/users\/2"}],"replies":[{"embeddable":true,"href":"https:\/\/www.europesays.com\/fr\/wp-json\/wp\/v2\/comments?post=525612"}],"version-history":[{"count":0,"href":"https:\/\/www.europesays.com\/fr\/wp-json\/wp\/v2\/posts\/525612\/revisions"}],"wp:featuredmedia":[{"embeddable":true,"href":"https:\/\/www.europesays.com\/fr\/wp-json\/wp\/v2\/media\/1983"}],"wp:attachment":[{"href":"https:\/\/www.europesays.com\/fr\/wp-json\/wp\/v2\/media?parent=525612"}],"wp:term":[{"taxonomy":"category","embeddable":true,"href":"https:\/\/www.europesays.com\/fr\/wp-json\/wp\/v2\/categories?post=525612"},{"taxonomy":"post_tag","embeddable":true,"href":"https:\/\/www.europesays.com\/fr\/wp-json\/wp\/v2\/tags?post=525612"}],"curies":[{"name":"wp","href":"https:\/\/api.w.org\/{rel}","templated":true}]}}