{"id":525616,"date":"2025-11-10T20:09:12","date_gmt":"2025-11-10T20:09:12","guid":{"rendered":"https:\/\/www.europesays.com\/fr\/525616\/"},"modified":"2025-11-10T20:09:12","modified_gmt":"2025-11-10T20:09:12","slug":"carla-bruni-en-trouple-je-nai-rien-partage-du-tout-son-ex-raphael-enthoven-met-les-pieds-dans-le-plat","status":"publish","type":"post","link":"https:\/\/www.europesays.com\/fr\/525616\/","title":{"rendered":"Carla Bruni en trouple ? \u00ab\u00a0Je n\u2019ai rien partag\u00e9 du tout\u00a0\u00bb, son ex Rapha\u00ebl Enthoven met les pieds dans le plat"},"content":{"rendered":"<p>Pr\u00e8s de deux d\u00e9cennies apr\u00e8s leur s\u00e9paration, <strong>Carla<br \/>\nBruni<\/strong> et Rapha\u00ebl Enthoven entretiennent toujours une<br \/>\nrelation empreinte de respect et de bienveillance. Parents<br \/>\nd\u2019<a href=\"https:\/\/www.closermag.fr\/people\/carla-bruni-loin-de-son-fils-aurelien-elle-lui-adresse-un-joli-mot-dencouragement-3573591\" target=\"_blank\" rel=\"noopener\">Aur\u00e9lien<\/a>,<br \/>\naujourd\u2019hui adulte, ils ont su pr\u00e9server une entente solide pour<br \/>\nson \u00e9quilibre, mais aussi par estime mutuelle.<\/p>\n<p>Alors que <strong>Rapha\u00ebl Enthove<\/strong>n c\u00e9l\u00e8bre ses 50 ans<br \/>\nce dimanche 9 novembre, l\u2019ex-premi\u00e8re dame continue de suivre avec<br \/>\nattention son parcours d\u2019\u00e9crivain. En septembre dernier, elle n\u2019a<br \/>\nd\u2019ailleurs pas h\u00e9sit\u00e9 \u00e0 partager sur Instagram son admiration pour<br \/>\nL\u2019Albatros, le dernier roman du philosophe publi\u00e9 aux<br \/>\n\u00e9ditions de L\u2019Observatoire. Un geste simple, mais r\u00e9v\u00e9lateur d\u2019un<br \/>\nprofond respect entre les deux anciens amants.<\/p>\n<p>Rapha\u00ebl Enthoven met fin \u00e0 une<br \/>\nrumeur persistante<\/p>\n<p data-start=\"0\" data-end=\"721\">Au d\u00e9but des ann\u00e9es 2000, Carla<br \/>\nBruni et Rapha\u00ebl Enthoven ont v\u00e9cu une histoire d\u2019amour m\u00e9diatis\u00e9e,<br \/>\nmarqu\u00e9e par la naissance de leur fils Aur\u00e9lien, aujourd\u2019hui \u00e2g\u00e9 de<br \/>\n23 ans. Depuis leur <strong>rupture<\/strong> en 2007, chacun a pris<br \/>\nun autre chemin : l\u2019ancienne mannequin partage la vie de <a href=\"https:\/\/www.closermag.fr\/politique\/nicolas-sarkozy-en-prison-la-fin-de-il-publie-une-video-et-le-message-est-clair-comme-de-leau-de-roche-3592101\" target=\"_blank\" rel=\"noopener\"><br \/>\nNicolas Sarkozy<\/a>, tandis que le philosophe est mari\u00e9 \u00e0 Ad\u00e8le Van<br \/>\nReeth.<\/p>\n<p data-start=\"0\" data-end=\"721\">Invit\u00e9 ce jeudi 8 novembre sur la<br \/>\nRTBF, Rapha\u00ebl Enthoven a toutefois tenu \u00e0 revenir sur une rumeur<br \/>\nqui entoure depuis longtemps leur relation : \u00ab\u00a0<strong>Elle<br \/>\nn\u2019\u00e9tait plus la compagne de mon p\u00e8re quand on s\u2019est aim\u00e9s<\/strong>,<br \/>\ndepuis un moment d\u00e9j\u00e0\u00a0\u00bb, a-t-il affirm\u00e9, d\u00e9sireux de mettre les<br \/>\nchoses au clair une bonne fois pour toutes.<\/p>\n<p>Une<br \/>\nhistoire d\u2019amour avec Carla Bruni souvent mal comprise<\/p>\n<p data-start=\"723\" data-end=\"1860\" data-is-last-node=\"\" data-is-only-node=\"\">\u00c0 la fin des ann\u00e9es 1990, Carla Bruni aurait<br \/>\nbri\u00e8vement fr\u00e9quent\u00e9 Jean-Paul Enthoven, le p\u00e8re de l\u2019essayiste.<br \/>\nDans son ouvrage Le Temps<br \/>\ngagn\u00e9, <a href=\"https:\/\/www.closermag.fr\/people\/carla-bruni-flatte-lego-dun-ex-celebre-et-va-encore-bien-plus-loin-3556647\" target=\"_blank\" rel=\"noopener\"><br \/>\nRapha\u00ebl Enthoven<\/a> \u00e9voque d\u2019ailleurs sa premi\u00e8re rencontre avec<br \/>\nelle, pr\u00e9sent\u00e9e par son p\u00e8re : \u00ab\u00a0Je la trouvais bien jolie.<br \/>\n<strong>Comme un r\u00eave qui s\u2019incarne sans se perdre. Je<br \/>\nfondais<\/strong>\u00ab\u00a0. C\u2019est au cours d\u2019un r\u00e9veillon \u00e0 Tanger,<br \/>\nchez Bernard-Henri L\u00e9vy, que leur rapprochement aurait eu lieu,<br \/>\navant que leur relation ne devienne officielle \u00e0 leur retour en<br \/>\nFrance. Longtemps critiqu\u00e9, le couple a \u00e9t\u00e9 accus\u00e9 d\u2019avoir<br \/>\nentretenu une relation ambigu\u00eb avec le p\u00e8re de Rapha\u00ebl.<\/p>\n<p data-start=\"723\" data-end=\"1860\" data-is-last-node=\"\" data-is-only-node=\"\">Une version que ce dernier r\u00e9fute fermement :<br \/>\n\u00ab\u00a0<strong>Je n\u2019ai rien partag\u00e9 du tout<\/strong>. J\u2019ai rencontr\u00e9<br \/>\nune femme, avec qui j\u2019ai eu un enfant, avec qui <strong>j\u2019ai pass\u00e9<br \/>\nhuit ann\u00e9es de ma vie<\/strong>, qui, par ailleurs, a \u00e9t\u00e9 la petite<br \/>\namie de mon p\u00e8re pendant quarante-huit heures. Cela n\u2019a rien \u00e0<br \/>\nvoir, les choses ne sont pas comparables\u00a0\u00bb. Et de conclure avec<br \/>\nforce : \u00ab\u00a0La d\u00e9cision qui s\u2019imposait \u00e0 moi \u00e9tait d\u2019aimer la<br \/>\npersonne que j\u2019aimais, et personne n\u2019est en mesure de le<br \/>\njuger\u00a0\u00bb.<\/p>\n","protected":false},"excerpt":{"rendered":"Pr\u00e8s de deux d\u00e9cennies apr\u00e8s leur s\u00e9paration, Carla Bruni et Rapha\u00ebl Enthoven entretiennent toujours une relation empreinte de&hellip;\n","protected":false},"author":2,"featured_media":428740,"comment_status":"","ping_status":"","sticky":false,"template":"","format":"standard","meta":{"footnotes":""},"categories":[1359],"tags":[12667,58,59,1011,27,973],"class_list":{"0":"post-525616","1":"post","2":"type-post","3":"status-publish","4":"format-standard","5":"has-post-thumbnail","7":"category-people","8":"tag-carla-bruni","9":"tag-divertissement","10":"tag-entertainment","11":"tag-fr","12":"tag-france","13":"tag-people"},"share_on_mastodon":{"url":"https:\/\/pubeurope.com\/@fr\/115527218897799788","error":""},"_links":{"self":[{"href":"https:\/\/www.europesays.com\/fr\/wp-json\/wp\/v2\/posts\/525616","targetHints":{"allow":["GET"]}}],"collection":[{"href":"https:\/\/www.europesays.com\/fr\/wp-json\/wp\/v2\/posts"}],"about":[{"href":"https:\/\/www.europesays.com\/fr\/wp-json\/wp\/v2\/types\/post"}],"author":[{"embeddable":true,"href":"https:\/\/www.europesays.com\/fr\/wp-json\/wp\/v2\/users\/2"}],"replies":[{"embeddable":true,"href":"https:\/\/www.europesays.com\/fr\/wp-json\/wp\/v2\/comments?post=525616"}],"version-history":[{"count":0,"href":"https:\/\/www.europesays.com\/fr\/wp-json\/wp\/v2\/posts\/525616\/revisions"}],"wp:featuredmedia":[{"embeddable":true,"href":"https:\/\/www.europesays.com\/fr\/wp-json\/wp\/v2\/media\/428740"}],"wp:attachment":[{"href":"https:\/\/www.europesays.com\/fr\/wp-json\/wp\/v2\/media?parent=525616"}],"wp:term":[{"taxonomy":"category","embeddable":true,"href":"https:\/\/www.europesays.com\/fr\/wp-json\/wp\/v2\/categories?post=525616"},{"taxonomy":"post_tag","embeddable":true,"href":"https:\/\/www.europesays.com\/fr\/wp-json\/wp\/v2\/tags?post=525616"}],"curies":[{"name":"wp","href":"https:\/\/api.w.org\/{rel}","templated":true}]}}