{"id":525619,"date":"2025-11-10T20:12:28","date_gmt":"2025-11-10T20:12:28","guid":{"rendered":"https:\/\/www.europesays.com\/fr\/525619\/"},"modified":"2025-11-10T20:12:28","modified_gmt":"2025-11-10T20:12:28","slug":"cyril-hanouna-interpelle-matthieu-delormeau-sur-ses-interventions-dans-tout-beau-tout-neuf","status":"publish","type":"post","link":"https:\/\/www.europesays.com\/fr\/525619\/","title":{"rendered":"Cyril Hanouna interpelle Matthieu Delormeau sur ses interventions dans Tout beau, tout neuf"},"content":{"rendered":"<p>Ce lundi 10 novembre, Cyril Hanouna a fait une mise au point avec Matthieu Delormeau dans Tout beau, tout neuf, apr\u00e8s avoir re\u00e7u des critiques des t\u00e9l\u00e9spectateurs.<\/p>\n<p><a href=\"https:\/\/www.programme-tv.net\/biographie\/25805-hanouna-cyril\/\" data-link-people=\"5dcd4d55-b4fe-4234-abc6-b74b4abdaf5c\" target=\"_blank\" rel=\"noopener\">Cyril Hanouna<\/a> \u00e9tait aux commandes d&rsquo;un num\u00e9ro in\u00e9dit de Tout beau, tout neuf, ce lundi 10 novembre. L&rsquo;animateur a d&rsquo;ailleurs indiqu\u00e9 qu&rsquo;il serait bien au rendez-vous demain avec ses chroniqueurs, malgr\u00e9 le jour f\u00e9ri\u00e9. <a href=\"https:\/\/www.programme-tv.net\/news\/tv\/391678-si-je-derange-raymond-aabou-pousse-vers-la-sortie-de-tout-beau-tout-neuf-il-creve-l-abces-face-a-cyril-hanouna-video\/\" data-api-deeplink=\"teleloisirs:\/\/news\/391678\" target=\"_blank\" rel=\"noopener\">Vendredi dernier, Raymond Aabou a exprim\u00e9 son malaise sur le plateau de l&rsquo;\u00e9mission<\/a>. \u00ab\u00a0Si je d\u00e9range des gens, qu\u2019ils viennent me voir et qu\u2019ils me disent \u2018on n&rsquo;aime pas ta gueule, on aime pas ce que tu fais, on aime pas tes prises de position\u2026\u00a0\u00bb, a-t-il t\u00e9moign\u00e9. \u00ab\u00a0Je ris mais c\u2019est nerveux, mais j\u2019ai vraiment l\u2019impression que certaines personnes me poussent vers la sortie\u00a0\u00bb, a-t-il ajout\u00e9. Il s&rsquo;est ensuite exprim\u00e9 sur ce privil\u00e8ge qu&rsquo;on lui refuse depuis des ann\u00e9es et qui lui co\u00fbte. Pour la premi\u00e8re de la semaine, c&rsquo;est cette fois Cyril Hanouna, qui a tenu \u00e0 faire une mise au point avec l&rsquo;un de ses chroniqueurs.<\/p>\n<p>                        Cyril Hanouna fait une mise au point avec Matthieu Delormeau sur son r\u00f4le dans Tout beau, tout neuf<\/p>\n<p>Comme l&rsquo;a constat\u00e9 l&rsquo;animateur, certains fanzouzes reprochent \u00e0 Matthieu Delormeau de l&rsquo;interrompre en permanence. \u00ab\u00a0Ils vous demandent de rester \u00e0 votre place\u00a0\u00bb, lui a lanc\u00e9 Cyril Hanouna. \u00ab\u00a0Pardon aupr\u00e8s d&rsquo;eux d&rsquo;avoir du talent\u00a0\u00bb, a r\u00e9torqu\u00e9 Matthieu Delormeau. Face \u00e0 cette r\u00e9action peu commune, <a href=\"https:\/\/www.programme-tv.net\/news\/tv\/366466-son-frere-on-le-voit-tout-le-temps-cyril-hanouna-explique-pourquoi-sa-fille-bianca-vient-moins-que-lino-sur-le-plateau-de-tpmp\/\" data-api-deeplink=\"teleloisirs:\/\/news\/366466\" target=\"_blank\" rel=\"noopener\">le papa de Lino et Bianca<\/a> a cit\u00e9 en exemple sa collaboration avec <a href=\"https:\/\/www.programme-tv.net\/biographie\/4347-foucault-jean-pierre\/\" data-link-people=\"fcbc0e60-be0e-4129-98fa-77be31f16a01\" target=\"_blank\" rel=\"noopener\">Jean-Pierre Foucault<\/a>. \u00ab\u00a0J&rsquo;\u00e9tais comme toi, j&rsquo;\u00e9tais fougueux. (&#8230;) Je me disais le monde est \u00e0 moi. (&#8230;) J&rsquo;\u00e9tais avec une l\u00e9gende, j&rsquo;\u00e9tais avec Jean-Pierre Foucault et tr\u00e8s vite, au bout de quelques semaines, les gens disaient &lsquo;c&rsquo;est qui ce mec qui parle \u00e0 Jean-Pierre Foucault&rsquo;. C&rsquo;est exactement pareil\u00a0\u00bb, a-t-il racont\u00e9. Mais son chroniqueur a eu bien du mal \u00e0 comprendre cette allusion. \u00ab\u00a0Tu es le Cyril Hanouna de Jean-Pierre Foucault \u00e0 l&rsquo;\u00e9poque. C&rsquo;est \u00e0 dire que tu n&rsquo;es rien\u00a0\u00bb, a explicit\u00e9 <a href=\"https:\/\/www.programme-tv.net\/biographie\/75560-maillet-geraldine\/\" data-link-people=\"ed551d46-8ab0-4c95-99cb-6e679875e24c\" target=\"_blank\" rel=\"noopener\">G\u00e9raldine Maillet<\/a>. Matthieu Delormeau a persist\u00e9 \u00e0 feindre l&rsquo;incompr\u00e9hension. \u00ab\u00a0Ce n&rsquo;\u00e9tait pas un duo. Il y avait un leader et quelqu&rsquo;un qui accompagnait le leader\u00a0\u00bb, a pr\u00e9cis\u00e9 <a href=\"https:\/\/www.programme-tv.net\/biographie\/9864-benaim-valerie\/\" data-link-people=\"94df6d69-972b-4696-b537-3e0e6060c661\" target=\"_blank\" rel=\"noopener\">Val\u00e9rie Bena\u00efm<\/a>. Des critiques qui ont agac\u00e9 le chroniqueur, qui a pr\u00e9f\u00e9r\u00e9 rester silencieux ensuite.<\/p>\n<p>            Matthieu Delormeau bient\u00f4t sur Fun Radio ? Cyril Hanouna lui avait propos\u00e9<\/p>\n<p>Apr\u00e8s une absence de <a href=\"https:\/\/www.programme-tv.net\/biographie\/353826-aabou-raymond\/\" data-link-people=\"381d09a0-8e53-4bfa-a321-64592296fc0b\" target=\"_blank\" rel=\"noopener\">Raymond Aabou<\/a> \u00e0 la radio,<a href=\"https:\/\/www.programme-tv.net\/news\/tv\/390509-il-reve-de-faire-de-la-radio-avec-moi-cyril-hanouna-propose-a-matthieu-delormeau-de-le-rejoindre-sur-fun-radio\/\" data-api-deeplink=\"teleloisirs:\/\/news\/390509\" target=\"_blank\" rel=\"noopener\"> Cyril Hanouna avait \u00e9voqu\u00e9 l&rsquo;id\u00e9e que Matthieu Delormeau puisse le rejoindre sur Fun Radio.<\/a> \u00ab\u00a0Matthieu Delormeau r\u00eave de faire de la radio avec moi ! Tu as tr\u00e8s envie de faire de la radio avec moi\u00a0\u00bb, avait-il rappel\u00e9. \u00ab\u00a0Pendant que tu d\u00e9c\u00e8des Raymond, j&rsquo;avoue que moi, si tu veux que je fasse de la radio !\u00a0\u00bb, avait acquiesc\u00e9 son chroniqueur, prenant date avec son patron.<\/p>\n","protected":false},"excerpt":{"rendered":"Ce lundi 10 novembre, Cyril Hanouna a fait une mise au point avec Matthieu Delormeau dans Tout beau,&hellip;\n","protected":false},"author":2,"featured_media":525620,"comment_status":"","ping_status":"","sticky":false,"template":"","format":"standard","meta":{"footnotes":""},"categories":[1356],"tags":[244,1083,58,59,1011,27,7830,252,22497,49534,1364,2395],"class_list":{"0":"post-525619","1":"post","2":"type-post","3":"status-publish","4":"format-standard","5":"has-post-thumbnail","7":"category-television","8":"tag-commentaire","9":"tag-cyril-hanouna","10":"tag-divertissement","11":"tag-entertainment","12":"tag-fr","13":"tag-france","14":"tag-matthieu-delormeau","15":"tag-television","16":"tag-tout-beau","17":"tag-tout-n9uf","18":"tag-tv","19":"tag-w9"},"share_on_mastodon":{"url":"https:\/\/pubeurope.com\/@fr\/115527230690900103","error":""},"_links":{"self":[{"href":"https:\/\/www.europesays.com\/fr\/wp-json\/wp\/v2\/posts\/525619","targetHints":{"allow":["GET"]}}],"collection":[{"href":"https:\/\/www.europesays.com\/fr\/wp-json\/wp\/v2\/posts"}],"about":[{"href":"https:\/\/www.europesays.com\/fr\/wp-json\/wp\/v2\/types\/post"}],"author":[{"embeddable":true,"href":"https:\/\/www.europesays.com\/fr\/wp-json\/wp\/v2\/users\/2"}],"replies":[{"embeddable":true,"href":"https:\/\/www.europesays.com\/fr\/wp-json\/wp\/v2\/comments?post=525619"}],"version-history":[{"count":0,"href":"https:\/\/www.europesays.com\/fr\/wp-json\/wp\/v2\/posts\/525619\/revisions"}],"wp:featuredmedia":[{"embeddable":true,"href":"https:\/\/www.europesays.com\/fr\/wp-json\/wp\/v2\/media\/525620"}],"wp:attachment":[{"href":"https:\/\/www.europesays.com\/fr\/wp-json\/wp\/v2\/media?parent=525619"}],"wp:term":[{"taxonomy":"category","embeddable":true,"href":"https:\/\/www.europesays.com\/fr\/wp-json\/wp\/v2\/categories?post=525619"},{"taxonomy":"post_tag","embeddable":true,"href":"https:\/\/www.europesays.com\/fr\/wp-json\/wp\/v2\/tags?post=525619"}],"curies":[{"name":"wp","href":"https:\/\/api.w.org\/{rel}","templated":true}]}}