{"id":525621,"date":"2025-11-10T20:13:11","date_gmt":"2025-11-10T20:13:11","guid":{"rendered":"https:\/\/www.europesays.com\/fr\/525621\/"},"modified":"2025-11-10T20:13:11","modified_gmt":"2025-11-10T20:13:11","slug":"le-festival-metal-devoile-sa-programmation-iron-maiden-limp-bizkit-et-offspring-annonces","status":"publish","type":"post","link":"https:\/\/www.europesays.com\/fr\/525621\/","title":{"rendered":"Le festival metal d\u00e9voile sa programmation\u2026 Iron Maiden, Limp Bizkit et Offspring annonc\u00e9s"},"content":{"rendered":"<p>Le plus grand rendez-vous fran\u00e7ais des musiques extr\u00eames s\u2019annonce grandiose\u00a0! Du 18 au 21\u00a0juin 2026, le <a href=\"https:\/\/www.20minutes.fr\/dossier\/hellfest\" target=\"_blank\" class=\"c-link c-link--is-underlined\" rel=\"noopener\">Hellfest<\/a> reviendra \u00e0 Clisson (<a href=\"https:\/\/www.20minutes.fr\/societe\/loire-atlantique\/\" target=\"_blank\" class=\"c-link c-link--is-underlined\" rel=\"noopener\">Loire-Atlantique<\/a>) avec une programmation aussi prestigieuse qu\u2019\u00e9clectique, m\u00ealant l\u00e9gendes du rock et figures contemporaines du metal. Les organisateurs ont r\u00e9v\u00e9l\u00e9 lundi une affiche de 183 artistes, dont 85 fouleront pour la premi\u00e8re fois les sc\u00e8nes du <a href=\"https:\/\/www.20minutes.fr\/dossier\/festival\" target=\"_blank\" class=\"c-link c-link--is-underlined\" rel=\"noopener\">festival<\/a>.<\/p>\n<p>Parmi les t\u00eates d\u2019affiche, les Britanniques de Bring Me The Horizon ouvriront le bal le jeudi 18\u00a0juin, tout comme Deep Purple et Alice Cooper. Ils laisseront la place le vendredi \u00e0 Iron Maiden, qui f\u00eatera ses cinquante ans de carri\u00e8re. Le groupe fran\u00e7ais Ultra Vomit, absent l\u2019an dernier, sera \u00e9galement de retour ce m\u00eame jour, tout comme les Br\u00e9siliens de Sepultura, piliers du metal mondial. Les Am\u00e9ricains de Limp Bizkit seront sur sc\u00e8ne le samedi, de m\u00eame que Volbeat. La sc\u00e8ne punk ne sera pas en reste\u00a0: The Offspring, c\u00e9l\u00e8bre formation am\u00e9ricaine, viendra conclure le festival, promettant une cl\u00f4ture explosive \u00e0 cette 19e \u00e9dition.<\/p>\n<\/p>\n<p>Les billets \u00e0 la journ\u00e9e en vente d\u00e9but\u00a02026<\/p>\n<p>Avec 280.000 festivaliers attendus, le Hellfest confirme son statut de plus grand festival de musiques extr\u00eames. Fid\u00e8le \u00e0 sa r\u00e9putation, l\u2019\u00e9v\u00e9nement affiche d\u00e9j\u00e0 complet\u00a0: les pass quatre jours, propos\u00e9s \u00e0 359 euros, se sont \u00e9coul\u00e9s avant m\u00eame l\u2019annonce du programme. Des billets \u00e0 la journ\u00e9e seront, eux, disponibles au d\u00e9but de\u00a02026.<\/p>\n<p class=\"mb-xxl@xs color-ultramarine font-weight-semi-bold@xs font-source-serif-pro heading-s@xs\">L\u2019acc\u00e8s \u00e0 ce contenu a \u00e9t\u00e9 bloqu\u00e9 afin de respecter votre choix de consentement<\/p>\n<p class=\"mb-m@xs text-l@xs\">En cliquant sur\u00ab J\u2019accepte \u00bb, vous acceptez le d\u00e9p\u00f4t de cookies par des services externes et aurez ainsi acc\u00e8s aux contenus de nos partenaires.<\/p>\n<p class=\"mb-xl@xs text-s@xs\">Plus d\u2019informations sur la page<a href=\"https:\/\/www.20minutes.fr\/gestion-cookies\" class=\"mx-xxs@xs color-ultramarine\" target=\"_blank\" rel=\"noopener\">Politique de gestion des cookies<\/a><\/p>\n<p>J\u2019accepte<a href=\"https:\/\/www.20minutes.fr\/dossier\/hellfest\" target=\"_blank\" class=\"c-link c-btn c-btn--primary\" rel=\"noopener\">Notre dossier sur le Hellfest<\/a><\/p>\n<p>La petite ville de Clisson s\u2019appr\u00eate donc une nouvelle fois \u00e0 devenir, le temps d\u2019un long week-end de juin, la capitale mondiale du metal. Une \u00e9dition qui s\u2019annonce d\u00e9j\u00e0 comme l\u2019une des plus spectaculaires de l\u2019histoire du Hellfest.<\/p>\n","protected":false},"excerpt":{"rendered":"Le plus grand rendez-vous fran\u00e7ais des musiques extr\u00eames s\u2019annonce grandiose\u00a0! Du 18 au 21\u00a0juin 2026, le Hellfest reviendra&hellip;\n","protected":false},"author":2,"featured_media":525622,"comment_status":"","ping_status":"","sticky":false,"template":"","format":"standard","meta":{"footnotes":""},"categories":[1355],"tags":[251,58,59,849,1011,27,27164,16501,3047,1361,873,2636,26268,7040],"class_list":{"0":"post-525621","1":"post","2":"type-post","3":"status-publish","4":"format-standard","5":"has-post-thumbnail","7":"category-musique","8":"tag-culture","9":"tag-divertissement","10":"tag-entertainment","11":"tag-festival","12":"tag-fr","13":"tag-france","14":"tag-heavy-metal","15":"tag-hellfest","16":"tag-loire-atlantique","17":"tag-music","18":"tag-musique","19":"tag-pays-de-la-loire","20":"tag-punk","21":"tag-rock"},"share_on_mastodon":{"url":"https:\/\/pubeurope.com\/@fr\/115527234713669190","error":""},"_links":{"self":[{"href":"https:\/\/www.europesays.com\/fr\/wp-json\/wp\/v2\/posts\/525621","targetHints":{"allow":["GET"]}}],"collection":[{"href":"https:\/\/www.europesays.com\/fr\/wp-json\/wp\/v2\/posts"}],"about":[{"href":"https:\/\/www.europesays.com\/fr\/wp-json\/wp\/v2\/types\/post"}],"author":[{"embeddable":true,"href":"https:\/\/www.europesays.com\/fr\/wp-json\/wp\/v2\/users\/2"}],"replies":[{"embeddable":true,"href":"https:\/\/www.europesays.com\/fr\/wp-json\/wp\/v2\/comments?post=525621"}],"version-history":[{"count":0,"href":"https:\/\/www.europesays.com\/fr\/wp-json\/wp\/v2\/posts\/525621\/revisions"}],"wp:featuredmedia":[{"embeddable":true,"href":"https:\/\/www.europesays.com\/fr\/wp-json\/wp\/v2\/media\/525622"}],"wp:attachment":[{"href":"https:\/\/www.europesays.com\/fr\/wp-json\/wp\/v2\/media?parent=525621"}],"wp:term":[{"taxonomy":"category","embeddable":true,"href":"https:\/\/www.europesays.com\/fr\/wp-json\/wp\/v2\/categories?post=525621"},{"taxonomy":"post_tag","embeddable":true,"href":"https:\/\/www.europesays.com\/fr\/wp-json\/wp\/v2\/tags?post=525621"}],"curies":[{"name":"wp","href":"https:\/\/api.w.org\/{rel}","templated":true}]}}