{"id":52563,"date":"2025-04-25T20:01:09","date_gmt":"2025-04-25T20:01:09","guid":{"rendered":"https:\/\/www.europesays.com\/fr\/52563\/"},"modified":"2025-04-25T20:01:09","modified_gmt":"2025-04-25T20:01:09","slug":"marseille-accueille-les-assises-mediterraneennes-du-journalisme-du-28-au-30-avril-prochains","status":"publish","type":"post","link":"https:\/\/www.europesays.com\/fr\/52563\/","title":{"rendered":"Marseille accueille les Assises M\u00e9diterran\u00e9ennes du Journalisme du 28 au 30\u00a0avril prochains"},"content":{"rendered":"<p>Partager les exp\u00e9riences et les initiatives pour penser <a href=\"https:\/\/www.laprovence.com\/article\/region\/9187371981075714\/j-ecris-des-histoires-depuis-petite-une-jeune-journaliste-des-alpes-de-haute-provence-decroche-le-prix-varenne\" target=\"_blank\" rel=\"noopener\">le journalisme de demain<\/a>, c\u2019est l\u2019ambition des Assises M\u00e9diterran\u00e9ennes du Journalisme qui se d\u00e9roulent \u00e0 Marseille du 28 au 30\u00a0avril.\u00a0\u00ab\u00a0Face au chaos qui menace, le journalisme est en premi\u00e8re ligne. Comment r\u00e9sister\u00a0? Comment nous organiser\u00a0? Comment garder l\u2019espoir si nous ne pouvons pas garantir \u00e0 chacune et \u00e0 chacun une information honn\u00eate et fiable\u00a0? C\u2019est notre utilit\u00e9 sociale et d\u00e9mocratique. Cette utilit\u00e9 doit nous rassembler, par-del\u00e0 les cultures, les croyances et les fronti\u00e8res\u00a0\u00bb, explique J\u00e9r\u00f4me Bouvier, pr\u00e9sident de l\u2019association Journalisme &amp; Citoyennet\u00e9 qui organise ces trois journ\u00e9es de rencontres autour du th\u00e8me \u00ab\u00a0Quel journalisme en Afrique et en M\u00e9diterran\u00e9e pour demain\u00a0?\u00a0\u00bb.<\/p>\n<p>D\u00e9bats, ateliers, soir\u00e9es sp\u00e9ciales, expositions\u2026<\/p>\n<p>Apr\u00e8s deux \u00e9ditions \u00e0 Tunis, en\u00a02018 et en\u00a02022, <a href=\"https:\/\/journalisme.com\/assises-de-marseille\/programme-soirees-presentation\/\" target=\"_blank\" rel=\"noopener\">le rendez-vous <\/a>qui s\u2019installe dans la cit\u00e9 phoc\u00e9enne r\u00e9unira des journalistes, des chercheurs, des acteurs de la soci\u00e9t\u00e9 civile et des experts des m\u00e9dias venus des deux rives de la M\u00e9diterran\u00e9e. \u00ab\u00a0Paix, s\u00e9curit\u00e9, climat, migrations, \u00e9ducation aux m\u00e9dias ou d\u00e9fis de l\u2019intelligence artificielle, place des femmes dans la soci\u00e9t\u00e9, d\u00e9colonisation de l\u2019information, les sujets seront tr\u00e8s nombreux \u00e0 l\u2019occasion des d\u00e9bats, des ateliers et des trois soir\u00e9es sp\u00e9ciales\u00a0\u00bb, pr\u00e9cise J\u00e9r\u00f4me Bouvier.<\/p>\n<p>Trois expositions seront par ailleurs \u00e0 d\u00e9couvrir\u00a0: \u00ab\u00a0Hommage \u00e0 nos fr\u00e8res de Gaza\u00a0\u00bb; \u00ab\u00a0S.O.S\u00a0: Save Our Souls\u00a0\u00bb et\u00a0Gaza Habibti\u00a0\u00bb. Les Assises permettront de r\u00e9compenser les meilleurs projets et <a href=\"https:\/\/www.laprovence.com\/article\/region\/1780725441617816\/a-volx-douze-collegiens-aux-airs-dapprentis-journalistes\" target=\"_blank\" rel=\"noopener\">initiatives d\u2019\u00e9ducation aux m\u00e9dias<\/a> et \u00e0 l\u2019information sur l\u2019ann\u00e9e \u00e9coul\u00e9e, au travers du Prix EMI parrain\u00e9 par CFI et de la Bourse EMI parrain\u00e9e par CMA M\u00e9dias. L\u2019ensemble des dossiers sera pr\u00e9sent\u00e9 le mardi 29\u00a0avril au jury, pr\u00e9sid\u00e9 par la princesse de Jordanie Rym Ali, ancienne journaliste de guerre et \u00e0 l\u2019origine de l\u2019institut jordanien des m\u00e9dias.<\/p>\n<p>Entr\u00e9e libre. R\u00e9servation obligatoire sur le site www.journalisme.com.<\/p>\n","protected":false},"excerpt":{"rendered":"Partager les exp\u00e9riences et les initiatives pour penser le journalisme de demain, c\u2019est l\u2019ambition des Assises M\u00e9diterran\u00e9ennes du&hellip;\n","protected":false},"author":2,"featured_media":52564,"comment_status":"","ping_status":"","sticky":false,"template":"","format":"standard","meta":{"footnotes":""},"categories":[2814],"tags":[17,14586,7617,1111,11,14584,1777,674,1011,27,9877,151,884,14585,12,882,25,104],"class_list":{"0":"post-52563","1":"post","2":"type-post","3":"status-publish","4":"format-standard","5":"has-post-thumbnail","7":"category-marseille","8":"tag-17","9":"tag-30-avril","10":"tag-accueille","11":"tag-actu","12":"tag-actualites","13":"tag-assises","14":"tag-eu","15":"tag-europe","16":"tag-fr","17":"tag-france","18":"tag-journalisme","19":"tag-les","20":"tag-marseille","21":"tag-mediterraneennes","22":"tag-news","23":"tag-provence-alpes-cote-dazur","24":"tag-republique-francaise","25":"tag-societe"},"share_on_mastodon":{"url":"https:\/\/pubeurope.com\/@fr\/114400387666174940","error":""},"_links":{"self":[{"href":"https:\/\/www.europesays.com\/fr\/wp-json\/wp\/v2\/posts\/52563","targetHints":{"allow":["GET"]}}],"collection":[{"href":"https:\/\/www.europesays.com\/fr\/wp-json\/wp\/v2\/posts"}],"about":[{"href":"https:\/\/www.europesays.com\/fr\/wp-json\/wp\/v2\/types\/post"}],"author":[{"embeddable":true,"href":"https:\/\/www.europesays.com\/fr\/wp-json\/wp\/v2\/users\/2"}],"replies":[{"embeddable":true,"href":"https:\/\/www.europesays.com\/fr\/wp-json\/wp\/v2\/comments?post=52563"}],"version-history":[{"count":0,"href":"https:\/\/www.europesays.com\/fr\/wp-json\/wp\/v2\/posts\/52563\/revisions"}],"wp:featuredmedia":[{"embeddable":true,"href":"https:\/\/www.europesays.com\/fr\/wp-json\/wp\/v2\/media\/52564"}],"wp:attachment":[{"href":"https:\/\/www.europesays.com\/fr\/wp-json\/wp\/v2\/media?parent=52563"}],"wp:term":[{"taxonomy":"category","embeddable":true,"href":"https:\/\/www.europesays.com\/fr\/wp-json\/wp\/v2\/categories?post=52563"},{"taxonomy":"post_tag","embeddable":true,"href":"https:\/\/www.europesays.com\/fr\/wp-json\/wp\/v2\/tags?post=52563"}],"curies":[{"name":"wp","href":"https:\/\/api.w.org\/{rel}","templated":true}]}}