{"id":525635,"date":"2025-11-10T20:21:10","date_gmt":"2025-11-10T20:21:10","guid":{"rendered":"https:\/\/www.europesays.com\/fr\/525635\/"},"modified":"2025-11-10T20:21:10","modified_gmt":"2025-11-10T20:21:10","slug":"le-conseil-detat-confirme-la-demission-doffice-de-son-mandat-de-conseillere-departementale-liberation","status":"publish","type":"post","link":"https:\/\/www.europesays.com\/fr\/525635\/","title":{"rendered":"le Conseil d\u2019Etat confirme la d\u00e9mission d\u2019office de son mandat de conseill\u00e8re d\u00e9partementale \u2013 Lib\u00e9ration"},"content":{"rendered":"<p class=\"sc-cPiKLX AiZTS text-element\">Caramba ! Encore rat\u00e9. <a href=\"https:\/\/www.liberation.fr\/societe\/police-justice\/isolement-des-narcotrafiquants-les-quartiers-de-haute-securite-dans-les-prisons-sont-legaux-juge-le-conseil-detat-20251028_3DLJAYRISJAENLYEVNQTLOPEE4\/\" target=\"_blank\" rel=\"noreferrer noopener\" title=\"https:\/\/www.liberation.fr\/societe\/police-justice\/isolement-des-narcotrafiquants-les-quartiers-de-haute-securite-dans-les-prisons-sont-legaux-juge-le-conseil-detat-20251028_3DLJAYRISJAENLYEVNQTLOPEE4\/\">Le Conseil d\u2019Etat<\/a> a confirm\u00e9 ce lundi 10 novembre la d\u00e9mission d\u2019office de Marine Le Pen de son mandat de conseill\u00e8re d\u00e9partementale. Dans sa d\u00e9cision, le juge administratif rejette la question prioritaire de constitutionnalit\u00e9 (QPC) soulev\u00e9e \u00e0 l\u2019occasion de son recours contre l\u2019arr\u00eat\u00e9 pr\u00e9fectoral, pronon\u00e7ant sa d\u00e9mission d\u2019office, et explique que le \u00abConseil constitutionnel a d\u00e9j\u00e0 d\u00e9clar\u00e9 conformes \u00e0 la Constitution les dispositions similaires applicables aux conseillers municipaux\u00bb.<\/p>\n<p class=\"sc-cPiKLX AiZTS text-element\"><a href=\"https:\/\/www.liberation.fr\/politique\/assistants-fictifs-du-rn-marine-le-pen-jugee-coupable-et-condamnee-a-5-ans-dinegibilite-sa-candidature-a-la-presidentielle-2027-hors-jeu-20250331_VEW7NAJTSVHBLKNNNNLM7EJDOE\/\" target=\"_blank\" rel=\"noopener\" title=\"https:\/\/www.liberation.fr\/politique\/assistants-fictifs-du-rn-marine-le-pen-jugee-coupable-et-condamnee-a-5-ans-dinegibilite-sa-candidature-a-la-presidentielle-2027-hors-jeu-20250331_VEW7NAJTSVHBLKNNNNLM7EJDOE\/\">Le 31 mars,<\/a> Marine Le Pen avait \u00e9t\u00e9 condamn\u00e9e \u00e0 cinq ans d\u2019in\u00e9ligibilit\u00e9 avec ex\u00e9cution imm\u00e9diate pour <a href=\"https:\/\/www.liberation.fr\/politique\/lexcuse-moisie-de-marine-le-pen-concernant-sa-condamnation-pour-detournement-de-fonds-publics-20250402_X32QEER5RVFG5ELDUWRB5N5VKA\/\" target=\"_blank\" rel=\"noreferrer noopener\" title=\"https:\/\/www.liberation.fr\/politique\/lexcuse-moisie-de-marine-le-pen-concernant-sa-condamnation-pour-detournement-de-fonds-publics-20250402_X32QEER5RVFG5ELDUWRB5N5VKA\/\">\u00abd\u00e9tournement de fonds publics\u00bb<\/a> et \u00abcomplicit\u00e9 de d\u00e9tournements de fonds publics\u00bb. Elle a, par la suite, fait l\u2019objet d\u2019un arr\u00eat\u00e9 pr\u00e9fectoral pronon\u00e7ant sa d\u00e9mission \u00abconform\u00e9ment au Code \u00e9lectoral\u00bb. En contestant cet arr\u00eat\u00e9 devant les tribunaux, elle a pos\u00e9 une QPC, qui permet de solliciter l\u2019avis du Conseil constitutionnel sur la constitutionnalit\u00e9 d\u2019une loi \u2013 ici, de dispositions du Code \u00e9lectoral.<\/p>\n<p class=\"sc-cPiKLX AiZTS text-element\">Mais avant que cette question n\u2019arrive devant les Sages, le Conseil d\u2019Etat, qui joue le r\u00f4le de filtre, v\u00e9rifie si celle-ci n\u2019a pas d\u00e9j\u00e0 \u00e9t\u00e9 pos\u00e9e. Marine Le Pen faisait valoir l\u2019asym\u00e9trie entre les mandats municipaux et parlementaires, la d\u00e9mission d\u2019office n\u2019\u00e9tant pas prononc\u00e9e pour les parlementaires sanctionn\u00e9s d\u2019une peine d\u2019in\u00e9ligibilit\u00e9. En d\u2019autres termes : \u00e9pargn\u00e9e pour son mandat de d\u00e9put\u00e9e, elle estimait qu\u2019elle pouvait \u00e9tendre cette protection \u00e0 celui de conseill\u00e8re d\u00e9partementale.<\/p>\n<p class=\"sc-cPiKLX AiZTS text-element\">Ce lundi, le Conseil d\u2019\u00e9tat a rappel\u00e9 que sa jurisprudence \u00e9tait constante concernant les \u00e9lus municipaux : ils sont d\u00e9mis de leurs fonctions par le pr\u00e9fet une fois une peine d\u2019in\u00e9ligibilit\u00e9 prononc\u00e9e. Il a ensuite avanc\u00e9 deux arguments. D\u2019une part, la d\u00e9cision de diff\u00e9rencier les \u00e9lus municipaux et les parlementaires repose sur une d\u00e9cision du Conseil constitutionnel du 28 mars : \u00abCes \u00e9lus ne se trouvaient pas dans la m\u00eame situation que les parlementaires, compte tenu des pr\u00e9rogatives que ces derniers tiennent de la Constitution.\u00bb<\/p>\n<p class=\"sc-cPiKLX AiZTS text-element\">Par ailleurs, il rappelle sa d\u00e9cision du 25 juin concernant la d\u00e9mission d\u2019office des conseillers r\u00e9gionaux. Cette d\u00e9cision avait \u00e9t\u00e9 prise \u00e0 la suite de la d\u00e9mission d\u2019office de <a href=\"https:\/\/www.liberation.fr\/politique\/elections\/affaire-des-assistants-parlementaires-du-rn-nicolas-bay-a-lui-aussi-fourni-des-documents-truques-a-la-justice-20240916_SRQJ776XOBDWPI5VOA3DTEXICI\/\" target=\"_blank\" rel=\"noreferrer noopener\" title=\"https:\/\/www.liberation.fr\/politique\/elections\/affaire-des-assistants-parlementaires-du-rn-nicolas-bay-a-lui-aussi-fourni-des-documents-truques-a-la-justice-20240916_SRQJ776XOBDWPI5VOA3DTEXICI\/\">Nicolas Bay<\/a> et Wallerand de Saint-Just, deux \u00e9lus du Rassemblement national, \u00e9galement condamn\u00e9s \u00e0 une peine d\u2019in\u00e9ligibilit\u00e9 dans l\u2019affaire des assistants parlementaires du RN. Le juge consid\u00e8re que les r\u00e8gles qui s\u2019appliquent aux conseillers d\u00e9partementaux (donc Marine Le Pen) sont semblables \u00e0 celles applicables aux conseillers r\u00e9gionaux (Nicolas Bay et Wallerand de Saint-Just), et aux conseillers municipaux. Ce qui justifie son refus de transmettre la QPC au Conseil constitutionnel.<\/p>\n<p class=\"sc-cPiKLX AiZTS text-element\"><b>Mise \u00e0 jour \u00e0 20h06 <\/b>avec les explications de la d\u00e9cision.<\/p>\n","protected":false},"excerpt":{"rendered":"Caramba ! Encore rat\u00e9. Le Conseil d\u2019Etat a confirm\u00e9 ce lundi 10 novembre la d\u00e9mission d\u2019office de Marine&hellip;\n","protected":false},"author":2,"featured_media":525636,"comment_status":"","ping_status":"","sticky":false,"template":"","format":"standard","meta":{"footnotes":""},"categories":[4],"tags":[11,39211,57362,1011,27,430,12,25,2848],"class_list":{"0":"post-525635","1":"post","2":"type-post","3":"status-publish","4":"format-standard","5":"has-post-thumbnail","7":"category-france","8":"tag-actualites","9":"tag-conseil-constitutionnel","10":"tag-conseil-etat","11":"tag-fr","12":"tag-france","13":"tag-marine-le-pen","14":"tag-news","15":"tag-republique-francaise","16":"tag-rn"},"share_on_mastodon":{"url":"https:\/\/pubeurope.com\/@fr\/115527266137531982","error":""},"_links":{"self":[{"href":"https:\/\/www.europesays.com\/fr\/wp-json\/wp\/v2\/posts\/525635","targetHints":{"allow":["GET"]}}],"collection":[{"href":"https:\/\/www.europesays.com\/fr\/wp-json\/wp\/v2\/posts"}],"about":[{"href":"https:\/\/www.europesays.com\/fr\/wp-json\/wp\/v2\/types\/post"}],"author":[{"embeddable":true,"href":"https:\/\/www.europesays.com\/fr\/wp-json\/wp\/v2\/users\/2"}],"replies":[{"embeddable":true,"href":"https:\/\/www.europesays.com\/fr\/wp-json\/wp\/v2\/comments?post=525635"}],"version-history":[{"count":0,"href":"https:\/\/www.europesays.com\/fr\/wp-json\/wp\/v2\/posts\/525635\/revisions"}],"wp:featuredmedia":[{"embeddable":true,"href":"https:\/\/www.europesays.com\/fr\/wp-json\/wp\/v2\/media\/525636"}],"wp:attachment":[{"href":"https:\/\/www.europesays.com\/fr\/wp-json\/wp\/v2\/media?parent=525635"}],"wp:term":[{"taxonomy":"category","embeddable":true,"href":"https:\/\/www.europesays.com\/fr\/wp-json\/wp\/v2\/categories?post=525635"},{"taxonomy":"post_tag","embeddable":true,"href":"https:\/\/www.europesays.com\/fr\/wp-json\/wp\/v2\/tags?post=525635"}],"curies":[{"name":"wp","href":"https:\/\/api.w.org\/{rel}","templated":true}]}}