{"id":525644,"date":"2025-11-10T20:26:20","date_gmt":"2025-11-10T20:26:20","guid":{"rendered":"https:\/\/www.europesays.com\/fr\/525644\/"},"modified":"2025-11-10T20:26:20","modified_gmt":"2025-11-10T20:26:20","slug":"custines-un-blesse-grave-apres-une-sortie-de-route-sur-la31","status":"publish","type":"post","link":"https:\/\/www.europesays.com\/fr\/525644\/","title":{"rendered":"Custines. Un bless\u00e9 grave apr\u00e8s une sortie de route sur l\u2019A31"},"content":{"rendered":"<p>Un accident de la circulation est survenu, lundi 10\u00a0novembre sur l\u2019autoroute A31, dans le sens Metz-Nancy, entre Custines et la sortie Bouxi\u00e8res-aux-Dames. A priori seul en cause, un automobiliste a perdu le contr\u00f4le de son v\u00e9hicule. Ce dernier a quitt\u00e9 la chauss\u00e9e avant de terminer sa course dans le terre-plein central et de heurter un panneau de chantier.<\/p>\n<p>Gri\u00e8vement bless\u00e9, le conducteur a d\u00fb \u00eatre d\u00e9sincarc\u00e9r\u00e9 de son habitacle par les pompiers. M\u00e9dicalis\u00e9e par l\u2019\u00e9quipe m\u00e9dicale du SMUR, la victime (un homme \u00e2g\u00e9 de 34 ans) a \u00e9t\u00e9 transport\u00e9e vers les urgences de l\u2019h\u00f4pital central de Nancy.<\/p>\n<p>Durant toute l\u2019intervention, la voie de gauche a \u00e9t\u00e9 neutralis\u00e9e et la circulation s\u2019est faite sur la voie de droite, jusqu\u2019aux environs de 16\u00a0h\u00a030, avant le lever du dispositif. Restait alors plusieurs kilom\u00e8tres de ralentissements \u00e0 drainer avant que le trafic ne revienne \u00e0 la normale.<\/p>\n","protected":false},"excerpt":{"rendered":"Un accident de la circulation est survenu, lundi 10\u00a0novembre sur l\u2019autoroute A31, dans le sens Metz-Nancy, entre Custines&hellip;\n","protected":false},"author":2,"featured_media":525645,"comment_status":"","ping_status":"","sticky":false,"template":"","format":"standard","meta":{"footnotes":""},"categories":[9635],"tags":[119,1111,11,13561,37367,1704,1777,674,274,1011,27,775,3457,1702,12,25],"class_list":{"0":"post-525644","1":"post","2":"type-post","3":"status-publish","4":"format-standard","5":"has-post-thumbnail","7":"category-nancy","8":"tag-accident","9":"tag-actu","10":"tag-actualites","11":"tag-cc-du-bassin-de-pompey-54b2","12":"tag-custines","13":"tag-edition-nancy-et-agglomeration","14":"tag-eu","15":"tag-europe","16":"tag-faits-divers-justice","17":"tag-fr","18":"tag-france","19":"tag-grand-est","20":"tag-meurthe-et-moselle","21":"tag-nancy","22":"tag-news","23":"tag-republique-francaise"},"share_on_mastodon":{"url":"https:\/\/pubeurope.com\/@fr\/115527285763410872","error":""},"_links":{"self":[{"href":"https:\/\/www.europesays.com\/fr\/wp-json\/wp\/v2\/posts\/525644","targetHints":{"allow":["GET"]}}],"collection":[{"href":"https:\/\/www.europesays.com\/fr\/wp-json\/wp\/v2\/posts"}],"about":[{"href":"https:\/\/www.europesays.com\/fr\/wp-json\/wp\/v2\/types\/post"}],"author":[{"embeddable":true,"href":"https:\/\/www.europesays.com\/fr\/wp-json\/wp\/v2\/users\/2"}],"replies":[{"embeddable":true,"href":"https:\/\/www.europesays.com\/fr\/wp-json\/wp\/v2\/comments?post=525644"}],"version-history":[{"count":0,"href":"https:\/\/www.europesays.com\/fr\/wp-json\/wp\/v2\/posts\/525644\/revisions"}],"wp:featuredmedia":[{"embeddable":true,"href":"https:\/\/www.europesays.com\/fr\/wp-json\/wp\/v2\/media\/525645"}],"wp:attachment":[{"href":"https:\/\/www.europesays.com\/fr\/wp-json\/wp\/v2\/media?parent=525644"}],"wp:term":[{"taxonomy":"category","embeddable":true,"href":"https:\/\/www.europesays.com\/fr\/wp-json\/wp\/v2\/categories?post=525644"},{"taxonomy":"post_tag","embeddable":true,"href":"https:\/\/www.europesays.com\/fr\/wp-json\/wp\/v2\/tags?post=525644"}],"curies":[{"name":"wp","href":"https:\/\/api.w.org\/{rel}","templated":true}]}}