{"id":525651,"date":"2025-11-10T20:30:14","date_gmt":"2025-11-10T20:30:14","guid":{"rendered":"https:\/\/www.europesays.com\/fr\/525651\/"},"modified":"2025-11-10T20:30:14","modified_gmt":"2025-11-10T20:30:14","slug":"lenquete-sur-la-decouverte-dune-cle-usb-rebondit-a-montpellier","status":"publish","type":"post","link":"https:\/\/www.europesays.com\/fr\/525651\/","title":{"rendered":"l&rsquo;enqu\u00eate sur la d\u00e9couverte d&rsquo;une cl\u00e9 USB rebondit \u00e0 Montpellier"},"content":{"rendered":"<p>            Par<br \/>\n        <strong><br \/>\n            <a href=\"https:\/\/actu.fr\/auteur\/jm-aubert\" title=\"Consulter tous les articles de Jean-Marc Aubert\" target=\"_blank\" rel=\"noopener\">Jean-Marc Aubert<\/a><br \/>\n        <\/strong><\/p>\n<p>        Publi\u00e9 le<\/p>\n<p>            10 nov. 2025 \u00e0 20h36<br \/>\n        ; mis \u00e0 jour le 10 nov. 2025 \u00e0 20h57    <\/p>\n<p>L\u2019affaire dans l\u2019affaire du <strong>terroriste Salah Abdeslam,<\/strong>\u00a036 ans, condamn\u00e9 \u00e0 la r\u00e9clusion criminelle \u00e0 perp\u00e9tuit\u00e9 incompressible pour les<strong> attentats des commandos du 13 novembre 2015<\/strong> \u00e0 Paris vient de rebondir \u00e0<strong> Montpellier<\/strong>.<\/p>\n<p class=\" wall-content\">Ce vendredi 7 novembre 2025, apr\u00e8s une surveillance exerc\u00e9e autour du domicile familial, dans un quartier d\u2019ici, une adolescente \u00e2g\u00e9e de 17 ans a \u00e9t\u00e9 interpell\u00e9e par des policiers de la <strong>Direction g\u00e9n\u00e9rale de la S\u00e9curit\u00e9 int\u00e9rieure<\/strong> -Dgsi-, de l\u2019antenne de la SI de Montpellier, de la Sous-direction antiterroriste -Sdat- et de la police judiciaire de Montpellier, dans la foul\u00e9e de celles d\u2019une autre femme et d\u2019un homme. Un domicile qui a \u00e9t\u00e9 perquisitionn\u00e9.<\/p>\n<p>Garde \u00e0 vue prolong\u00e9e<\/p>\n<p class=\" wall-content\">Apr\u00e8s avoir \u00e9t\u00e9 bri\u00e8vement retenue \u00e0 l\u2019h\u00f4tel de police de Montpellier, cette mineure, inconnue de la justice, psychologiquement fragile, a \u00e9t\u00e9 transf\u00e9r\u00e9e dans les locaux de la Sous-direction antiterroriste \u2013Sdat- en charge de l\u2019enqu\u00eate pour des auditions et des confrontations avec l\u2019ex-concubine du terroriste et le compagnon actuel de cette derni\u00e8re. Leur garde \u00e0 vue a \u00e9t\u00e9 prolong\u00e9e et se poursuit au Parquet national antiterroriste -Pnat-, avant une pr\u00e9sentation devant des juges antiterroristes, ce jeudi ou ce vendredi.<\/p>\n<p class=\" wall-content\">Au d\u00e9part de ce rebondissement, des soup\u00e7ons\u00a0de remise de cl\u00e9 USB par Salah Abdeslam lors d\u2019un r\u00e9cent parloir en d\u00e9tention pour un possible projet d\u2019action violente imminente, selon des m\u00e9dias nationaux.\u00a0Les investigations des policiers ont abouti dans un\u00a0premier\u00a0temps \u00e0\u00a0l\u2019extraction, mardi dernier de la prison de l\u2019unique survivant des commandos sanglants du 13 novembre 2015 pour faire toute la lumi\u00e8re sur la remise de cette cl\u00e9 USB, puis de son ex-compagne jeudi, suivie de l\u2019interpellation vendredi de la mineure \u00e0 Montpellier. Elle \u00e9tait r\u00e9guli\u00e8rement en lien avec elle depuis ces derni\u00e8res semaines, comme les enqu\u00eateurs ont pu l\u2019\u00e9tablir la Dgsi en analysant les t\u00e9l\u00e9phonies et les \u00e9changes sur les ordinateurs des deux femmes.<\/p>\n<p class=\" wall-content\">Des informations primordiales livr\u00e9es en urgence \u00e0 la Sdat et eau Pnat, alors que se profile le dixi\u00e8me anniversaire des effroyables tueries du 13 novembre 2015, dont celle dans la salle de concert du Bataclan, o\u00f9 un \u00e9tudiant montpelli\u00e9rain a \u00e9t\u00e9 sauvagement pi\u00e9g\u00e9 et abattu.<\/p>\n<p>Vid\u00e9os : en ce moment sur Actu<\/p>\n<p class=\" wall-content\">Initialement, l\u2019enqu\u00eate judiciaire a \u00e9t\u00e9 ouverte par le parquet national antiterroriste pour un recel illicite d\u2019objet en d\u00e9tention, la cl\u00e9 USB, mais elle s\u2019est \u00e9tendue de mani\u00e8re spectaculaire vers un projet terroriste.\u00a0Invit\u00e9e de <strong>RTL<\/strong>, ce lundi 10 novembre 2025, <strong>C\u00e9line Berthon,<\/strong> directrice g\u00e9n\u00e9rale de la S\u00e9curit\u00e9 int\u00e9rieure, explique que Salah Abdeslam est \u00ab\u00a0un individu qui demeure radicalis\u00e9, convaincu de l\u2019id\u00e9ologie mortif\u00e8re qu\u2019il a suivie pendant des ann\u00e9es et qui l\u2019a conduit \u00e0 passer aux actes\u00a0\u00bb, mais pr\u00e9cise que, \u00ab\u00a0il\u00a0n\u2019est pas mis en cause dans un projet d\u2019attentat ou autre action violente. Il faut \u00eatre clair sur ce sujet. Il a \u00e9t\u00e9 plac\u00e9 en garde \u00e0 vue alors que des traces de connexion d\u2019une\u00a0cl\u00e9 USB\u00a0ont \u00e9t\u00e9 d\u00e9couvertes sur son ordinateur de cellule. Des textes de propagande ainsi qu\u2019une vid\u00e9o du canal \u00ab\u00a019HH\u00a0\u00bb, du gourou fran\u00e7ais du jihad Omar Omsen, ont \u00e9galement \u00e9t\u00e9 retrouv\u00e9es sur l\u2019appareil\u00a0\u00bb.\u00a0<\/p>\n<p>Votre r\u00e9gion, votre actu !<\/p>\n<p>Recevez chaque jour les infos qui comptent pour vous.<\/p>\n<p>\t<a href=\"https:\/\/actu.fr\/newsletter\" class=\"ac-btn ac-btn--corner ac-btn--medium ac-btn--blue800\" target=\"_blank\" rel=\"noopener\">S&rsquo;incrire<\/a><br \/>\nR\u00e9seaux sociaux<\/p>\n<p class=\" wall-content\">Sur RTL, C\u00e9line Berton insiste que, \u00ab\u00a0nous n\u2019avons pas de raison de penser qu\u2019il soit impliqu\u00e9 sur des r\u00e9seaux d\u2019une autre nature\u00a0\u00bb, ce que\u00a0confirme\u00a0Laurent Nunez, le ministre de l\u2019Int\u00e9rieur\u00a0invit\u00e9\u00a0du <strong>Grand Jury RTLPublic S\u00e9nat-Le Figaro-M6<\/strong> : \u00ab\u00a0Il convient de rester\u00a0prudent quant \u00e0 l\u2019\u00e9ventuelle implication du d\u00e9tenu dans un projet d\u2019attentat. Je n\u2019irais pas jusque-l\u00e0\u00a0\u00bb, r\u00e9v\u00e9lant que \u00ab\u00a0Salah Abdeslam n\u2019est \u00e9videmment plus en possession, ni de son ordinateur, ni de cette cl\u00e9\u00a0\u00bb.<\/p>\n<p class=\" wall-content\">Comment l\u2019ex-concubine du terroriste a rencontr\u00e9 l\u2019adolescente de Montpellier ? Sans doute via des r\u00e9seaux sociaux sp\u00e9cialis\u00e9s dans des appels \u00e0 des actes violents qui sont scrut\u00e9s scrupuleusement au quotidien par les agents de la Dgsi. On devrait en savoir plus d\u2019ici vendredi sur le profil et le sort ces deux apprenties terroristes.<\/p>\n<p class=\" wall-content\">Ce rebondissement survient apr\u00e8s la mise en examen le 10 octobre dernier pour un projet d\u2019attentat terroriste \u00e0 Paris, de trois femmes de 18, 19 et 21 ans, en d\u00e9tention depuis.\u00a0Alors que la France va comm\u00e9morer les dix ans des attentats du 13 novembre, elles sont poursuivies pour \u00ab\u00a0association de malfaiteurs terroriste en vue de la pr\u00e9paration de crimes d\u2019atteinte aux personnes\u00a0\u00bb. Selon l\u2019avocat d\u2019une des mises en examen, le projet d\u2019attentat ciblait un bar ou une salle de concert \u00e0 Paris, mais sans que ce soit v\u00e9ritablement d\u00e9fini.<\/p>\n<p class=\" wall-content\">En conformit\u00e9 avec les instructions donn\u00e9es par le ministre de l\u2019Int\u00e9rieur au niveau national, le pr\u00e9fet de l\u2019H\u00e9rault a demand\u00e9 aux policiers et aux gendarmes du d\u00e9partement de renforcer les surveillances autour d\u2019\u00e9tablissements publics, alors que le dixi\u00e8me anniversaire des tueries du 13 novembre 2015 est c\u00e9l\u00e9br\u00e9 d\u00e8s ce mardi pour rendre hommage aux victimes.<\/p>\n<p class=\" wall-content\">Personnalisez votre actualit\u00e9 en ajoutant vos villes et m\u00e9dias en favori avec <a href=\"https:\/\/moncompte.actu.fr\" title=\"D\u00e9couvez Mon Actu\" rel=\"nofollow noopener\" data-trk=\"{&quot;cta&quot;:{&quot;action&quot;:&quot;https:\\\/\\\/moncompte.actu.fr&quot;,&quot;category&quot;:&quot;mon compte&quot;,&quot;from&quot;:&quot;article footer&quot;,&quot;name&quot;:&quot;Mon actu&quot;,&quot;type&quot;:&quot;cta&quot;}}\" target=\"_blank\">Mon Actu<\/a>.<\/p>\n","protected":false},"excerpt":{"rendered":"Par Jean-Marc Aubert Publi\u00e9 le 10 nov. 2025 \u00e0 20h36 ; mis \u00e0 jour le 10 nov. 2025&hellip;\n","protected":false},"author":2,"featured_media":525652,"comment_status":"","ping_status":"","sticky":false,"template":"","format":"standard","meta":{"footnotes":""},"categories":[9599],"tags":[1111,11,61701,1777,674,118,1011,27,2208,12,2680,1072,25,1254],"class_list":{"0":"post-525651","1":"post","2":"type-post","3":"status-publish","4":"format-standard","5":"has-post-thumbnail","7":"category-montpellier","8":"tag-actu","9":"tag-actualites","10":"tag-attentats-du-13-novembre","11":"tag-eu","12":"tag-europe","13":"tag-faits-divers","14":"tag-fr","15":"tag-france","16":"tag-montpellier","17":"tag-news","18":"tag-occitanie","19":"tag-police","20":"tag-republique-francaise","21":"tag-terrorisme"},"share_on_mastodon":{"url":"https:\/\/pubeurope.com\/@fr\/115527301413018700","error":""},"_links":{"self":[{"href":"https:\/\/www.europesays.com\/fr\/wp-json\/wp\/v2\/posts\/525651","targetHints":{"allow":["GET"]}}],"collection":[{"href":"https:\/\/www.europesays.com\/fr\/wp-json\/wp\/v2\/posts"}],"about":[{"href":"https:\/\/www.europesays.com\/fr\/wp-json\/wp\/v2\/types\/post"}],"author":[{"embeddable":true,"href":"https:\/\/www.europesays.com\/fr\/wp-json\/wp\/v2\/users\/2"}],"replies":[{"embeddable":true,"href":"https:\/\/www.europesays.com\/fr\/wp-json\/wp\/v2\/comments?post=525651"}],"version-history":[{"count":0,"href":"https:\/\/www.europesays.com\/fr\/wp-json\/wp\/v2\/posts\/525651\/revisions"}],"wp:featuredmedia":[{"embeddable":true,"href":"https:\/\/www.europesays.com\/fr\/wp-json\/wp\/v2\/media\/525652"}],"wp:attachment":[{"href":"https:\/\/www.europesays.com\/fr\/wp-json\/wp\/v2\/media?parent=525651"}],"wp:term":[{"taxonomy":"category","embeddable":true,"href":"https:\/\/www.europesays.com\/fr\/wp-json\/wp\/v2\/categories?post=525651"},{"taxonomy":"post_tag","embeddable":true,"href":"https:\/\/www.europesays.com\/fr\/wp-json\/wp\/v2\/tags?post=525651"}],"curies":[{"name":"wp","href":"https:\/\/api.w.org\/{rel}","templated":true}]}}