{"id":525653,"date":"2025-11-10T20:32:19","date_gmt":"2025-11-10T20:32:19","guid":{"rendered":"https:\/\/www.europesays.com\/fr\/525653\/"},"modified":"2025-11-10T20:32:19","modified_gmt":"2025-11-10T20:32:19","slug":"un-homme-simmole-par-le-feu-pres-dune-station-service-dun-supermarche-a-buchy","status":"publish","type":"post","link":"https:\/\/www.europesays.com\/fr\/525653\/","title":{"rendered":"Un homme s&rsquo;immole par le feu pr\u00e8s d&rsquo;une station-service d&rsquo;un supermarch\u00e9 \u00e0 Buchy"},"content":{"rendered":"<p>Un homme d&rsquo;une trentaine d&rsquo;ann\u00e9es s&rsquo;est immol\u00e9 par le feu, lundi 10 novembre 2025, sur la zone d&rsquo;activit\u00e9 des Cateliers \u00e0 Buchy. Gravement br\u00fbl\u00e9, il a \u00e9t\u00e9 secouru par un t\u00e9moin et des employ\u00e9s. Son pronostic vital est engag\u00e9.<\/p>\n<p>Un homme a <strong>tent\u00e9 de mettre fin \u00e0 ses jours en s&rsquo;immolant par le feu<\/strong> \u00e0 proximit\u00e9 de la station-service du Carrefour Market de Buchy, lundi 10 novembre 2025, sur la zone d&rsquo;activit\u00e9 des Cateliers. Les secours ont \u00e9t\u00e9 appel\u00e9s peu avant 13h30, mais la victime a \u00e9t\u00e9 secourue et \u00e9teinte par un t\u00e9moin et le personnel sur place avant leur arriv\u00e9e, de m\u00eame qu&rsquo;un d\u00e9part de feu \u00e0 proximit\u00e9.<\/p>\n<p>Pronostic vital engag\u00e9<\/p>\n<p><strong>La victime, gri\u00e8vement br\u00fbl\u00e9e, a \u00e9t\u00e9 h\u00e9liport\u00e9e,<\/strong> consciente, \u00e0 l&rsquo;h\u00f4pital de Rouen. <strong>Son pronostic vital \u00e9tait engag\u00e9<\/strong> au moment de son transport, indique une source judiciaire. Quant aux six t\u00e9moins de la sc\u00e8ne qui sont intervenus, choqu\u00e9s, ils ont \u00e9t\u00e9 examin\u00e9s sur place par un infirmier.<\/p>\n<p>Si vous-m\u00eame ou un de vos proches \u00eates en souffrance, vous pouvez contacter 7j\/7 et 24h\/24\u00a0<a target=\"_blank\" rel=\"nofollow noopener noreferrer\" class=\"IciLink ici-link IciArticleLink g-ici-body-regular-1 underline brand svelte-lu7k6w\" href=\"https:\/\/3114.fr\/\"><strong>le num\u00e9ro national de pr\u00e9vention du suicide, le 34 14<\/strong><\/a>\u00a0(gratuit et confidentiel).<\/p>\n<p> <img decoding=\"async\" src=\"https:\/\/www.europesays.com\/fr\/wp-content\/uploads\/2025\/11\/1762806739_680_1280\" alt=\"illustration agrandir l'image\" style=\"--_image-preview:url('data:image\/jpeg;base64,\/9j\/2wBDACgcHiMeGSgjISMtKygwPGRBPDc3PHtYXUlkkYCZlo+AjIqgtObDoKrarYqMyP\/L2u71\/\/\/\/m8H\/\/\/\/6\/+b9\/\/j\/2wBDASstLTw1PHZBQXb4pYyl+Pj4+Pj4+Pj4+Pj4+Pj4+Pj4+Pj4+Pj4+Pj4+Pj4+Pj4+Pj4+Pj4+Pj4+Pj4+Pj4+Pj\/wAARCAANACoDASIAAhEBAxEB\/8QAGAABAQADAAAAAAAAAAAAAAAAAgEAAwT\/xAAXEAEBAQEAAAAAAAAAAAAAAAAAAQIR\/8QAFQEBAQAAAAAAAAAAAAAAAAAAAQD\/xAAUEQEAAAAAAAAAAAAAAAAAAAAA\/9oADAMBAAIRAxEAPwDq6NrA0il0F0Oq120ItaDqWp0F\/9k=');\" loading=\"lazy\" fetchpriority=\"low\" aria-hidden=\"true\" class=\"svelte-1pnmlwx rounded\" onload=\"this.__e=event\" onerror=\"this.__e=event\"\/> \u00ab\u00a0pr\u00e9vention suicide\u00a0\u00bb \u00ab\u00a0num\u00e9ro national de pr\u00e9vention du suicide\u00a0\u00bb \u00ab\u00a03114\u00a0\u00bb \u00ab\u00a0pens\u00e9es suicidaires\u00a0\u00bb \u00ab\u00a0d\u00e9tresse\u00a0\u00bb \u00a9 Radio France &#8211; Radio France  <\/p>\n","protected":false},"excerpt":{"rendered":"Un homme d&rsquo;une trentaine d&rsquo;ann\u00e9es s&rsquo;est immol\u00e9 par le feu, lundi 10 novembre 2025, sur la zone d&rsquo;activit\u00e9&hellip;\n","protected":false},"author":2,"featured_media":525654,"comment_status":"","ping_status":"","sticky":false,"template":"","format":"standard","meta":{"footnotes":""},"categories":[9587],"tags":[1111,11,1777,674,1011,27,12,5161,25,9590],"class_list":{"0":"post-525653","1":"post","2":"type-post","3":"status-publish","4":"format-standard","5":"has-post-thumbnail","7":"category-rouen","8":"tag-actu","9":"tag-actualites","10":"tag-eu","11":"tag-europe","12":"tag-fr","13":"tag-france","14":"tag-news","15":"tag-normandie","16":"tag-republique-francaise","17":"tag-rouen"},"share_on_mastodon":{"url":"https:\/\/pubeurope.com\/@fr\/115527310151498097","error":""},"_links":{"self":[{"href":"https:\/\/www.europesays.com\/fr\/wp-json\/wp\/v2\/posts\/525653","targetHints":{"allow":["GET"]}}],"collection":[{"href":"https:\/\/www.europesays.com\/fr\/wp-json\/wp\/v2\/posts"}],"about":[{"href":"https:\/\/www.europesays.com\/fr\/wp-json\/wp\/v2\/types\/post"}],"author":[{"embeddable":true,"href":"https:\/\/www.europesays.com\/fr\/wp-json\/wp\/v2\/users\/2"}],"replies":[{"embeddable":true,"href":"https:\/\/www.europesays.com\/fr\/wp-json\/wp\/v2\/comments?post=525653"}],"version-history":[{"count":0,"href":"https:\/\/www.europesays.com\/fr\/wp-json\/wp\/v2\/posts\/525653\/revisions"}],"wp:featuredmedia":[{"embeddable":true,"href":"https:\/\/www.europesays.com\/fr\/wp-json\/wp\/v2\/media\/525654"}],"wp:attachment":[{"href":"https:\/\/www.europesays.com\/fr\/wp-json\/wp\/v2\/media?parent=525653"}],"wp:term":[{"taxonomy":"category","embeddable":true,"href":"https:\/\/www.europesays.com\/fr\/wp-json\/wp\/v2\/categories?post=525653"},{"taxonomy":"post_tag","embeddable":true,"href":"https:\/\/www.europesays.com\/fr\/wp-json\/wp\/v2\/tags?post=525653"}],"curies":[{"name":"wp","href":"https:\/\/api.w.org\/{rel}","templated":true}]}}