{"id":525657,"date":"2025-11-10T20:34:14","date_gmt":"2025-11-10T20:34:14","guid":{"rendered":"https:\/\/www.europesays.com\/fr\/525657\/"},"modified":"2025-11-10T20:34:14","modified_gmt":"2025-11-10T20:34:14","slug":"les-supporters-grenoblois-tirent-la-sonnette-dalarme-france-grenoble","status":"publish","type":"post","link":"https:\/\/www.europesays.com\/fr\/525657\/","title":{"rendered":"Les supporters grenoblois tirent la sonnette d\u2019alarme &#8211; France &#8211; Grenoble"},"content":{"rendered":"<p>La montagne \u00e0 gravir est haute, tr\u00e8s haute.<\/p>\n<p>Gr\u00e2ce \u00e0 deux victoires de rang, Grenoble s\u2019est replac\u00e9 \u00e0 la dixi\u00e8me place de Ligue 2. Un rang au c\u0153ur du ventre mou qui ne change pas vraiment de ces derni\u00e8res ann\u00e9es. Mais les supporters ont en marre et ont d\u00e9cid\u00e9 de se faire entendre. Le groupe de la Tribune Ouest a fait savoir qu\u2019il allait organiser <strong>une conf\u00e9rence de presse, mercredi, pour mettre les points sur les i<\/strong>.<\/p>\n<p>Trading et infrastructures \u00ab\u00a0indignes\u00a0\u00bb<\/p>\n<p>Depuis plusieurs semaines, les supporters is\u00e9rois pestent \u00e0 propos de la gestion du pr\u00e9sident St\u00e9phane Rosnoblet. Selon eux, cela fait d\u00e9j\u00e0 trois ans que \u00ab\u00a0<strong>la situation n\u2019a eu de cesse de s\u2019empirer<\/strong>, tant sur le plan sportif que structurel\u00a0\u00bb.<\/p>\n<p>Sur le premier point, ils critiquent vivement \u00ab\u00a0la politique de recrutement bas\u00e9e sur le trading de jeunes joueurs inexp\u00e9riment\u00e9s et un salary cap trop limit\u00e9\u00a0\u00bb, ainsi que des <strong>infrastructures \u00ab\u00a0indignes d\u2019un club de Ligue 2\u00a0\u00bb<\/strong>. Quant aux probl\u00e8mes structurels, les membres de la Tribune Ouest pointent plus globalement un s\u00e9rieux manque de moyens et de personnel. Ils demandent \u00e9galement un meilleur ancrage territorial pour am\u00e9liorer l\u2019image du club.<\/p>\n<p>Pour le moment, elle est s\u00e9rieusement \u00e9corn\u00e9e.<\/p>\n<p>\t\t\t\t\t\t\t\t\t\t<a class=\"lien-connexe\" href=\"https:\/\/www.sofoot.com\/breves\/ligue-2-dunkerque-et-grenoble-font-chuter-reims-et-amiens\" rel=\"nofollow noopener\" target=\"_blank\">Ligue 2\u202f: Dunkerque et Grenoble font chuter Reims et Amiens<\/a>\t\t\t\t\t<\/p>\n","protected":false},"excerpt":{"rendered":"La montagne \u00e0 gravir est haute, tr\u00e8s haute. Gr\u00e2ce \u00e0 deux victoires de rang, Grenoble s\u2019est replac\u00e9 \u00e0&hellip;\n","protected":false},"author":2,"featured_media":525658,"comment_status":"","ping_status":"","sticky":false,"template":"","format":"standard","meta":{"footnotes":""},"categories":[9566],"tags":[1111,47,11,61,2430,69,65,64,1777,674,63,1011,27,2731,68,66,12,62,70,25,67],"class_list":{"0":"post-525657","1":"post","2":"type-post","3":"status-publish","4":"format-standard","5":"has-post-thumbnail","7":"category-grenoble","8":"tag-actu","9":"tag-actualite","10":"tag-actualites","11":"tag-actus-football","12":"tag-auvergne-rhone-alpes","13":"tag-bundesliga","14":"tag-championnats-europeens","15":"tag-equipe-de-france","16":"tag-eu","17":"tag-europe","18":"tag-football","19":"tag-fr","20":"tag-france","21":"tag-grenoble","22":"tag-ligua","23":"tag-ligue-1","24":"tag-news","25":"tag-news-foot","26":"tag-premier-league","27":"tag-republique-francaise","28":"tag-serie-a"},"share_on_mastodon":{"url":"https:\/\/pubeurope.com\/@fr\/115527317375462442","error":""},"_links":{"self":[{"href":"https:\/\/www.europesays.com\/fr\/wp-json\/wp\/v2\/posts\/525657","targetHints":{"allow":["GET"]}}],"collection":[{"href":"https:\/\/www.europesays.com\/fr\/wp-json\/wp\/v2\/posts"}],"about":[{"href":"https:\/\/www.europesays.com\/fr\/wp-json\/wp\/v2\/types\/post"}],"author":[{"embeddable":true,"href":"https:\/\/www.europesays.com\/fr\/wp-json\/wp\/v2\/users\/2"}],"replies":[{"embeddable":true,"href":"https:\/\/www.europesays.com\/fr\/wp-json\/wp\/v2\/comments?post=525657"}],"version-history":[{"count":0,"href":"https:\/\/www.europesays.com\/fr\/wp-json\/wp\/v2\/posts\/525657\/revisions"}],"wp:featuredmedia":[{"embeddable":true,"href":"https:\/\/www.europesays.com\/fr\/wp-json\/wp\/v2\/media\/525658"}],"wp:attachment":[{"href":"https:\/\/www.europesays.com\/fr\/wp-json\/wp\/v2\/media?parent=525657"}],"wp:term":[{"taxonomy":"category","embeddable":true,"href":"https:\/\/www.europesays.com\/fr\/wp-json\/wp\/v2\/categories?post=525657"},{"taxonomy":"post_tag","embeddable":true,"href":"https:\/\/www.europesays.com\/fr\/wp-json\/wp\/v2\/tags?post=525657"}],"curies":[{"name":"wp","href":"https:\/\/api.w.org\/{rel}","templated":true}]}}