{"id":525659,"date":"2025-11-10T20:35:15","date_gmt":"2025-11-10T20:35:15","guid":{"rendered":"https:\/\/www.europesays.com\/fr\/525659\/"},"modified":"2025-11-10T20:35:15","modified_gmt":"2025-11-10T20:35:15","slug":"en-ille-et-vilaine-ces-benevoles-utilisent-un-velo-cargo-pour-accompagner-les-enfants-a","status":"publish","type":"post","link":"https:\/\/www.europesays.com\/fr\/525659\/","title":{"rendered":"En Ille-et-Vilaine, ces b\u00e9n\u00e9voles utilisent un v\u00e9lo-cargo pour accompagner les enfants \u00e0"},"content":{"rendered":"<p>\u00c0 <a href=\"https:\/\/saint-malo.maville.com\/bretagne\/ille-et-vilaine\/pleurtuit\/\" rel=\"nofollow noopener\" target=\"_blank\">Pleurtuit<\/a> (<a href=\"https:\/\/www.ouest-france.fr\/bretagne\/ille-et-vilaine\/\" rel=\"nofollow noopener\" target=\"_blank\">Ille-et-Vilaine<\/a>), <a href=\"https:\/\/saint-malo.maville.com\/actu\/actudet_-la-pepiniere-des-unis-vers-a-repris-pour-la-7e-annee-les-circuits-de-velo-bus-vers-les-ecoles-_7-6975006_actu.Htm\" target=\"_blank\" rel=\"nofollow noopener\">le service\u00a0de ramassage scolaire se fait aussi \u00e0 v\u00e9lo<\/a>.\u00a0L\u2019initiative du conseil municipal des jeunes a \u00e9merg\u00e9 en 2018. Et avec le soutien de <a href=\"https:\/\/saint-malo.maville.com\/actu\/actudet_-a-pleurtuit-la-pepiniere-des-unis-vers-veut-porter-un-projet-de-territoire-_7-5208622_actu.Htm\" target=\"_blank\" rel=\"nofollow noopener\">l\u2019association La P\u00e9pini\u00e8re des Unis Vers<\/a>, deux lignes fonctionnent quotidiennement\u00a0: la ligne 1\u00a0part de Cl\u00e9ment Ader et rejoint l\u2019\u00e9cole publique par la voie verte. La ligne 2\u00a0d\u00e9marre Impasse des Venelles, direction l\u2019\u00e9cole priv\u00e9e Saint-Pierre.<\/p>\n<p>\u00ab\u00a0On y croyait\u00a0!\u00a0\u00bb<\/p>\n<p>Sur place, les enfants sont accompagn\u00e9s par plusieurs b\u00e9n\u00e9voles, \u00e0 v\u00e9lo \u00e9galement, sur un circuit d\u00e9fini.\u00a0Parmi les accompagnateurs assidus, matin et soir, le v\u00e9lo-bus peut compter sur Jean Moigne, le pr\u00e9sident du cyclo-club. <strong>\u00ab\u00a0Si nous n\u2019allons pas vers les jeunes, les jeunes ne viendront pas \u00e0 nous\u00a0\u00bb<\/strong> <strong>, <\/strong>indique-t-il.<\/p>\n<p>Sur place, on ressent une belle solidarit\u00e9 avec les enfants et entre les accompagnateurs. Tous sont impliqu\u00e9s.\u00a0Nathalie Garrec, \u00e0 l\u2019origine du projet avec quelques parents, \u00e9mue, refait le parcours. <strong>\u00ab\u00a0Cette ann\u00e9e, vingt\u00a0enfants sont inscrits et une dizaine de parents, grands-parents, adolescents les accompagnent pour un trajet \u00e0 v\u00e9lo de 3\u00a0km, soit 24\u00a0km par semaine en moyenne, et ce toute l\u2019ann\u00e9e. Pourtant, au d\u00e9part, nous n\u2019\u00e9tions pas nombreux. Mais on y croyait\u00a0!\u00a0\u00bb<\/strong><\/p>\n<p>Ce mode de transport allie activit\u00e9 physique, convivialit\u00e9, \u00e9cologie, lien social, p\u00e9dagogie et entraide. Depuis trois\u00a0ans maintenant, tous les vendredis soir vers 17\u00a0h, le v\u00e9lo-bus propose un go\u00fbter lors d\u2019une halte \u00e0 la m\u00e9diath\u00e8que, moment \u00e9galement durant lequel les enfants prennent ou red\u00e9posent leurs documents.<\/p>\n<p><strong>Lire aussi\u00a0: <\/strong> <a href=\"https:\/\/dinan.maville.com\/actu\/actudet_-ligne-de-bus-entre-le-minihic-sur-rance-et-dinard-l-experience-fonctionne-assurent-les-elus-_5-6994050_actu.Htm\" target=\"_blank\" rel=\"nofollow noopener\">Ligne de bus entre Le Minihic-sur-Rance et Dinard\u00a0: \u00ab\u00a0L\u2019exp\u00e9rience fonctionne\u00a0\u00bb, assurent les \u00e9lus<\/a><\/p>\n<p>La parade de No\u00ebl en pr\u00e9paration<\/p>\n<p>Pour aller plus loin, le collectif a achet\u00e9 un v\u00e9lo-cargo cet automne 2025. L\u2019acquisition a \u00e9t\u00e9 financ\u00e9e par les actions et manifestations de l\u2019association La P\u00e9pini\u00e8re des Unis Vers comme l\u2019exposition des Hyperobjets.<\/p>\n<p><strong>\u00ab\u00a0Nous avons d\u00e9pos\u00e9 \u00e0 chaque action une bo\u00eete \u00e0 don qui a bien \u00e9t\u00e9 remplie.<\/strong> <strong>\u00a0Une subvention \u00e0 hauteur de 40\u00a0% a \u00e9t\u00e9 attribu\u00e9e par le D\u00e9partement. La communaut\u00e9 de communes de la C\u00f4te d\u2019\u00c9meraude, laur\u00e9ate de l\u2019appel \u00e0 projet \u201cMobilisons les Bretonnes et les Bretons sur les transitions\u201d, a abond\u00e9 l\u2019achat du v\u00e9lo-cargo<\/strong>, pr\u00e9cise le collectif.<strong>\u00a0Le marchand de cycle a \u00e9galement fait un geste.\u00a0\u00bb<\/strong><\/p>\n<p>La belle aventure se poursuit. Et les b\u00e9n\u00e9voles et les enfants pr\u00e9parent une nouvelle action\u00a0: la parade de No\u00ebl. Celle-ci aura lieu avant les vacances, vendredi 19\u00a0d\u00e9cembre 2025, avec un tour dans la commune. Une nouvelle occasion de promouvoir l\u2019initiative du v\u00e9lo-bus.<\/p>\n<p>\u00a0<\/p>\n","protected":false},"excerpt":{"rendered":"\u00c0 Pleurtuit (Ille-et-Vilaine), le service\u00a0de ramassage scolaire se fait aussi \u00e0 v\u00e9lo.\u00a0L\u2019initiative du conseil municipal des jeunes a&hellip;\n","protected":false},"author":2,"featured_media":525660,"comment_status":"","ping_status":"","sticky":false,"template":"","format":"standard","meta":{"footnotes":""},"categories":[2821],"tags":[12249,1111,11,15089,829,1122,1719,1777,674,1011,27,848,12,584,25,64530,27605],"class_list":{"0":"post-525659","1":"post","2":"type-post","3":"status-publish","4":"format-standard","5":"has-post-thumbnail","7":"category-rennes","8":"tag-accompagner","9":"tag-actu","10":"tag-actualites","11":"tag-benevoles","12":"tag-bretagne","13":"tag-ecole","14":"tag-enfants","15":"tag-eu","16":"tag-europe","17":"tag-fr","18":"tag-france","19":"tag-ille-et-vilaine","20":"tag-news","21":"tag-rennes","22":"tag-republique-francaise","23":"tag-utilisent","24":"tag-velo-cargo"},"share_on_mastodon":{"url":"https:\/\/pubeurope.com\/@fr\/115527321120856900","error":""},"_links":{"self":[{"href":"https:\/\/www.europesays.com\/fr\/wp-json\/wp\/v2\/posts\/525659","targetHints":{"allow":["GET"]}}],"collection":[{"href":"https:\/\/www.europesays.com\/fr\/wp-json\/wp\/v2\/posts"}],"about":[{"href":"https:\/\/www.europesays.com\/fr\/wp-json\/wp\/v2\/types\/post"}],"author":[{"embeddable":true,"href":"https:\/\/www.europesays.com\/fr\/wp-json\/wp\/v2\/users\/2"}],"replies":[{"embeddable":true,"href":"https:\/\/www.europesays.com\/fr\/wp-json\/wp\/v2\/comments?post=525659"}],"version-history":[{"count":0,"href":"https:\/\/www.europesays.com\/fr\/wp-json\/wp\/v2\/posts\/525659\/revisions"}],"wp:featuredmedia":[{"embeddable":true,"href":"https:\/\/www.europesays.com\/fr\/wp-json\/wp\/v2\/media\/525660"}],"wp:attachment":[{"href":"https:\/\/www.europesays.com\/fr\/wp-json\/wp\/v2\/media?parent=525659"}],"wp:term":[{"taxonomy":"category","embeddable":true,"href":"https:\/\/www.europesays.com\/fr\/wp-json\/wp\/v2\/categories?post=525659"},{"taxonomy":"post_tag","embeddable":true,"href":"https:\/\/www.europesays.com\/fr\/wp-json\/wp\/v2\/tags?post=525659"}],"curies":[{"name":"wp","href":"https:\/\/api.w.org\/{rel}","templated":true}]}}