{"id":525663,"date":"2025-11-10T20:37:18","date_gmt":"2025-11-10T20:37:18","guid":{"rendered":"https:\/\/www.europesays.com\/fr\/525663\/"},"modified":"2025-11-10T20:37:18","modified_gmt":"2025-11-10T20:37:18","slug":"vite-dit-lutte-contre-le-frelon-asiatique-maurer-appelle-barseghian-a-plus-de-reactivite","status":"publish","type":"post","link":"https:\/\/www.europesays.com\/fr\/525663\/","title":{"rendered":"Vite dit. Lutte contre le frelon asiatique : Maurer appelle Barseghian \u00e0 plus de r\u00e9activit\u00e9"},"content":{"rendered":"<p>Jean-Philippe Maurer, vice-pr\u00e9sident de la CEA et conseiller municipal de Strasbourg et de l\u2019Eurom\u00e9tropole, a adress\u00e9 un courrier \u00e0 Jeanne Barseghian afin de d\u00e9plorer l\u2019absence de r\u00e9activit\u00e9 de la Ville de Strasbourg face \u00e0 <a href=\"https:\/\/www.dna.fr\/environnement\/2025\/08\/09\/un-appel-sur-trois-c-est-pour-du-frelon-asiatique-les-professionnels-inquiets\" target=\"_blank\" rel=\"noopener\">la multiplication des nids de frelons asiatiques<\/a> sur le domaine public. Et de faire remarquer que \u00ab\u00a0le frelon asiatique repr\u00e9sente une grave menace pour les abeilles et la biodiversit\u00e9 pollinisatrice mais pas seulement.\u00a0\u00bb<\/p>\n<p>Dans sa lettre, il appelle Jeanne Barseghian \u00ab\u00a0\u00e0 revoir sa position et \u00e0 adopter une strat\u00e9gie \u00e0 la hauteur des enjeux en mati\u00e8re de lutte contre les frelons asiatiques.\u00a0\u00bb<\/p>\n<p class=\"insetTitle\">Chantal Cutajar refuse l\u2019\u00e9cologie \u00ab punitive et technocratique \u00bb<\/p>\n<p><a href=\"https:\/\/www.dna.fr\/environnement\/2025\/11\/10\/la-cop30-s-ouvre-au-bresil-peut-on-encore-renverser-la-vapeur-climatique\" target=\"_blank\" rel=\"noopener\">\u00c0 l\u2019ouverture de la COP30 \u00e0 Bel\u00e9m<\/a>, au c\u0153ur de l\u2019Amazonie, Chantal Cutajar, pr\u00e9sidente de CAP 21-LRC Strasbourg, souligne que la lutte pour le climat se joue \u00e0 toutes les \u00e9chelles. Des effets du d\u00e9r\u00e8glement global tels que la hausse des temp\u00e9ratures du Rhin rappellent que Strasbourg n\u2019est pas \u00e9pargn\u00e9e.<\/p>\n<p>Le mouvement rejette une \u00e9cologie \u00ab\u00a0punitive et technocratique\u00a0\u00bb et pr\u00f4ne une approche d\u00e9mocratique conciliant environnement, \u00e9conomie locale et justice sociale. CAP 21 propose de \u00ab\u00a0prot\u00e9ger le vivant en ville\u00a0\u00bb, soutenir les acteurs du territoire, renforcer la participation citoyenne et promouvoir une gouvernance transparente. L\u2019objectif\u00a0: faire de Strasbourg un mod\u00e8le d\u2019\u00e9cologie \u00ab\u00a0sobre, participative et humaine\u00a0\u00bb.<\/p>\n<p>  La gare aux couleurs du Bleuet de France<\/p>\n<p>\u00c0 Strasbourg, la gare se mobilise pour le centenaire du Bleuet de France en partenariat avec la SNCF. Les 13 et 14\u00a0novembre, un stand solidaire y accueillera voyageurs et citoyens pour collecter des dons au profit des anciens combattants, des bless\u00e9s, des pupilles de la Nation et des victimes d\u2019attentats.<\/p>\n<p>Cette initiative s\u2019inscrit dans le cadre national du partenariat renouvel\u00e9 entre la SNCF et le Bleuet de France, \u00e0 l\u2019occasion des comm\u00e9morations du 11\u00a0novembre et des dix ans des attentats de Paris.<\/p>\n<p>La gare de Strasbourg, lieu de passage et de m\u00e9moire, participera ainsi \u00e0 cette op\u00e9ration de solidarit\u00e9 et de transmission port\u00e9e par des b\u00e9n\u00e9voles et associations locales.<\/p>\n","protected":false},"excerpt":{"rendered":"Jean-Philippe Maurer, vice-pr\u00e9sident de la CEA et conseiller municipal de Strasbourg et de l\u2019Eurom\u00e9tropole, a adress\u00e9 un courrier&hellip;\n","protected":false},"author":2,"featured_media":525664,"comment_status":"","ping_status":"","sticky":false,"template":"","format":"standard","meta":{"footnotes":""},"categories":[2820],"tags":[1111,11,1984,2880,1777,674,107,1011,27,775,12,316,25,640,2879],"class_list":{"0":"post-525663","1":"post","2":"type-post","3":"status-publish","4":"format-standard","5":"has-post-thumbnail","7":"category-strasbourg","8":"tag-actu","9":"tag-actualites","10":"tag-conseil-municipal","11":"tag-edition-strasbourg","12":"tag-eu","13":"tag-europe","14":"tag-fil-info","15":"tag-fr","16":"tag-france","17":"tag-grand-est","18":"tag-news","19":"tag-politique","20":"tag-republique-francaise","21":"tag-strasbourg","22":"tag-strasbourg-ville"},"share_on_mastodon":{"url":"https:\/\/pubeurope.com\/@fr\/115527328950582975","error":""},"_links":{"self":[{"href":"https:\/\/www.europesays.com\/fr\/wp-json\/wp\/v2\/posts\/525663","targetHints":{"allow":["GET"]}}],"collection":[{"href":"https:\/\/www.europesays.com\/fr\/wp-json\/wp\/v2\/posts"}],"about":[{"href":"https:\/\/www.europesays.com\/fr\/wp-json\/wp\/v2\/types\/post"}],"author":[{"embeddable":true,"href":"https:\/\/www.europesays.com\/fr\/wp-json\/wp\/v2\/users\/2"}],"replies":[{"embeddable":true,"href":"https:\/\/www.europesays.com\/fr\/wp-json\/wp\/v2\/comments?post=525663"}],"version-history":[{"count":0,"href":"https:\/\/www.europesays.com\/fr\/wp-json\/wp\/v2\/posts\/525663\/revisions"}],"wp:featuredmedia":[{"embeddable":true,"href":"https:\/\/www.europesays.com\/fr\/wp-json\/wp\/v2\/media\/525664"}],"wp:attachment":[{"href":"https:\/\/www.europesays.com\/fr\/wp-json\/wp\/v2\/media?parent=525663"}],"wp:term":[{"taxonomy":"category","embeddable":true,"href":"https:\/\/www.europesays.com\/fr\/wp-json\/wp\/v2\/categories?post=525663"},{"taxonomy":"post_tag","embeddable":true,"href":"https:\/\/www.europesays.com\/fr\/wp-json\/wp\/v2\/tags?post=525663"}],"curies":[{"name":"wp","href":"https:\/\/api.w.org\/{rel}","templated":true}]}}