{"id":525665,"date":"2025-11-10T20:38:13","date_gmt":"2025-11-10T20:38:13","guid":{"rendered":"https:\/\/www.europesays.com\/fr\/525665\/"},"modified":"2025-11-10T20:38:13","modified_gmt":"2025-11-10T20:38:13","slug":"ligue-1-la-defense-du-racing-club-de-strasbourg-cest-costaud-a-la-meinau","status":"publish","type":"post","link":"https:\/\/www.europesays.com\/fr\/525665\/","title":{"rendered":"Ligue 1. La d\u00e9fense du Racing Club de Strasbourg, c&rsquo;est costaud \u00e0 la Meinau !"},"content":{"rendered":"<p>Il s\u2019en d\u00e9fendra sans doute d\u2019y attacher une r\u00e9elle importance, mais depuis son arriv\u00e9e sur les bords du Krimmeri, Liam Rosenior coche r\u00e9guli\u00e8rement des lignes statistiques marquantes dans l\u2019histoire du Racing.<\/p>\n<p>Par exemple, apr\u00e8s le succ\u00e8s \u00e0 Jean-Bouin sur la pelouse du promu parisien du PFC, les Bleus comptaient d\u00e9j\u00e0 12 points apr\u00e8s cinq journ\u00e9es. Le troisi\u00e8me meilleur d\u00e9but du club au plus haut niveau, derri\u00e8re ceux de 1946\/47 (15) et 1934\/35 (11), mais devant celui&#8230;<\/p>\n","protected":false},"excerpt":{"rendered":"Il s\u2019en d\u00e9fendra sans doute d\u2019y attacher une r\u00e9elle importance, mais depuis son arriv\u00e9e sur les bords du&hellip;\n","protected":false},"author":2,"featured_media":525666,"comment_status":"","ping_status":"","sticky":false,"template":"","format":"standard","meta":{"footnotes":""},"categories":[2820],"tags":[1111,11,2389,2649,2880,1777,674,107,63,1011,27,329,775,12,41281,25,517,640,2879],"class_list":{"0":"post-525665","1":"post","2":"type-post","3":"status-publish","4":"format-standard","5":"has-post-thumbnail","7":"category-strasbourg","8":"tag-actu","9":"tag-actualites","10":"tag-alsace","11":"tag-bas-rhin","12":"tag-edition-strasbourg","13":"tag-eu","14":"tag-europe","15":"tag-fil-info","16":"tag-football","17":"tag-fr","18":"tag-france","19":"tag-france-monde","20":"tag-grand-est","21":"tag-news","22":"tag-racing-club-strasbourg-masculin","23":"tag-republique-francaise","24":"tag-sport","25":"tag-strasbourg","26":"tag-strasbourg-ville"},"share_on_mastodon":{"url":"https:\/\/pubeurope.com\/@fr\/115527332924244071","error":""},"_links":{"self":[{"href":"https:\/\/www.europesays.com\/fr\/wp-json\/wp\/v2\/posts\/525665","targetHints":{"allow":["GET"]}}],"collection":[{"href":"https:\/\/www.europesays.com\/fr\/wp-json\/wp\/v2\/posts"}],"about":[{"href":"https:\/\/www.europesays.com\/fr\/wp-json\/wp\/v2\/types\/post"}],"author":[{"embeddable":true,"href":"https:\/\/www.europesays.com\/fr\/wp-json\/wp\/v2\/users\/2"}],"replies":[{"embeddable":true,"href":"https:\/\/www.europesays.com\/fr\/wp-json\/wp\/v2\/comments?post=525665"}],"version-history":[{"count":0,"href":"https:\/\/www.europesays.com\/fr\/wp-json\/wp\/v2\/posts\/525665\/revisions"}],"wp:featuredmedia":[{"embeddable":true,"href":"https:\/\/www.europesays.com\/fr\/wp-json\/wp\/v2\/media\/525666"}],"wp:attachment":[{"href":"https:\/\/www.europesays.com\/fr\/wp-json\/wp\/v2\/media?parent=525665"}],"wp:term":[{"taxonomy":"category","embeddable":true,"href":"https:\/\/www.europesays.com\/fr\/wp-json\/wp\/v2\/categories?post=525665"},{"taxonomy":"post_tag","embeddable":true,"href":"https:\/\/www.europesays.com\/fr\/wp-json\/wp\/v2\/tags?post=525665"}],"curies":[{"name":"wp","href":"https:\/\/api.w.org\/{rel}","templated":true}]}}