{"id":52567,"date":"2025-04-25T20:03:09","date_gmt":"2025-04-25T20:03:09","guid":{"rendered":"https:\/\/www.europesays.com\/fr\/52567\/"},"modified":"2025-04-25T20:03:09","modified_gmt":"2025-04-25T20:03:09","slug":"les-souvenirs-de-violences-a-saint-louis-refont-surface","status":"publish","type":"post","link":"https:\/\/www.europesays.com\/fr\/52567\/","title":{"rendered":"les souvenirs de violences \u00e0 Saint-Louis refont surface"},"content":{"rendered":"<p>Les terribles mots de\u00a0Christian, 62 ans, interne dans les ann\u00e9es 1970 \u00e0 l&rsquo;institution libre\u00a0Saint-Louis\u00a0 (Lyon 1 er ), ont raviv\u00e9 de douloureux souvenirs chez des anciens \u00e9l\u00e8ves. \u00c9branl\u00e9 par\u00a0le scandale de B\u00e9tharram, Christian avait d\u00e9cid\u00e9 de briser le silence et de raconter pour la premi\u00e8re fois les viols r\u00e9p\u00e9t\u00e9s subis au sein de l\u2019internat. <a href=\"https:\/\/www.leprogres.fr\/faits-divers-justice\/2025\/03\/28\/le-dimanche-soir-le-pion-venait-en-chercher-un-dans-le-dortoir-interne-a-saint-louis-en-1973-il-denonce-des-viols-50-ans-apres\" target=\"_blank\" rel=\"nofollow noopener\">Son t\u00e9moignage publi\u00e9 dans <\/a><a href=\"https:\/\/www.leprogres.fr\/faits-divers-justice\/2025\/03\/28\/le-dimanche-soir-le-pion-venait-en-chercher-un-dans-le-dortoir-interne-a-saint-louis-en-1973-il-denonce-des-viols-50-ans-apres\" target=\"_blank\" rel=\"nofollow noopener\">Le Progr\u00e8s<\/a> a pouss\u00e9 Yves, Michel (1) et Eric \u00e0 parler eux aussi.<\/p>\n<p>\u00ab\u00a0Ce fr\u00e8re, c\u2019\u00e9tait un sadique\u00a0\u00bb<\/p>\n<p>Michel, Lyonnais de 67 ans, enseignant retrait\u00e9, a pass\u00e9 sept ans au sein de l\u2019institution de la Croix-Rousse et garde une vive rancune contre \u00ab\u00a0les religieux\u00a0\u00bb. Demi-pensionnaire, il n\u2019a pas \u00e9t\u00e9 victime d\u2019abus sexuels, mais de s\u00e9v\u00e8res corrections. Il se souvient notamment d\u2019un surveillant, le fr\u00e8re M. \u00ab\u00a0qui \u00e9tait craint comme la peste\u00a0\u00bb\u00a0: \u00ab\u00a0Il prenait un malin plaisir \u00e0 nous prendre les cheveux au niveau de la tempe et \u00e0 nous bringuebaler de gauche \u00e0 droite. C\u2019\u00e9tait un sadique\u00a0\u00bb. Il cite \u00e9galement les longues stations \u00e0&#8230;<\/p>\n","protected":false},"excerpt":{"rendered":"Les terribles mots de\u00a0Christian, 62 ans, interne dans les ann\u00e9es 1970 \u00e0 l&rsquo;institution libre\u00a0Saint-Louis\u00a0 (Lyon 1 er ),&hellip;\n","protected":false},"author":2,"featured_media":52568,"comment_status":"","ping_status":"","sticky":false,"template":"","format":"standard","meta":{"footnotes":""},"categories":[1889],"tags":[1111,11,2738,2430,271,272,2757,1777,674,274,107,1011,27,2428,2756,12,25,2429],"class_list":{"0":"post-52567","1":"post","2":"type-post","3":"status-publish","4":"format-standard","5":"has-post-thumbnail","7":"category-lyon","8":"tag-actu","9":"tag-actualites","10":"tag-ain","11":"tag-auvergne-rhone-alpes","12":"tag-crime","13":"tag-delit-et-contravention","14":"tag-edition-lyon-villeurbanne","15":"tag-eu","16":"tag-europe","17":"tag-faits-divers-justice","18":"tag-fil-info","19":"tag-fr","20":"tag-france","21":"tag-lyon","22":"tag-lyon-bassin","23":"tag-news","24":"tag-republique-francaise","25":"tag-rhone"},"share_on_mastodon":{"url":"https:\/\/pubeurope.com\/@fr\/114400395521873368","error":""},"_links":{"self":[{"href":"https:\/\/www.europesays.com\/fr\/wp-json\/wp\/v2\/posts\/52567","targetHints":{"allow":["GET"]}}],"collection":[{"href":"https:\/\/www.europesays.com\/fr\/wp-json\/wp\/v2\/posts"}],"about":[{"href":"https:\/\/www.europesays.com\/fr\/wp-json\/wp\/v2\/types\/post"}],"author":[{"embeddable":true,"href":"https:\/\/www.europesays.com\/fr\/wp-json\/wp\/v2\/users\/2"}],"replies":[{"embeddable":true,"href":"https:\/\/www.europesays.com\/fr\/wp-json\/wp\/v2\/comments?post=52567"}],"version-history":[{"count":0,"href":"https:\/\/www.europesays.com\/fr\/wp-json\/wp\/v2\/posts\/52567\/revisions"}],"wp:featuredmedia":[{"embeddable":true,"href":"https:\/\/www.europesays.com\/fr\/wp-json\/wp\/v2\/media\/52568"}],"wp:attachment":[{"href":"https:\/\/www.europesays.com\/fr\/wp-json\/wp\/v2\/media?parent=52567"}],"wp:term":[{"taxonomy":"category","embeddable":true,"href":"https:\/\/www.europesays.com\/fr\/wp-json\/wp\/v2\/categories?post=52567"},{"taxonomy":"post_tag","embeddable":true,"href":"https:\/\/www.europesays.com\/fr\/wp-json\/wp\/v2\/tags?post=52567"}],"curies":[{"name":"wp","href":"https:\/\/api.w.org\/{rel}","templated":true}]}}