{"id":525671,"date":"2025-11-10T20:41:16","date_gmt":"2025-11-10T20:41:16","guid":{"rendered":"https:\/\/www.europesays.com\/fr\/525671\/"},"modified":"2025-11-10T20:41:16","modified_gmt":"2025-11-10T20:41:16","slug":"plan-social-darcelormittal-une-misere-pour-les-salaries-denonce-la-cgt-a-nantes","status":"publish","type":"post","link":"https:\/\/www.europesays.com\/fr\/525671\/","title":{"rendered":"Plan social d\u2019ArcelorMittal\u00a0: \u00ab\u00a0Une mis\u00e8re pour les salari\u00e9s\u00a0\u00bb, d\u00e9nonce la CGT \u00e0 Nantes"},"content":{"rendered":"<p>L\u2019avenir d\u2019ArelorMittal reste incertain en France. C\u2019est en substance, la conclusion du rapport d\u2019expertise du cabinet Secafi, demand\u00e9 par le comit\u00e9 social et \u00e9conomique. Le groupe m\u00e9tallurgique avait annonc\u00e9, au printemps, un vaste plan social. <strong>\u00ab\u00a0Les suppressions de postes ne permettront pas de r\u00e9soudre ses probl\u00e8mes de fond\u00a0\u00bb<\/strong>, a indiqu\u00e9 l\u2019agence AFP. Ce que conteste l\u2019industriel.<\/p>\n<p>\u00c0 Basse-Indre, pr\u00e8s de Nantes (Loire-Atlantique), 74\u00a0personnes sur 340\u00a0sont menac\u00e9es de licenciement, dans cette usine o\u00f9 l\u2019on produit des bobines d\u2019acier destin\u00e9es aux bo\u00eetes de conserve. Le r\u00e9gime sec passera aussi par la suppression d\u2019une ligne. <a href=\"https:\/\/nantes.maville.com\/actu\/actudet_-manifestation-devant-arcelor-mittal-sans-investissement-basse-indre-ferme-dans-six-mois-_8-7003596_actu.Htm?utm_source=troove&amp;utm_medium=site\" target=\"_self\" rel=\"nofollow noopener\"> <strong>\u00ab\u00a0Mais s\u2019il n\u2019y a pas un investissement de cinquante\u00a0millions \u00e0 court terme, ici, pour fabriquer un produit plus moderne, on va vers la fermeture pure et simple\u00a0\u00bb,<\/strong> rapportaient FO et la CGT, qui s\u2019\u00e9taient mobilis\u00e9s d\u00e9but octobre.<\/a><\/p>\n<p>Ce lundi 10\u00a0novembre, dans un communiqu\u00e9, la CGT s\u2019interroge m\u00eame sur la l\u00e9gitimit\u00e9 de ce plan. Les derniers r\u00e9sultats d\u2019ArcelorMittal sont plut\u00f4t corrects, avec un b\u00e9n\u00e9fice de 1,3\u00a0milliard au troisi\u00e8me trimestre, l\u00e9g\u00e8rement sup\u00e9rieur aux attentes\u00a0; mais il reste en recul par rapport au trimestre pr\u00e9c\u00e9dent.<\/p>\n<p>\u00ab\u00a0Des milliards pour les actionnaires\u00a0\u00bb<\/p>\n<p>Si la CGT continue de s\u2019opposer \u00e0 ce plan social, elle d\u00e9nonce aussi les mesures d\u2019accompagnement propos\u00e9es aux salari\u00e9s\u00a0:<strong> \u00ab\u00a0Plus de 50\u00a0% ont plus de 50\u00a0ans et la direction n\u2019accorde qu\u2019un cong\u00e9 de reclassement de dix-huit\u00a0mois.\u00a0\u00bb<\/strong> Et le syndicat de citer plusieurs mesures qu\u2019il estime insuffisantes par rapport aux pratiques des grands groupes.<\/p>\n<p><strong>\u00ab\u00a0Il y a des milliards pour les actionnaires et la mis\u00e8re pour les salari\u00e9s\u00a0\u00bb, <\/strong>tonne le syndicat. Dans leur rapport, les experts ont relev\u00e9 que le sid\u00e9rurgiste avait fait le choix de privil\u00e9gier la distribution de liquidit\u00e9s aux actionnaires, au d\u00e9triment de l\u2019investissement.<\/p>\n<p>La CGT alerte aussi sur les d\u00e9gradations des conditions de travail et les risques professionnels que g\u00e9n\u00e8re ce plan social. De nouvelles mobilisations sont pr\u00e9vues fin novembre.<\/p>\n<p>\u00a0<\/p>\n","protected":false},"excerpt":{"rendered":"L\u2019avenir d\u2019ArelorMittal reste incertain en France. C\u2019est en substance, la conclusion du rapport d\u2019expertise du cabinet Secafi, demand\u00e9&hellip;\n","protected":false},"author":2,"featured_media":525672,"comment_status":"","ping_status":"","sticky":false,"template":"","format":"standard","meta":{"footnotes":""},"categories":[2818],"tags":[1111,11,13620,1271,7891,1777,674,1011,27,64531,766,12,2636,5355,25,7264,801],"class_list":{"0":"post-525671","1":"post","2":"type-post","3":"status-publish","4":"format-standard","5":"has-post-thumbnail","7":"category-nantes","8":"tag-actu","9":"tag-actualites","10":"tag-arcelormittal","11":"tag-cgt","12":"tag-denonce","13":"tag-eu","14":"tag-europe","15":"tag-fr","16":"tag-france","17":"tag-misere","18":"tag-nantes","19":"tag-news","20":"tag-pays-de-la-loire","21":"tag-plan","22":"tag-republique-francaise","23":"tag-salaries","24":"tag-social"},"share_on_mastodon":{"url":"https:\/\/pubeurope.com\/@fr\/115527344753944950","error":""},"_links":{"self":[{"href":"https:\/\/www.europesays.com\/fr\/wp-json\/wp\/v2\/posts\/525671","targetHints":{"allow":["GET"]}}],"collection":[{"href":"https:\/\/www.europesays.com\/fr\/wp-json\/wp\/v2\/posts"}],"about":[{"href":"https:\/\/www.europesays.com\/fr\/wp-json\/wp\/v2\/types\/post"}],"author":[{"embeddable":true,"href":"https:\/\/www.europesays.com\/fr\/wp-json\/wp\/v2\/users\/2"}],"replies":[{"embeddable":true,"href":"https:\/\/www.europesays.com\/fr\/wp-json\/wp\/v2\/comments?post=525671"}],"version-history":[{"count":0,"href":"https:\/\/www.europesays.com\/fr\/wp-json\/wp\/v2\/posts\/525671\/revisions"}],"wp:featuredmedia":[{"embeddable":true,"href":"https:\/\/www.europesays.com\/fr\/wp-json\/wp\/v2\/media\/525672"}],"wp:attachment":[{"href":"https:\/\/www.europesays.com\/fr\/wp-json\/wp\/v2\/media?parent=525671"}],"wp:term":[{"taxonomy":"category","embeddable":true,"href":"https:\/\/www.europesays.com\/fr\/wp-json\/wp\/v2\/categories?post=525671"},{"taxonomy":"post_tag","embeddable":true,"href":"https:\/\/www.europesays.com\/fr\/wp-json\/wp\/v2\/tags?post=525671"}],"curies":[{"name":"wp","href":"https:\/\/api.w.org\/{rel}","templated":true}]}}