{"id":525681,"date":"2025-11-10T20:46:14","date_gmt":"2025-11-10T20:46:14","guid":{"rendered":"https:\/\/www.europesays.com\/fr\/525681\/"},"modified":"2025-11-10T20:46:14","modified_gmt":"2025-11-10T20:46:14","slug":"toutes-les-commemorations-organisees-a-toulouse-et-aux-alentours","status":"publish","type":"post","link":"https:\/\/www.europesays.com\/fr\/525681\/","title":{"rendered":"toutes les comm\u00e9morations organis\u00e9es \u00e0 Toulouse (et aux alentours)"},"content":{"rendered":"<p>Chaque ann\u00e9e, <a href=\"https:\/\/lopinion.com\/\" rel=\"noopener noreferrer nofollow\" target=\"_blank\"><strong>Toulouse<\/strong><\/a><strong> rend hommage aux combattants de la Premi\u00e8re Guerre mondiale<\/strong> <a href=\"https:\/\/lopinion.com\/articles\/actualite\/31060_fermeture-exceptionnelle-services-etat-lundi-10-novembre-2025\" rel=\"noopener noreferrer nofollow\" target=\"_blank\">\u00e0 l\u2019occasion de l\u2019Armistice du 11 novembre 1918<\/a>. <\/p>\n<p>Les diff\u00e9rentes c\u00e9r\u00e9monies organis\u00e9es se d\u00e9rouleront dans de nombreux quartiers de la ville, permettant \u00e0 chacun de participer pr\u00e8s de chez soi.<\/p>\n<p>C\u00e9r\u00e9monie principale au monument \u00e0 la gloire de la R\u00e9sistance<\/p>\n<p>La comm\u00e9moration officielle aura lieu<strong> le mardi 11 novembre \u00e0 11 heures<\/strong>, au Monument \u00e0 la gloire de la R\u00e9sistance situ\u00e9 sur <strong>les All\u00e9es Serge Ravanel et Fr\u00e9d\u00e9ric Mistral<\/strong>.<\/p>\n<p>Les habitants sont ainsi invit\u00e9s \u00e0 anticiper des perturbations importantes de circulation et de stationnement autour du site.<\/p>\n<p>La mairie de Toulouse informe effectivement, \u00e0 ce sujet, que \u00ab\u00a0les conditions de circulation et de stationnement seront fortement impact\u00e9es. Il est demand\u00e9 \u00e9galement une vigilance au niveau du stationnement des motos et des v\u00e9los. Les poubelles ne devront pas \u00eatre d\u00e9pos\u00e9es sur le trottoir\u00a0\u00bb.<\/p>\n<p>Calendrier des (autres) c\u00e9r\u00e9monies dans les quartiers<strong>Le mardi 11 novembre :<\/strong><\/p>\n<ul>\n<li><strong>H\u00e9rakl\u00e9s\u00a0<\/strong>:<strong>\u00a0<\/strong>\u00e0 10 heures, place H\u00e9rakl\u00e8s ;<\/li>\n<li><strong>Sept-Deniers<\/strong> :\u00a0\u00e0 10h30, au 62 de la route de Blagnac ;<\/li>\n<li><strong>Minimes<\/strong> :<strong>\u00a0<\/strong>\u00e0 11 heures, \u00e0 l&rsquo;angle des avenues des Minimes et Fr\u00e9d\u00e9ric Est\u00e8be ;<\/li>\n<li><strong>Saint-Simon <\/strong>:\u00a0\u00e0 11 heures, 10 place de l&rsquo;Eglise ;<\/li>\n<li><strong>Pouvourville<\/strong> :<strong>\u00a0<\/strong>\u00e0 11 heures, \u00e0 l&rsquo;int\u00e9rieur de l&rsquo;\u00e9glise Sainte-Madeleine, 38 rue Fondeville.<\/li>\n<\/ul>\n<p><strong>Le mercredi 12 novembre :<\/strong><\/p>\n<ul>\n<li><strong>Bellefontaine <\/strong>:\u00a0\u00e0 10 heures, parc Clairfont ;<\/li>\n<li><strong>Cartoucherie <\/strong>:<strong>\u00a0<\/strong>\u00e0 10h30, monument aux Morts, rue Thomas Dupuy.<\/li>\n<\/ul>\n<p><strong>Le jeudi 13 novembre :<\/strong><\/p>\n<ul>\n<li><strong>Saint-Cyprien <\/strong>:\u00a0\u00e0 10 heures, square Maurice Pujol, 56-58 all\u00e9es Charles de Fitte ;<\/li>\n<li><strong>Le Busca <\/strong>:<strong> <\/strong>\u00e0 11<strong> <\/strong>heures<strong>\u00a0<\/strong>monument Saint-Exup\u00e8re, all\u00e9e Jules Guesde ;<\/li>\n<li><strong>Saint-Michel\u00a0<\/strong>:\u00a0\u00e0 14h30, plaque m\u00e9morielle dans la cour de l&rsquo;\u00e9cole Pierre Dupont, 101, grande rue Saint-Michel.<\/li>\n<\/ul>\n<p><strong>Le vendredi 14 novembre :<\/strong><\/p>\n<ul>\n<li><strong>Cot\u00e9 Pav\u00e9e <\/strong>:<strong>\u00a0<\/strong>\u00e0 9 heures, devant l&rsquo;\u00e9cole Armand Leygue, 20 rue Lucien Cassagne ;<\/li>\n<li><strong>Bonhoure<\/strong> :<strong>\u00a0<\/strong>\u00e0 10 heures, devant l&rsquo;\u00e9cole Jean Chaubet, 112 avenue Camille Pujol ;<\/li>\n<li><strong>Pont des demoiselles :\u00a0<\/strong>\u00e0 11 heures devant l&rsquo;espace Pont des Demoiselles, 63 bis avenue St Exup\u00e9ry ;<\/li>\n<li><strong>Saint-Aubin<\/strong>\u00a0: \u00e0 14h30 place Saint-Aubin.<\/li>\n<\/ul>\n<p><strong>Le samedi 15 novembre :<\/strong><\/p>\n<ul>\n<li><strong>Lafourguette<\/strong> :<strong>\u00a0<\/strong>\u00e0 10h30, \u00e0 l&rsquo;entr\u00e9e du cimeti\u00e8re derri\u00e8re l&rsquo;\u00e9glise, place du 8\u00a0mai 1945 ;<\/li>\n<li><strong>TOEC\u00a0<\/strong>: \u00e0 10h30, monument aux morts du complexe Geroges Aybran, rue Ernest Dufer.<\/li>\n<\/ul>\n<p><strong>Le lundi 17 novembre\u00a0:<\/strong><\/p>\n<ul>\n<li><strong>Lardenne <\/strong>: \u00e0 9h30, place Jacques Sauvegrain ;<\/li>\n<li><strong>Fontaine Lestang <\/strong>:<strong>\u00a0<\/strong>\u00e0 10h30 devant l&rsquo;\u00e9cole maternelle Billi\u00e8res, 257 rue Henri Desbals ;<\/li>\n<li><strong>Croix-de-Pierre<\/strong>\u00a0: \u00e0 15 heures,\u00a0place Croix de Pierre puis cour int\u00e9rieure de la mairie annexe, 2 rue Lafage ;<\/li>\n<li><strong>Roquelaine<\/strong> : 9h30 place Roquelaine ;<\/li>\n<li><strong>Arnaud-Bernard <\/strong>:<strong>\u00a0<\/strong>\u00e0 10h30, devant l&rsquo;\u00e9cole \u00e9l\u00e9mentaire du Nord, puis dans la cour de l&rsquo;\u00e9cole, 15 boulevard d&rsquo;Arcole.<\/li>\n<\/ul>\n<p><strong>Le mercredi 19\u00a0novembre :<\/strong><\/p>\n<ul>\n<li><strong>Trois-Cocus\u00a0<\/strong>:\u00a0\u00e0 10 heures place des Trois-Cocus.<\/li>\n<\/ul>\n<p>&gt;&gt; \u00c0 LIRE AUSSI : <a href=\"https:\/\/lopinion.com\/articles\/actualite\/31065_emmanuel-macron-toulouse-12-novembre-defense-numerique-contestation-agricole\" rel=\"noopener noreferrer nofollow\" target=\"_blank\">Emmanuel Macron \u00e0 Toulouse le 12 novembre : d\u00e9fense, num\u00e9rique&#8230; et contestation agricole<\/a><\/p>\n","protected":false},"excerpt":{"rendered":"Chaque ann\u00e9e, Toulouse rend hommage aux combattants de la Premi\u00e8re Guerre mondiale \u00e0 l\u2019occasion de l\u2019Armistice du 11&hellip;\n","protected":false},"author":2,"featured_media":525682,"comment_status":"","ping_status":"","sticky":false,"template":"","format":"standard","meta":{"footnotes":""},"categories":[2816],"tags":[1111,11,1777,674,1011,27,12,2680,25,2312],"class_list":{"0":"post-525681","1":"post","2":"type-post","3":"status-publish","4":"format-standard","5":"has-post-thumbnail","7":"category-toulouse","8":"tag-actu","9":"tag-actualites","10":"tag-eu","11":"tag-europe","12":"tag-fr","13":"tag-france","14":"tag-news","15":"tag-occitanie","16":"tag-republique-francaise","17":"tag-toulouse"},"share_on_mastodon":{"url":"https:\/\/pubeurope.com\/@fr\/115527364637468396","error":""},"_links":{"self":[{"href":"https:\/\/www.europesays.com\/fr\/wp-json\/wp\/v2\/posts\/525681","targetHints":{"allow":["GET"]}}],"collection":[{"href":"https:\/\/www.europesays.com\/fr\/wp-json\/wp\/v2\/posts"}],"about":[{"href":"https:\/\/www.europesays.com\/fr\/wp-json\/wp\/v2\/types\/post"}],"author":[{"embeddable":true,"href":"https:\/\/www.europesays.com\/fr\/wp-json\/wp\/v2\/users\/2"}],"replies":[{"embeddable":true,"href":"https:\/\/www.europesays.com\/fr\/wp-json\/wp\/v2\/comments?post=525681"}],"version-history":[{"count":0,"href":"https:\/\/www.europesays.com\/fr\/wp-json\/wp\/v2\/posts\/525681\/revisions"}],"wp:featuredmedia":[{"embeddable":true,"href":"https:\/\/www.europesays.com\/fr\/wp-json\/wp\/v2\/media\/525682"}],"wp:attachment":[{"href":"https:\/\/www.europesays.com\/fr\/wp-json\/wp\/v2\/media?parent=525681"}],"wp:term":[{"taxonomy":"category","embeddable":true,"href":"https:\/\/www.europesays.com\/fr\/wp-json\/wp\/v2\/categories?post=525681"},{"taxonomy":"post_tag","embeddable":true,"href":"https:\/\/www.europesays.com\/fr\/wp-json\/wp\/v2\/tags?post=525681"}],"curies":[{"name":"wp","href":"https:\/\/api.w.org\/{rel}","templated":true}]}}