{"id":525685,"date":"2025-11-10T20:48:18","date_gmt":"2025-11-10T20:48:18","guid":{"rendered":"https:\/\/www.europesays.com\/fr\/525685\/"},"modified":"2025-11-10T20:48:18","modified_gmt":"2025-11-10T20:48:18","slug":"le-losc-condamne-les-actes-et-propos-racistes-de-plusieurs-de-ses-supporteurs-liberation","status":"publish","type":"post","link":"https:\/\/www.europesays.com\/fr\/525685\/","title":{"rendered":"le LOSC condamne les actes et propos racistes de plusieurs de ses supporteurs \u2013 Lib\u00e9ration"},"content":{"rendered":"<p class=\"sc-cPiKLX AiZTS text-element\">Des comportements \u00abinacceptables\u00bb et \u00abtotalement contraires aux valeurs que le club d\u00e9fend et promeut avec constance\u00bb. Dans un communiqu\u00e9 publi\u00e9 ce lundi 10 novembre, le Lille olympique sporting club (LOSC) a d\u00e9nonc\u00e9 \u00abavec la plus grande fermet\u00e9\u00bb des actes et propos racistes de ses supporteurs lors de deux d\u00e9placements r\u00e9cents, l\u2019un \u00e0 Strasbourg pour un match de Ligue 1, l\u2019autre \u00e0 Belgrade dans le cadre de la Ligue Europa.<\/p>\n<p class=\"sc-cPiKLX AiZTS text-element\">Les images des deux incidents <a href=\"https:\/\/rmcsport.bfmtv.com\/football\/clubs\/losc-lille\/bougnoule-et-salut-de-kuhnen-en-parcage-lille-denonce-les-comportements-racistes-et-haineux-de-ses-supporters-a-belgrade-et-strasbourg_AV-202511100785.html\" target=\"_blank\" rel=\"noreferrer noopener\" title=\"https:\/\/rmcsport.bfmtv.com\/football\/clubs\/losc-lille\/bougnoule-et-salut-de-kuhnen-en-parcage-lille-denonce-les-comportements-racistes-et-haineux-de-ses-supporters-a-belgrade-et-strasbourg_AV-202511100785.html\">ont circul\u00e9 sur les r\u00e9seaux sociaux ces derniers jours.<\/a> Dans une vid\u00e9o tourn\u00e9e apr\u00e8s la d\u00e9faite de Lille contre le club alsacien dimanche soir, on entend notamment un fan lillois traiter des supporteurs strasbourgeois de \u00absales bougnoules\u00bb. C\u00f4t\u00e9 Belgrade, o\u00f9 les Lillois ont \u00e9galement perdu leur match jeudi dernier, une photo montre un supporteur effectuant <a href=\"https:\/\/www.liberation.fr\/politique\/elections\/salut-neonazi-et-drapeau-marocain-pietine-la-soiree-foot-de-militants-de-reconquete-20221216_3NR3GXVKOBFTJPZUINW5TPEC6M\/\" target=\"_blank\" rel=\"noreferrer noopener\" title=\"https:\/\/www.liberation.fr\/politique\/elections\/salut-neonazi-et-drapeau-marocain-pietine-la-soiree-foot-de-militants-de-reconquete-20221216_3NR3GXVKOBFTJPZUINW5TPEC6M\/\">un salut de K\u00fchnen,<\/a> un signe \u00e0 trois doigts d\u2019origine serbe utilis\u00e9s par des n\u00e9o-nazis pour contourner l\u2019interdiction du salut hitl\u00e9rien.<\/p>\n<p class=\"sc-cPiKLX AiZTS text-element\">\u00abMalgr\u00e9 les nombreuses initiatives de sensibilisation et de pr\u00e9vention mises en \u0153uvre par le LOSC pour lutter contre toutes formes de discrimination, certains individus choisissent d\u00e9lib\u00e9r\u00e9ment de profiter des d\u00e9placements pour d\u00e9tourner le cadre du football afin d\u2019y exprimer leur haine, s\u2019est \u00e9mu le club du Nord dans son communiqu\u00e9. Ces personnes ne seront jamais les bienvenues au sein de la communaut\u00e9 du LOSC et ne sauraient en aucun cas \u00eatre consid\u00e9r\u00e9es comme des supporteurs, tant leurs actes sont en contradiction avec l\u2019\u00e9thique et les principes fondamentaux du club et de sa communaut\u00e9.\u00bb<\/p>\n<p class=\"sc-cPiKLX AiZTS text-element\">Le club a en outre salu\u00e9 le fait que \u00abla plupart de ces comportements\u00bb aient \u00e9t\u00e9 \u00abspontan\u00e9ment d\u00e9nonc\u00e9s par les [v\u00e9ritables] supporters du LOSC eux-m\u00eames, via la plateforme de signalement mise en place par le club depuis 2023, ainsi que sur les r\u00e9seaux sociaux\u00bb. Par le pass\u00e9, en janvier 2024, le club avait d\u00e9j\u00e0 d\u00fb faire face aux commentaires racistes venus des tribunes en vers des joueurs ou supporters noirs ou arabes. \u00abVous n\u2019\u00eates bons qu\u2019\u00e0 ramasser du coton\u00bb, avait notamment rapport\u00e9 un supporter pr\u00e9sent sur place <a href=\"https:\/\/www.lavoixdunord.fr\/1421743\/article\/2024-01-22\/vous-n-etes-bons-qu-ramasser-du-coton-des-supporters-du-losc-en-accusent-d\" target=\"_blank\" rel=\"noreferrer noopener\" title=\"https:\/\/www.lavoixdunord.fr\/1421743\/article\/2024-01-22\/vous-n-etes-bons-qu-ramasser-du-coton-des-supporters-du-losc-en-accusent-d\">aupr\u00e8s de la Voix du Nord.<\/a> Le club avait annonc\u00e9 son intention de porter plainte.<\/p>\n<p class=\"sc-cPiKLX AiZTS text-element\">Le LOSC a renouvel\u00e9 sa promesse d\u2019engager des poursuites judiciaires. Selon le club, une proc\u00e9dure d\u2019identification est en cours en vue du d\u00e9p\u00f4t de plusieurs plaintes.\u202fEn attendant, les supporteurs concern\u00e9s, qui \u00abjettent un discr\u00e9dit injustifi\u00e9 sur l\u2019ensemble des passionn\u00e9s soutenant le club avec respect et dignit\u00e9\u00bb et \u00abn\u2019ont aucune place dans le football\u00bb, devraient se voir rapidement interdits de stade, a promis la direction du club.<\/p>\n","protected":false},"excerpt":{"rendered":"Des comportements \u00abinacceptables\u00bb et \u00abtotalement contraires aux valeurs que le club d\u00e9fend et promeut avec constance\u00bb. Dans un&hellip;\n","protected":false},"author":2,"featured_media":525686,"comment_status":"","ping_status":"","sticky":false,"template":"","format":"standard","meta":{"footnotes":""},"categories":[2815],"tags":[1111,11,1777,674,1011,27,811,1307,12,10162,25,640],"class_list":{"0":"post-525685","1":"post","2":"type-post","3":"status-publish","4":"format-standard","5":"has-post-thumbnail","7":"category-lille","8":"tag-actu","9":"tag-actualites","10":"tag-eu","11":"tag-europe","12":"tag-fr","13":"tag-france","14":"tag-hauts-de-france","15":"tag-lille","16":"tag-news","17":"tag-racisme","18":"tag-republique-francaise","19":"tag-strasbourg"},"share_on_mastodon":{"url":"https:\/\/pubeurope.com\/@fr\/115527372364223940","error":""},"_links":{"self":[{"href":"https:\/\/www.europesays.com\/fr\/wp-json\/wp\/v2\/posts\/525685","targetHints":{"allow":["GET"]}}],"collection":[{"href":"https:\/\/www.europesays.com\/fr\/wp-json\/wp\/v2\/posts"}],"about":[{"href":"https:\/\/www.europesays.com\/fr\/wp-json\/wp\/v2\/types\/post"}],"author":[{"embeddable":true,"href":"https:\/\/www.europesays.com\/fr\/wp-json\/wp\/v2\/users\/2"}],"replies":[{"embeddable":true,"href":"https:\/\/www.europesays.com\/fr\/wp-json\/wp\/v2\/comments?post=525685"}],"version-history":[{"count":0,"href":"https:\/\/www.europesays.com\/fr\/wp-json\/wp\/v2\/posts\/525685\/revisions"}],"wp:featuredmedia":[{"embeddable":true,"href":"https:\/\/www.europesays.com\/fr\/wp-json\/wp\/v2\/media\/525686"}],"wp:attachment":[{"href":"https:\/\/www.europesays.com\/fr\/wp-json\/wp\/v2\/media?parent=525685"}],"wp:term":[{"taxonomy":"category","embeddable":true,"href":"https:\/\/www.europesays.com\/fr\/wp-json\/wp\/v2\/categories?post=525685"},{"taxonomy":"post_tag","embeddable":true,"href":"https:\/\/www.europesays.com\/fr\/wp-json\/wp\/v2\/tags?post=525685"}],"curies":[{"name":"wp","href":"https:\/\/api.w.org\/{rel}","templated":true}]}}