{"id":525687,"date":"2025-11-10T20:49:18","date_gmt":"2025-11-10T20:49:18","guid":{"rendered":"https:\/\/www.europesays.com\/fr\/525687\/"},"modified":"2025-11-10T20:49:18","modified_gmt":"2025-11-10T20:49:18","slug":"connecter-les-medecins-pour-soigner-mieux-lambition-demilie-mercadal-a-la-tete-de-la-plateforme-marseillaise-rofim","status":"publish","type":"post","link":"https:\/\/www.europesays.com\/fr\/525687\/","title":{"rendered":"Connecter les m\u00e9decins pour soigner mieux : l&rsquo;ambition d&rsquo;Emilie Mercadal, \u00e0 la t\u00eate de la plateforme marseillaise Rofim"},"content":{"rendered":"<p>Elle parle vite, a un rire communicatif et n&rsquo;a pas peur de se raconter. Derri\u00e8re son accent du Sud et son \u00e9nergie in\u00e9puisable, \u00c9milie Mercadal cache une d\u00e9termination de roc. \u00c0 40 ans, la cofondatrice et directrice g\u00e9n\u00e9rale de Rofim, la plateforme marseillaise de t\u00e9l\u00e9m\u00e9decine collaborative, a d\u00e9j\u00e0 v\u00e9cu plusieurs vies : celle de la fille d&rsquo;artisans du Var, celle de la cadre financi\u00e8re internationale, et celle, aujourd&rsquo;hui, de la dirigeante engag\u00e9e au service de l&rsquo;acc\u00e8s aux soins pour tous.\u00a0<\/p>\n<p>Une fille du Sud\u00a0<\/p>\n<p>N\u00e9e \u00e0 Brignoles, dans le Var, \u00c9milie Mercadal porte en elle la chaleur d&rsquo;une famille \u00ab\u00a0m\u00e9diterran\u00e9enne \u00e0 l&rsquo;\u00e9tat pur\u00a0\u00bb : m\u00e8re napolitaine issue d&rsquo;une fratrie de dix et p\u00e8re pied-noir, sans oublier ses oncles boulangers-p\u00e2tissiers. \u00ab\u00a0Tous les dimanches soirs, parce que le lundi les boutiques \u00e9taient ferm\u00e9es, on se retrouvait en famille. On arrivait \u00e0 l&rsquo;\u00e9cole fatigu\u00e9s, mais heureux\u00a0\u00bb, raconte-t-elle.\u00a0 De beaux souvenirs et de sacr\u00e9es tabl\u00e9es.<\/p>\n<p>Globe-trotteuse dans l&rsquo;\u00e2me<\/p>\n<p>\u00c0 17 ans, elle part un an aux \u00c9tats-Unis, pr\u00e8s de Dallas, via le <a href=\"https:\/\/www.laprovence.com\/article\/region\/3869870472794114\/une-delegation-italienne-invitee-a-lafpa-distres-dans-le-cadre-du-programme-erasmus\" target=\"_blank\" rel=\"noopener\">Programme International d&rsquo;\u00c9change<\/a> (PIE) d&rsquo;Aix-en-Provence. Une exp\u00e9rience fondatrice : \u00ab\u00a0Ma famille d&rsquo;accueil est devenue la mienne. Je les appelle encore maman et papa.\u00a0\u00bb De retour, pr\u00e9pa Stanislas, \u00e9cole de commerce \u00e0 Reims,\u00a0 puis apprentissage \u00e0 Bpifrance \u00e0 Marseille, pr\u00e8s du stade Vel&rsquo; : \u00ab\u00a0C&rsquo;\u00e9tait pendant le plan de relance 2008-2009 ; on a v\u00e9cu l&rsquo;urgence du service public et le soutien aux PME.\u00a0\u00bb\u00a0Ses premiers postes m\u00ealent curiosit\u00e9 et d\u00e9brouille : stage \u00e0 France 3 M\u00e9diterran\u00e9e, jobs d&rsquo;\u00e9t\u00e9 \u00e0 vendre tracteurs et machines \u00e0 vendanger puis mutation \u00e0 Paris, \u00e0 la direction r\u00e9gionale \u00cele-de-France de la BPI.<\/p>\n<p><img alt=\"Ici, au stade V\u00e9lodrome avec son papa. Passionn\u00e9e de foot, elle est sur les gradins, d\u00e8s que son emploi du temps le lui permet.\" loading=\"lazy\" decoding=\"async\" data-nimg=\"fill\" class=\" TwicCore_img__i9TC1 undefined  undefined\" style=\"position:absolute;height:100%;width:100%;left:0;top:0;right:0;bottom:0;color:transparent;background-size:cover;background-position:50% 50%;background-repeat:no-repeat;background-image:url(&quot;data:image\/svg+xml;charset=utf-8,%3Csvg xmlns='http:\/\/www.w3.org\/2000\/svg' %3E%3Cfilter id='b' color-interpolation-filters='sRGB'%3E%3CfeGaussianBlur stdDeviation='20'\/%3E%3CfeColorMatrix values='1 0 0 0 0 0 1 0 0 0 0 0 1 0 0 0 0 0 100 -1' result='s'\/%3E%3CfeFlood x='0' y='0' width='100%25' height='100%25'\/%3E%3CfeComposite operator='out' in='s'\/%3E%3CfeComposite in2='SourceGraphic'\/%3E%3CfeGaussianBlur stdDeviation='20'\/%3E%3C\/filter%3E%3Cimage width='100%25' height='100%25' x='0' y='0' preserveAspectRatio='none' style='filter: url(%23b);' href='https:\/\/pictures.laprovence.com\/cdn-cgi\/image\/blur=250\/media\/melody\/2025\/11\/10\/ici-au-stade-velodrome-avec-son-papa-passionnee-de-foot-elle-est-sur-les-gradins-des-que-son-emploi-1762796666_1f4f1e4bd4096135f1e4bd409f65f1v_.jpg'\/%3E%3C\/svg%3E&quot;)\"   src=\"https:\/\/www.europesays.com\/fr\/wp-content\/uploads\/2025\/11\/ici-au-stade-velodrome-avec-son-papa-passionnee-de-foot-elle-est-sur-les-gradins-des-que-son-emploi-.jpeg\"\/>Ici, au stade V\u00e9lodrome avec son papa. Passionn\u00e9e de foot, elle est sur les gradins, d\u00e8s que son emploi du temps le lui permet. \/ PHOTO DRDix ans au coeur des vaccins<\/p>\n<p>L&rsquo;envie de l&rsquo;international la pousse ensuite vers GSK en Belgique : dix ans au c\u0153ur des vaccins, de la priorisation des pipelines (dengue, Ebola) au rachat du p\u00f4le vaccins Novartis. \u00ab\u00a0J&rsquo;allais chercher des donn\u00e9es scientifiques et financi\u00e8res pour dire : on acc\u00e9l\u00e8re ce vaccin, on stoppe celui-l\u00e0.\u00a0\u00bb Elle pilote des transferts, cr\u00e9e des hubs au Maroc, en Pologne et en Inde et accompagne les \u00e9quipes lors des r\u00e9organisations.<\/p>\n<p>Son engagement humanitaire est constant : b\u00e9n\u00e9vole Unicef, collecte annuelle de 40 \u00e0 80 000 euros pour des programmes sant\u00e9 des femmes et de la petite enfance, formation d&rsquo;organismes de micro-cr\u00e9dit en Afrique, action dans la scl\u00e9rose en plaques&#8230; \u00ab\u00a0Le fil rouge de ma vie, c&rsquo;est la sant\u00e9 et l&rsquo;acc\u00e8s aux soins\u00a0\u00bb, dit-elle.<\/p>\n<p>Naissance de Rofim<\/p>\n<p>En 2017, l&rsquo;appel du chirurgien David Bensoussan change tout : \u00ab\u00a0Il m&rsquo;a dit : &lsquo;Je veux cr\u00e9er un h\u00f4pital num\u00e9rique. Rejoins-moi et deviens sa patronne.'\u00a0\u00bb Le projet na\u00eet \u00ab\u00a0dans le jardin de Johan Guedj, patron de Klanik\u00a0\u00bb qui les accueille dans ses locaux. Port\u00e9 par trois tours de love money (2019-2021) aupr\u00e8s d&rsquo;amis m\u00e9decins et d&rsquo;entrepreneurs r\u00e9gionaux, dont Laurent Cohen, pr\u00e9sident de Corania et et un pr\u00eat de 50 000 euros de la Cepac, Rofim grandit pas \u00e0 pas.\u00a0 \u00a0Le premier client majeur est l&rsquo;h\u00f4pital Saint-Joseph \u00e0 Marseille : \u00ab\u00a0Le Covid nous a propuls\u00e9s : la t\u00e9l\u00e9-expertise, jusqu&rsquo;alors peu connue, est devenue vitale.\u00a0\u00bb<\/p>\n<p>Faire gagner du temps dans le diagnostic<\/p>\n<p>Rofim est aujourd&rsquo;hui une plateforme modulable &#8212; six modules &#8212; qui met en relation m\u00e9decins et patients dans douze pays et revendique le leadership en Outre-mer (Guyane, Guadeloupe, Martinique, R\u00e9union et bient\u00f4t Polyn\u00e9sie). \u00ab\u00a0Il faut parfois 36 mois pour diagnostiquer une maladie rare. En 36 mois, on perd un emploi, de l&rsquo;autonomie. Notre ambition <a href=\"https:\/\/www.laprovence.com\/article\/sante\/1026223236912714\/medecins-deployes-dans-les-deserts-medicaux-5-intercommunalites-de-la-region-paca-concernees\" target=\"_blank\" rel=\"noopener\">: abolir les fronti\u00e8res de l&rsquo;expertise.<\/a> Si l&rsquo;expert de cette thyro\u00efde est au Canada, qu&rsquo;on puisse l&rsquo;avoir.\u00a0\u00bb\u00a0Rofim compte 42 collaborateurs et vise 50 d&rsquo;ici fin d&rsquo;ann\u00e9e ; l&rsquo;\u00e9quipe vient de d\u00e9m\u00e9nager au 26 rue Grignan, au c\u0153ur de Marseille, pour rester accessible et ancr\u00e9e dans la vie urbaine.<\/p>\n<p>Tourbillon de la vie\u00a0<\/p>\n<p>Quand elle ne court pas entre deux avions, on la retrouve au cin\u00e9ma, \u00ab\u00a0le seul endroit o\u00f9 je d\u00e9connecte\u00a0\u00bb ou au<strong> <\/strong>stade V\u00e9lodrome, son autre temple. \u00ab\u00a0Le foot, c&rsquo;est l&rsquo;endroit o\u00f9 tout le monde se retrouve. \u00c0 Marseille, le c\u0153ur de la ville bat l\u00e0.\u00a0\u00bb Elle a aussi \u00e9tudi\u00e9 au Cours Florent et \u00e0 l&rsquo;Actor&rsquo;s Studio \u00e0 Bruxelles: \u00ab\u00a0La sc\u00e8ne, \u00e7a m&rsquo;aide \u00e0 l\u00e2cher prise.\u00a0\u00bb<\/p>\n<p><img alt=\"Chaque semaine, la r\u00e9daction de &quot;La Provence&quot; demande \u00e0 la personne interrog\u00e9e deux photos souvenir. Ici, Emilie Mercadal en action lors d'une r\u00e9pr\u00e9sentation th\u00e9\u00e2trale.\" loading=\"lazy\" decoding=\"async\" data-nimg=\"fill\" class=\" TwicCore_img__i9TC1 undefined  undefined\" style=\"position:absolute;height:100%;width:100%;left:0;top:0;right:0;bottom:0;color:transparent;background-size:cover;background-position:50% 50%;background-repeat:no-repeat;background-image:url(&quot;data:image\/svg+xml;charset=utf-8,%3Csvg xmlns='http:\/\/www.w3.org\/2000\/svg' %3E%3Cfilter id='b' color-interpolation-filters='sRGB'%3E%3CfeGaussianBlur stdDeviation='20'\/%3E%3CfeColorMatrix values='1 0 0 0 0 0 1 0 0 0 0 0 1 0 0 0 0 0 100 -1' result='s'\/%3E%3CfeFlood x='0' y='0' width='100%25' height='100%25'\/%3E%3CfeComposite operator='out' in='s'\/%3E%3CfeComposite in2='SourceGraphic'\/%3E%3CfeGaussianBlur stdDeviation='20'\/%3E%3C\/filter%3E%3Cimage width='100%25' height='100%25' x='0' y='0' preserveAspectRatio='none' style='filter: url(%23b);' href='https:\/\/pictures.laprovence.com\/cdn-cgi\/image\/blur=250\/media\/melody\/2025\/11\/10\/chaque-semaine-la-redaction-de-la-provence-demande-a-la-personne-interrogee-deux-photos-souvenir-ici-1762796667_e40d3091a3096290d3091a3090d0d3v_.jpg'\/%3E%3C\/svg%3E&quot;)\"   src=\"https:\/\/www.europesays.com\/fr\/wp-content\/uploads\/2025\/11\/chaque-semaine-la-redaction-de-la-provence-demande-a-la-personne-interrogee-deux-photos-souvenir-ici.jpeg\"\/>Chaque semaine, la r\u00e9daction de \u00ab\u00a0La Provence\u00a0\u00bb demande \u00e0 la personne interrog\u00e9e deux photos souvenir. Ici, Emilie Mercadal en action lors d&rsquo;une r\u00e9pr\u00e9sentation th\u00e9\u00e2trale. \/ PHOTO DR<\/p>\n<p>Au-del\u00e0 de la dirigeante, \u00c9milie se d\u00e9crit comme une donneuse de temps : 100 000 entrepreneurs, R\u00e9seau Entreprendre, <a href=\"https:\/\/www.laprovence.com\/article\/economie\/449093095753214\/la-french-tech-aix-marseille-renouvelle-sa-gouvernance\" target=\"_blank\" rel=\"noopener\">French Tech<\/a>, French Care, Conseil du commerce ext\u00e9rieur, organisation d&rsquo;un concours d&rsquo;\u00e9loquence local&#8230; Autant d&rsquo;engagements qui jalonnent ses soir\u00e9es.\u00a0Hyperactive, elle dort\u00a0 \u00ab\u00a0quatre heures par nuit\u00a0\u00bb : \u00ab\u00a0Je ne me pose jamais, mais c&rsquo;est ma mani\u00e8re d&rsquo;\u00eatre vivante.\u00a0\u00bb\u00a0<\/p>\n<p>Derri\u00e8re le tourbillon, il y a une conviction profonde : que la technologie, bien utilis\u00e9e, peut rendre la sant\u00e9 plus humaine. \u00ab\u00a0Je crois \u00e0 l&rsquo;extra mile. Je ne fais pas ce que je peux, je fais le maximum. \u00a0\u00bb Chez \u00c9milie Mercadal, la passion du soin s&rsquo;exprime autrement, en connectant les m\u00e9decins entre eux, pour mieux soigner les autres. C&rsquo;est son credo.\u00a0<\/p>\n<p><strong>\u00a0\u00bb Je ne fais pas ce que je peux, je fais le maximum. C&rsquo;est \u00e7a, l&rsquo;extra mile. \u00ab\u00a0<\/strong><\/p>\n","protected":false},"excerpt":{"rendered":"Elle parle vite, a un rire communicatif et n&rsquo;a pas peur de se raconter. Derri\u00e8re son accent du&hellip;\n","protected":false},"author":2,"featured_media":525688,"comment_status":"","ping_status":"","sticky":false,"template":"","format":"standard","meta":{"footnotes":""},"categories":[2814],"tags":[17,1111,11,64532,33,1777,674,1011,27,64533,151,884,2673,32557,12,471,882,25,8062],"class_list":{"0":"post-525687","1":"post","2":"type-post","3":"status-publish","4":"format-standard","5":"has-post-thumbnail","7":"category-marseille","8":"tag-17","9":"tag-actu","10":"tag-actualites","11":"tag-connecter","12":"tag-economie","13":"tag-eu","14":"tag-europe","15":"tag-fr","16":"tag-france","17":"tag-lambition","18":"tag-les","19":"tag-marseille","20":"tag-medecins","21":"tag-mieux","22":"tag-news","23":"tag-pour","24":"tag-provence-alpes-cote-dazur","25":"tag-republique-francaise","26":"tag-soigner"},"share_on_mastodon":{"url":"https:\/\/pubeurope.com\/@fr\/115527377009604398","error":""},"_links":{"self":[{"href":"https:\/\/www.europesays.com\/fr\/wp-json\/wp\/v2\/posts\/525687","targetHints":{"allow":["GET"]}}],"collection":[{"href":"https:\/\/www.europesays.com\/fr\/wp-json\/wp\/v2\/posts"}],"about":[{"href":"https:\/\/www.europesays.com\/fr\/wp-json\/wp\/v2\/types\/post"}],"author":[{"embeddable":true,"href":"https:\/\/www.europesays.com\/fr\/wp-json\/wp\/v2\/users\/2"}],"replies":[{"embeddable":true,"href":"https:\/\/www.europesays.com\/fr\/wp-json\/wp\/v2\/comments?post=525687"}],"version-history":[{"count":0,"href":"https:\/\/www.europesays.com\/fr\/wp-json\/wp\/v2\/posts\/525687\/revisions"}],"wp:featuredmedia":[{"embeddable":true,"href":"https:\/\/www.europesays.com\/fr\/wp-json\/wp\/v2\/media\/525688"}],"wp:attachment":[{"href":"https:\/\/www.europesays.com\/fr\/wp-json\/wp\/v2\/media?parent=525687"}],"wp:term":[{"taxonomy":"category","embeddable":true,"href":"https:\/\/www.europesays.com\/fr\/wp-json\/wp\/v2\/categories?post=525687"},{"taxonomy":"post_tag","embeddable":true,"href":"https:\/\/www.europesays.com\/fr\/wp-json\/wp\/v2\/tags?post=525687"}],"curies":[{"name":"wp","href":"https:\/\/api.w.org\/{rel}","templated":true}]}}