{"id":525689,"date":"2025-11-10T20:50:32","date_gmt":"2025-11-10T20:50:32","guid":{"rendered":"https:\/\/www.europesays.com\/fr\/525689\/"},"modified":"2025-11-10T20:50:32","modified_gmt":"2025-11-10T20:50:32","slug":"lauteur-du-coup-de-couteau-poursuivi-pour-meurtre-aggrave","status":"publish","type":"post","link":"https:\/\/www.europesays.com\/fr\/525689\/","title":{"rendered":"l&rsquo;auteur du coup de couteau poursuivi pour meurtre aggrav\u00e9"},"content":{"rendered":"<p>L\u2019homme suspect\u00e9 d\u2019avoir port\u00e9 un coup de couteau mortel \u00e0 l\u2019agent de s\u00e9curit\u00e9 du <a href=\"https:\/\/www.laprovence.com\/article\/faits-divers-justice\/4005828749256414\/agent-de-securite-poignarde-devant-un-pub-a-marseille-comment-la-soiree-a-derape\" target=\"_blank\" rel=\"noopener\">Little Temple<\/a>, dans le quartier de l\u2019Op\u00e9ra \u00e0 Marseille, dans la nuit du samedi\u00a08 au dimanche novembre dernier, a \u00e9t\u00e9 \u00ab\u00a0d\u00e9f\u00e9r\u00e9 ce jour en vue de l\u2019ouverture d\u2019une information judiciaire des chefs de meurtre aggrav\u00e9 par un \u00e9tat d\u2019ivresse manifeste et de violences aggrav\u00e9es par l\u2019utilisation d\u2019une arme et par un \u00e9tat d\u2019ivresse manifeste\u00a0\u00bb a indiqu\u00e9 ce lundi le <a href=\"https:\/\/www.laprovence.com\/article\/faits-divers-justice\/1045048667141414\/avoir-des-gens-qui-nous-trahissent-ca-nous-fragilise-le-parquet-de-marseille-lance-une-cellule-anticorruption\" target=\"_blank\" rel=\"noopener\">parquet de Marseille<\/a> qui a en outre requis le placement de cet homme de 43\u00a0ans en d\u00e9tention provisoire.<\/p>\n<p>Vengeur apr\u00e8s s&rsquo;\u00eatre fait \u00e9conduire<\/p>\n<p>Dimanche dernier, entre 1 heure et 1h30 du matin, ce quadrag\u00e9naire, manifestement alcoolis\u00e9, avait port\u00e9 un coup de couteau \u00e0 l\u2019agent de s\u00e9curit\u00e9 qui venait de l\u2019\u00e9conduire apr\u00e8s qu\u2019il avait importun\u00e9 des clients.<\/p>\n<p>\u00c2g\u00e9e de 48\u00a0ans, la victime, agent de s\u00e9curit\u00e9 depuis de nombreuses ann\u00e9es dans les bars de la <a href=\"https:\/\/www.laprovence.com\/article\/region\/33839667153183\/la-table-lottie-une-cuisine-de-caractere-eloignee-de-toute-recitation-a-marseille\" target=\"_blank\" rel=\"noopener\">rue Paix Marcel Paul<\/a>, avait succomb\u00e9 \u00e0 ses blessures tandis que des clients et des personnels des \u00e9tablissements voisins s\u2019\u00e9taient ru\u00e9s sur l\u2019auteur pr\u00e9sum\u00e9, avant que celui-ci ne soit interpell\u00e9 par la police.<\/p>\n","protected":false},"excerpt":{"rendered":"L\u2019homme suspect\u00e9 d\u2019avoir port\u00e9 un coup de couteau mortel \u00e0 l\u2019agent de s\u00e9curit\u00e9 du Little Temple, dans le&hellip;\n","protected":false},"author":2,"featured_media":525690,"comment_status":"","ping_status":"","sticky":false,"template":"","format":"standard","meta":{"footnotes":""},"categories":[2814],"tags":[17,1111,11,11240,2837,1777,674,274,1011,27,16250,884,18,12,882,25,656,38440],"class_list":{"0":"post-525689","1":"post","2":"type-post","3":"status-publish","4":"format-standard","5":"has-post-thumbnail","7":"category-marseille","8":"tag-17","9":"tag-actu","10":"tag-actualites","11":"tag-agent","12":"tag-dun","13":"tag-eu","14":"tag-europe","15":"tag-faits-divers-justice","16":"tag-fr","17":"tag-france","18":"tag-little","19":"tag-marseille","20":"tag-mort","21":"tag-news","22":"tag-provence-alpes-cote-dazur","23":"tag-republique-francaise","24":"tag-securite","25":"tag-temple"},"share_on_mastodon":{"url":"https:\/\/pubeurope.com\/@fr\/115527380170672266","error":""},"_links":{"self":[{"href":"https:\/\/www.europesays.com\/fr\/wp-json\/wp\/v2\/posts\/525689","targetHints":{"allow":["GET"]}}],"collection":[{"href":"https:\/\/www.europesays.com\/fr\/wp-json\/wp\/v2\/posts"}],"about":[{"href":"https:\/\/www.europesays.com\/fr\/wp-json\/wp\/v2\/types\/post"}],"author":[{"embeddable":true,"href":"https:\/\/www.europesays.com\/fr\/wp-json\/wp\/v2\/users\/2"}],"replies":[{"embeddable":true,"href":"https:\/\/www.europesays.com\/fr\/wp-json\/wp\/v2\/comments?post=525689"}],"version-history":[{"count":0,"href":"https:\/\/www.europesays.com\/fr\/wp-json\/wp\/v2\/posts\/525689\/revisions"}],"wp:featuredmedia":[{"embeddable":true,"href":"https:\/\/www.europesays.com\/fr\/wp-json\/wp\/v2\/media\/525690"}],"wp:attachment":[{"href":"https:\/\/www.europesays.com\/fr\/wp-json\/wp\/v2\/media?parent=525689"}],"wp:term":[{"taxonomy":"category","embeddable":true,"href":"https:\/\/www.europesays.com\/fr\/wp-json\/wp\/v2\/categories?post=525689"},{"taxonomy":"post_tag","embeddable":true,"href":"https:\/\/www.europesays.com\/fr\/wp-json\/wp\/v2\/tags?post=525689"}],"curies":[{"name":"wp","href":"https:\/\/api.w.org\/{rel}","templated":true}]}}